{"id":441958,"date":"2025-10-06T02:38:20","date_gmt":"2025-10-06T02:38:20","guid":{"rendered":"https:\/\/www.europesays.com\/fr\/441958\/"},"modified":"2025-10-06T02:38:20","modified_gmt":"2025-10-06T02:38:20","slug":"trump-annonce-les-premiers-licenciements-de-fonctionnaires","status":"publish","type":"post","link":"https:\/\/www.europesays.com\/fr\/441958\/","title":{"rendered":"Trump annonce les premiers licenciements de fonctionnaires"},"content":{"rendered":"<p>Le \u00abshutdown\u00bb, qui entre ce lundi dans sa deuxi\u00e8me semaine, ne montre encore aucun signe d\u2019apaisement et Donald Trump a de nouveau bl\u00e2m\u00e9 les d\u00e9mocrates dimanche.<\/p>\n<p class=\"fig-paragraph\">Les cons\u00e9quences de la\u00a0<a href=\"http:\/\/www.lefigaro.fr\/voyages\/pourquoi-le-shutdown-est-une-menace-pour-les-parcs-nationaux-americains-et-leurs-visiteurs-20251003\" data-fig-type=\"NewsFlash\" data-gtm-custom-categorie=\"navigation\" data-gtm-custom-action=\"crossclick\" data-gtm-custom-label=\"Contextuel\" data-gtm-event=\"customEventSPE\" data-fig-domain=\"LEFIGARO\" rel=\"nofollow noopener\" target=\"_blank\">paralysie budg\u00e9taire aux \u00c9tats-Unis<\/a>\u00a0vont \u00eatre de plus en plus n\u00e9fastes, ont averti dimanche les dirigeants r\u00e9publicains, suivis par le pr\u00e9sident Trump qui a annonc\u00e9 dans la soir\u00e9e la mise en \u0153uvre de premiers licenciements. La menace de licenciements massifs dans les services f\u00e9d\u00e9raux est brandie par le pr\u00e9sident am\u00e9ricain depuis le d\u00e9but, mercredi, de ce blocage budg\u00e9taire dont la majorit\u00e9 r\u00e9publicaine et l&rsquo;opposition d\u00e9mocrate se renvoient la faute.<\/p>\n<p class=\"fig-paragraph\">Ce \u00abshutdown\u00bb, qui entrera lundi dans sa deuxi\u00e8me semaine, ne montre encore aucun signe d&rsquo;apaisement et Donald Trump a de nouveau bl\u00e2m\u00e9 les d\u00e9mocrates dimanche. Des licenciements d\u00e9finitifs, et non plus seulement une mise au ch\u00f4mage technique, \u00absont en cours en ce moment m\u00eame\u00bb, a d\u00e9clar\u00e9 Donald Trump devant des journalistes \u00e0 la Maison Blanche.<\/p>\n<p>                                    <a class=\"fig-a11y-skip a11y-hidden\" href=\"#fig-a11y-skip-main-inarticle\"><br \/>\n        Passer la publicit\u00e9<br \/>\n    <\/a><\/p>\n<p class=\"fig-paragraph\">\u00abTout \u00e7a, c&rsquo;est la faute des d\u00e9mocrates. Les d\u00e9mocrates provoquent la perte de beaucoup d&#8217;emplois\u00bb, a ajout\u00e9 le pr\u00e9sident am\u00e9ricain, avant de brutalement changer de sujet pour inaugurer une nouvelle galerie de portraits pr\u00e9sidentiels aux encadrements dor\u00e9s.<\/p>\n<p>L\u2019Obamacare au c\u0153ur des discussions<\/p>\n<p class=\"fig-paragraph\">Aucune discussion n&rsquo;a eu lieu entre les principaux dirigeants du Congr\u00e8s depuis leur r\u00e9union infructueuse lundi dernier \u00e0 la Maison Blanche, selon un haut responsable d\u00e9mocrate. Son camp refuse de c\u00e9der sur la question cruciale des subventions \u00e0 l&rsquo;assurance sant\u00e9.<\/p>\n<p class=\"fig-paragraph\">Le chef de la majorit\u00e9 r\u00e9publicaine au S\u00e9nat, John Thune, a reconnu que les deux camps se trouvaient toujours \u00abdans l&rsquo;impasse\u00bb et laiss\u00e9 entendre que davantage de travailleurs am\u00e9ricains allaient en payer le prix. \u00abCela va devenir g\u00eanant\u00bb, a-t-il sous-entendu sur Fox News, tout en confirmant que des discussions en coulisses se poursuivaient sur une possible prolongation des subventions \u00e0 l&rsquo;\u00abObamacare\u00bb, le programme d&rsquo;assurance sant\u00e9 pour les classes populaires.<\/p>\n<p>Ch\u00f4mage technique<\/p>\n<p class=\"fig-paragraph\">En mars, lorsqu&rsquo;une menace de \u00abshutdown\u00bb planait d\u00e9j\u00e0, les d\u00e9mocrates avaient c\u00e9d\u00e9 les premiers, une minorit\u00e9 d&rsquo;entre eux acceptant de voter une r\u00e9solution r\u00e9publicaine maintenant ces subventions pour six mois seulement. \u00abSi les r\u00e9publicains continuent de refuser de prolonger les aides fiscales\u00bb de l&rsquo;Obamacare, \u00abdes dizaines de millions de contribuables vont subir une augmentation spectaculaire\u00bb des co\u00fbts pour leur sant\u00e9, a d\u00e9clar\u00e9 sur NBC Hakeem Jeffries, chef de la minorit\u00e9 d\u00e9mocrate \u00e0 la Chambre des repr\u00e9sentants.<\/p>\n<p class=\"fig-paragraph\">Des centaines de milliers de fonctionnaires \u00abnon-essentiels\u00bb sont au ch\u00f4mage technique depuis mercredi et ne re\u00e7oivent pas de salaire. \u00c0 moins d&rsquo;\u00eatre licenci\u00e9s, ils devraient voir r\u00e9gulariser leur situation \u00e0 la fin de ce \u00abshutdown\u00bb.<\/p>\n<p>                                    <a class=\"fig-a11y-skip a11y-hidden\" href=\"#fig-a11y-skip-main-inarticle_mtf\"><br \/>\n        Passer la publicit\u00e9<br \/>\n    <\/a><\/p>\n<p class=\"fig-paragraph\">Ces p\u00e9riodes de blocage f\u00e9d\u00e9ral sont tr\u00e8s impopulaires parmi les Am\u00e9ricains. 80% des personnes interrog\u00e9es se sont dites tr\u00e8s, ou plut\u00f4t pr\u00e9occup\u00e9es par l&rsquo;impact sur l&rsquo;\u00e9conomie, selon un sondage YouGov men\u00e9 sur un panel repr\u00e9sentatif d&rsquo;environ 2.400 citoyens. Le pr\u00e9c\u00e9dent \u00e9pisode, provoqu\u00e9 en d\u00e9cembre 2018 lors du premier mandat de Donald Trump, avait dur\u00e9 35 jours et co\u00fbt\u00e9 environ 11 milliards de dollars \u00e0 l&rsquo;\u00e9conomie am\u00e9ricaine, selon un rapport non-partisan du Congr\u00e8s.<\/p>\n","protected":false},"excerpt":{"rendered":"Le \u00abshutdown\u00bb, qui entre ce lundi dans sa deuxi\u00e8me semaine, ne montre encore aucun signe d\u2019apaisement et Donald&hellip;\n","protected":false},"author":2,"featured_media":441959,"comment_status":"","ping_status":"","sticky":false,"template":"","format":"standard","meta":{"footnotes":""},"categories":[1589],"tags":[11,75,73,1866,12,1864,1865,1863,308],"class_list":{"0":"post-441958","1":"post","2":"type-post","3":"status-publish","4":"format-standard","5":"has-post-thumbnail","7":"category-etats-unis","8":"tag-actualites","9":"tag-donald-trump","10":"tag-etats-unis","11":"tag-etats-unis-damerique","12":"tag-news","13":"tag-united-states","14":"tag-united-states-of-america","15":"tag-us","16":"tag-usa"},"share_on_mastodon":{"url":"https:\/\/pubeurope.com\/@fr\/115324905361184657","error":""},"_links":{"self":[{"href":"https:\/\/www.europesays.com\/fr\/wp-json\/wp\/v2\/posts\/441958","targetHints":{"allow":["GET"]}}],"collection":[{"href":"https:\/\/www.europesays.com\/fr\/wp-json\/wp\/v2\/posts"}],"about":[{"href":"https:\/\/www.europesays.com\/fr\/wp-json\/wp\/v2\/types\/post"}],"author":[{"embeddable":true,"href":"https:\/\/www.europesays.com\/fr\/wp-json\/wp\/v2\/users\/2"}],"replies":[{"embeddable":true,"href":"https:\/\/www.europesays.com\/fr\/wp-json\/wp\/v2\/comments?post=441958"}],"version-history":[{"count":0,"href":"https:\/\/www.europesays.com\/fr\/wp-json\/wp\/v2\/posts\/441958\/revisions"}],"wp:featuredmedia":[{"embeddable":true,"href":"https:\/\/www.europesays.com\/fr\/wp-json\/wp\/v2\/media\/441959"}],"wp:attachment":[{"href":"https:\/\/www.europesays.com\/fr\/wp-json\/wp\/v2\/media?parent=441958"}],"wp:term":[{"taxonomy":"category","embeddable":true,"href":"https:\/\/www.europesays.com\/fr\/wp-json\/wp\/v2\/categories?post=441958"},{"taxonomy":"post_tag","embeddable":true,"href":"https:\/\/www.europesays.com\/fr\/wp-json\/wp\/v2\/tags?post=441958"}],"curies":[{"name":"wp","href":"https:\/\/api.w.org\/{rel}","templated":true}]}}