{"id":441972,"date":"2025-10-06T02:45:16","date_gmt":"2025-10-06T02:45:16","guid":{"rendered":"https:\/\/www.europesays.com\/fr\/441972\/"},"modified":"2025-10-06T02:45:16","modified_gmt":"2025-10-06T02:45:16","slug":"le-premier-ministre-devoile-la-premiere-partie-de-son-gouvernement","status":"publish","type":"post","link":"https:\/\/www.europesays.com\/fr\/441972\/","title":{"rendered":"le Premier ministre d\u00e9voile la premi\u00e8re partie de son gouvernement"},"content":{"rendered":"<p>&#13;<br \/>\n                        France : le Premier ministre d\u00e9voile la premi\u00e8re partie de son gouvernement&#13;\n                    <\/p>\n<p style=\"text-align:\">La premi\u00e8re partie du nouveau gouvernement du Premier ministre fran\u00e7ais S\u00e9bastien Lecornu a \u00e9t\u00e9 annonc\u00e9e dimanche soir 5 octobre par le secr\u00e9taire g\u00e9n\u00e9ral de l&rsquo;\u00c9lys\u00e9e, Emmanuel Moulin.<\/p>\n<p><a href=\"https:\/\/lecourrier.vn\/le-reel-inexorable-politique-et-financier-de-la-france-apres-la-chute-de-bayrou\/1290439.html\" title=\"Le &quot;r\u00e9el inexorable&quot; politique et financier de la France apr\u00e8s la chute de Bayrou\" target=\"_blank\" rel=\"noopener\">&gt;&gt; Le \u00ab\u00a0r\u00e9el inexorable\u00a0\u00bb politique et financier de la France apr\u00e8s la chute de Bayrou<\/a><\/p>\n<p><a href=\"https:\/\/lecourrier.vn\/france-bayrou-va-demissionner-macron-veut-nommer-un-successeur-dans-les-prochains-jours\/1290451.html\" title=\"France : Bayrou va d\u00e9missionner, Macron veut nommer un successeur dans les prochains jours\" target=\"_blank\" rel=\"noopener\">&gt;&gt; France : Bayrou va d\u00e9missionner, Macron veut nommer un successeur dans les prochains jours<\/a><\/p>\n<p><a href=\"https:\/\/lecourrier.vn\/lecornu-confirme-une-baisse-dun-impot-de-production-la-cvae-pour-11-milliard-deuros\/1292254.html\" title=\"Lecornu confirme une baisse d&#039;un imp\u00f4t de production, la CVAE, pour 1,1 milliard d&#039;euros\" target=\"_blank\" rel=\"noopener\">&gt;&gt; Lecornu confirme une baisse d&rsquo;un imp\u00f4t de production, la CVAE, pour 1,1 milliard d&rsquo;euros<\/a><\/p>\n<tr>\n<td class=\"pic\"><img decoding=\"async\" class=\"lazyload\" src=\"https:\/\/www.europesays.com\/fr\/wp-content\/uploads\/2025\/10\/071132-1.webp.webp\" alt=\"\"\/><\/td>\n<\/tr>\n<tr>\n<td class=\"caption\">Le secr\u00e9taire g\u00e9n\u00e9ral de l&rsquo;\u00c9lys\u00e9e, Emmanuel Moulin, annonce le nouveau gouvernement, le 5 octobre \u00e0 l&rsquo;\u00c9lys\u00e9e.\u00a0<\/td>\n<\/tr>\n<tr align=\"right\">\n<td class=\"author\">Photo : AFP\/VNA\/CVN<\/td>\n<\/tr>\n<p style=\"text-align:left\">Beaucoup de ministres sont reconduits, statu quo \u00e0 tous les postes-cl\u00e9: Bruno Retailleau \u00e0 l&rsquo;Int\u00e9rieur, G\u00e9rald Darmanin \u00e0 la Justice, Elisabeth Borne \u00e0 l&rsquo;Education nationale, Jean-No\u00ebl Barrot aux Affaires \u00e9trang\u00e8res, Rachida Dati \u00e0 la Culture etc.<\/p>\n<p style=\"text-align:left\">Bruno Le Maire, ancien ministre de l&rsquo;\u00c9conomie de 2017 \u00e0 2024, fait aussi son entr\u00e9e au gouvernement en tant que ministre des Arm\u00e9es et des Anciens combattants.<\/p>\n<p style=\"text-align:left\">Le d\u00e9put\u00e9 Renaissance Roland Lescure a remplac\u00e9 Eric Lombard au crucial poste de ministre de l&rsquo;Economie, charg\u00e9 de faire passer le budget pour 2026.<\/p>\n<p style=\"text-align:left\">Selon BFMTV, le gouvernement de 18 ministres annonc\u00e9 ce soir sera compl\u00e9t\u00e9 par des ministres d\u00e9l\u00e9gu\u00e9s apr\u00e8s les discours de politique g\u00e9n\u00e9rale du Premier ministre, mardi 7 ocotbre \u00e0 l&rsquo;Assembl\u00e9e nationale et mercredi 8 octobre au S\u00e9nat.<\/p>\n<p style=\"text-align:left\">Un premier Conseil des ministres se tiendra lundi prochain autour du pr\u00e9sident fran\u00e7ais Emmanuel Macron, a indiqu\u00e9 l&rsquo;\u00c9lys\u00e9e.<\/p>\n<p style=\"text-align:left\">L&rsquo;ancien Premier ministre Fran\u00e7ois Bayrou a \u00e9t\u00e9 renvers\u00e9 le 8 septembre apr\u00e8s avoir perdu le vote de confiance \u00e0 l&rsquo;Assembl\u00e9e nationale.<\/p>\n<p style=\"text-align:left\">S\u00e9bastien Lecornu, ancien ministre des Arm\u00e9es, a \u00e9t\u00e9 nomm\u00e9 Premier ministre par le pr\u00e9sident fran\u00e7ais le lendemain.<\/p>\n<p style=\"text-align:left\">Selon des m\u00e9dias fran\u00e7ais, ce gouvernement de S\u00e9bastien Lecornu a pour premier objectif de faire adopter un budget 2026 pour la France avant la fin de l&rsquo;ann\u00e9e 2025.<\/p>\n<p style=\"text-align:right\"><b>Xinhua\/VNA\/CVN<\/b><\/p>\n","protected":false},"excerpt":{"rendered":"&#13; France : le Premier ministre d\u00e9voile la premi\u00e8re partie de son gouvernement&#13; La premi\u00e8re partie du nouveau&hellip;\n","protected":false},"author":2,"featured_media":441973,"comment_status":"","ping_status":"","sticky":false,"template":"","format":"standard","meta":{"footnotes":""},"categories":[4],"tags":[11,1011,27,17812,12,13347,25],"class_list":{"0":"post-441972","1":"post","2":"type-post","3":"status-publish","4":"format-standard","5":"has-post-thumbnail","7":"category-france","8":"tag-actualites","9":"tag-fr","10":"tag-france","11":"tag-membre","12":"tag-news","13":"tag-nouveau-gouvernement","14":"tag-republique-francaise"},"share_on_mastodon":{"url":"https:\/\/pubeurope.com\/@fr\/115324933242398073","error":""},"_links":{"self":[{"href":"https:\/\/www.europesays.com\/fr\/wp-json\/wp\/v2\/posts\/441972","targetHints":{"allow":["GET"]}}],"collection":[{"href":"https:\/\/www.europesays.com\/fr\/wp-json\/wp\/v2\/posts"}],"about":[{"href":"https:\/\/www.europesays.com\/fr\/wp-json\/wp\/v2\/types\/post"}],"author":[{"embeddable":true,"href":"https:\/\/www.europesays.com\/fr\/wp-json\/wp\/v2\/users\/2"}],"replies":[{"embeddable":true,"href":"https:\/\/www.europesays.com\/fr\/wp-json\/wp\/v2\/comments?post=441972"}],"version-history":[{"count":0,"href":"https:\/\/www.europesays.com\/fr\/wp-json\/wp\/v2\/posts\/441972\/revisions"}],"wp:featuredmedia":[{"embeddable":true,"href":"https:\/\/www.europesays.com\/fr\/wp-json\/wp\/v2\/media\/441973"}],"wp:attachment":[{"href":"https:\/\/www.europesays.com\/fr\/wp-json\/wp\/v2\/media?parent=441972"}],"wp:term":[{"taxonomy":"category","embeddable":true,"href":"https:\/\/www.europesays.com\/fr\/wp-json\/wp\/v2\/categories?post=441972"},{"taxonomy":"post_tag","embeddable":true,"href":"https:\/\/www.europesays.com\/fr\/wp-json\/wp\/v2\/tags?post=441972"}],"curies":[{"name":"wp","href":"https:\/\/api.w.org\/{rel}","templated":true}]}}