{"id":441976,"date":"2025-10-06T02:51:14","date_gmt":"2025-10-06T02:51:14","guid":{"rendered":"https:\/\/www.europesays.com\/fr\/441976\/"},"modified":"2025-10-06T02:51:14","modified_gmt":"2025-10-06T02:51:14","slug":"le-paradoxe-ducati-en-indonesie","status":"publish","type":"post","link":"https:\/\/www.europesays.com\/fr\/441976\/","title":{"rendered":"le paradoxe Ducati en Indon\u00e9sie"},"content":{"rendered":"<p>Le circuit de Mandalika devait \u00eatre une formalit\u00e9 pour l\u2019\u00e9curie Ducati. Pourtant, la course Sprint du Grand Prix d\u2019Indon\u00e9sie a tourn\u00e9 au cauchemar pour les rouges de Borgo Panigale. Marc Marquez, fra\u00eechement couronn\u00e9 champion du monde, n\u2019a termin\u00e9 que sixi\u00e8me, tandis que son co\u00e9quipier Francesco Bagnaia a sombr\u00e9 \u00e0 la quatorzi\u00e8me et derni\u00e8re place.<\/p>\n<p>Mais \u00e0 la surprise g\u00e9n\u00e9rale, ces r\u00e9sultats modestes n&rsquo;ont pas emp\u00each\u00e9 Ducati de remporter un troisi\u00e8me sacre, celui du championnat par \u00e9quipes MotoGP 2025.<\/p>\n<p>Une domination strat\u00e9gique et technique<\/p>\n<p>Cette victoire souligne la supr\u00e9matie globale de Ducati sur la saison. Si le week-end indon\u00e9sien fut douloureux, les performances accumul\u00e9es tout au long de l\u2019ann\u00e9e ont pes\u00e9 lourd dans la balance. La constance des pilotes et l&rsquo;excellence technique des machines rouges ont permis \u00e0 l\u2019\u00e9quipe de s&rsquo;imposer dans les trois classements majeurs \u00e0 savoir, pilotes, constructeurs et \u00e9quipes. Une premi\u00e8re historique depuis des ann\u00e9es, qui t\u00e9moigne du travail de fond men\u00e9 par le staff italien.<\/p>\n<p>\u00c0 l\u2019issue de cette \u00e9tape indon\u00e9sienne, Ducati ne se contente plus de gagner des courses. Elle construit une \u00e8re et les autres \u00e9curies sont pr\u00e9venues.<\/p>\n<p>   Partagez cette info avec vos amis et vos proches en cliquant ici<br \/> Pour r\u00e9sumer<\/p>\n<p>Malgr\u00e9 une course difficile en Indon\u00e9sie, Ducati remporte le championnat par \u00e9quipes MotoGP 2025. Apr\u00e8s les titres de Marc Marquez et des constructeurs, la marque italienne signe une saison historique en dominant tous les classements majeurs.<\/p>\n<p>R\u00e9dacteur<\/p>\n<p><img decoding=\"async\" width=\"76\" height=\"76\" loading=\"lazy\" src=\"https:\/\/www.europesays.com\/fr\/wp-content\/uploads\/2025\/09\/logo-juste-houngla.jpg\" alt=\"Juste Houngla\"\/><\/p>\n","protected":false},"excerpt":{"rendered":"Le circuit de Mandalika devait \u00eatre une formalit\u00e9 pour l\u2019\u00e9curie Ducati. Pourtant, la course Sprint du Grand Prix&hellip;\n","protected":false},"author":2,"featured_media":441977,"comment_status":"","ping_status":"","sticky":false,"template":"","format":"standard","meta":{"footnotes":""},"categories":[1413],"tags":[1011,27,1457,1456,60],"class_list":{"0":"post-441976","1":"post","2":"type-post","3":"status-publish","4":"format-standard","5":"has-post-thumbnail","7":"category-moto","8":"tag-fr","9":"tag-france","10":"tag-moto","11":"tag-motocycle","12":"tag-sports"},"share_on_mastodon":{"url":"https:\/\/pubeurope.com\/@fr\/115324956811605889","error":""},"_links":{"self":[{"href":"https:\/\/www.europesays.com\/fr\/wp-json\/wp\/v2\/posts\/441976","targetHints":{"allow":["GET"]}}],"collection":[{"href":"https:\/\/www.europesays.com\/fr\/wp-json\/wp\/v2\/posts"}],"about":[{"href":"https:\/\/www.europesays.com\/fr\/wp-json\/wp\/v2\/types\/post"}],"author":[{"embeddable":true,"href":"https:\/\/www.europesays.com\/fr\/wp-json\/wp\/v2\/users\/2"}],"replies":[{"embeddable":true,"href":"https:\/\/www.europesays.com\/fr\/wp-json\/wp\/v2\/comments?post=441976"}],"version-history":[{"count":0,"href":"https:\/\/www.europesays.com\/fr\/wp-json\/wp\/v2\/posts\/441976\/revisions"}],"wp:featuredmedia":[{"embeddable":true,"href":"https:\/\/www.europesays.com\/fr\/wp-json\/wp\/v2\/media\/441977"}],"wp:attachment":[{"href":"https:\/\/www.europesays.com\/fr\/wp-json\/wp\/v2\/media?parent=441976"}],"wp:term":[{"taxonomy":"category","embeddable":true,"href":"https:\/\/www.europesays.com\/fr\/wp-json\/wp\/v2\/categories?post=441976"},{"taxonomy":"post_tag","embeddable":true,"href":"https:\/\/www.europesays.com\/fr\/wp-json\/wp\/v2\/tags?post=441976"}],"curies":[{"name":"wp","href":"https:\/\/api.w.org\/{rel}","templated":true}]}}