{"id":441980,"date":"2025-10-06T02:54:27","date_gmt":"2025-10-06T02:54:27","guid":{"rendered":"https:\/\/www.europesays.com\/fr\/441980\/"},"modified":"2025-10-06T02:54:27","modified_gmt":"2025-10-06T02:54:27","slug":"jean-noel-cabezas-je-suis-peut-etre-un-peu-plus-sensible-que-dautres","status":"publish","type":"post","link":"https:\/\/www.europesays.com\/fr\/441980\/","title":{"rendered":"Jean-No\u00ebl Cabezas : \u00ab\u00a0Je suis peut-\u00eatre un peu plus sensible que d&rsquo;autres !\u00a0\u00bb"},"content":{"rendered":"<p>\t\t\t\t\tL\u2019ex-attaquant des ann\u00e9es 90, reconverti entra\u00eeneur depuis plus de 20 ans, mais sans club depuis l\u2019hiver dernier, retrace sa riche carri\u00e8re, parle des ses exp\u00e9riences et \u00e9voque sans filtre sa personnalit\u00e9, un peu m\u00e9fiante, mais pas si r\u00e9serv\u00e9e que cela !<br \/>\n<strong>Par Anthony BOYER \u2013 mail : aboyer@13heuresfoot.fr<\/strong><br \/>\n<strong>Photos 13HF<\/strong> et DR<br \/>\n<img fetchpriority=\"high\" decoding=\"async\" class=\"wp-image-15983 size-medium\" src=\"https:\/\/www.europesays.com\/fr\/wp-content\/uploads\/2025\/10\/WhatsApp-Image-2025-09-30-at-09.36.351-300x225.jpeg\" alt=\"\" width=\"300\" height=\"225\"  \/>\u00ab\u00a0Nono\u00a0\u00bb Cabezas, sur le port de Golfe-Juan Vallauris, la semaine derni\u00e8re, \u00e0 c\u00f4t\u00e9 de Cannes.<\/p>\n<p>Jean-No\u00ebl Cabezas donne rendez-vous au caf\u00e9 L\u2019Escale pr\u00e8s du port \u00e0 Golfe-Juan, entre Cannes et Antibes. \u00ab\u00a0Viens on se met en face, de l\u2019autre c\u00f4t\u00e9 de la route, contre la mer et des bateaux de p\u00eache !\u00a0\u00bb lance-t-il. \u00c0 force de voir la mer et les bateaux, nous, on n\u2019y pr\u00eate m\u00eame plus attention ! Mais pas celui que ses amis appellent \u00ab\u00a0Nono\u00a0\u00bb. La mer, les bateaux, il adore \u00e7a. \u00ab\u00a0Je fais un peu de plong\u00e9e en apn\u00e9e, \u00e7a permet de travailler le mental, et j\u2019aime bien partir en p\u00eache\u00a0\u00bb.<\/p>\n<p>En m\u00eame temps, l\u2019ancien attaquant des ann\u00e9es 90 est n\u00e9 \u00e0 Martigues et a grandi \u00e0 Marseille, sous le soleil \u2013 \u00ab\u00a0Il brille toujours !\u00a0\u00bb \u2013 et au bord d\u2019une grande bleue qu\u2019il a retrouv\u00e9e en 2017, quand il a quitt\u00e9 le centre de la France et le Clermont Foot apr\u00e8s 17 saisons , dont 15 dans l\u2019encadrement, pour s\u2019asseoir sur le banc de Fr\u00e9jus\/Saint-Rapha\u00ebl en National 2. Pour se rapprocher de ses parents aussi.<\/p>\n<p>Depuis, il n\u2019a quasiment plus boug\u00e9 de la C\u00f4te d\u2019Azur, hormis une escapade \u00e0 Andr\u00e9zieux, en banlieue de Saint-Etienne, en 2018\/19, avec \u00e0 la cl\u00e9 la fameuse \u00e9limination de l\u2019Olympique de Marseille, le 6 janvier 2019 (2-0), en 32e de finale de la coupe de France, au stade Geoffroy-Guichard ! Malheureusement, l\u2019\u00e9pop\u00e9e s\u2019\u00e9tait arr\u00eat\u00e9e en 16e (\u00e9limination face \u00e0 Lyon-Duch\u00e8re 1-2, club de National).<\/p>\n<p>Quinze saisons dans l\u2019encadrement \u00e0 Clermont<br \/>\n<img loading=\"lazy\" decoding=\"async\" class=\"wp-image-15976 size-full\" src=\"https:\/\/www.europesays.com\/fr\/wp-content\/uploads\/2025\/10\/le-hav.jpg\" alt=\"\" width=\"184\" height=\"231\"\/>Photo \u00ab\u00a0collector\u00a0\u00bb, sous le maillot du Havre, il y a 35 ans d\u00e9j\u00e0 !<\/p>\n<p>Cette qualification face \u00e0 l\u2019OM, c\u2019est sans doute \u00e0 ce jour son fait d\u2019armes le plus marquant comme coach, du moins celui qui a eu le plus de retentissement m\u00e9diatique. Cela aurait pu lui ouvrir les portes du BEPF, le dipl\u00f4me d\u2019entra\u00eeneur professionnel, il n\u2019en fut rien. Cela lui a au moins ouvert les portes du club de son coeur : l\u2019<a href=\"https:\/\/13heuresfoot.fr\/actualites\/coupe-de-france-intensement-cannes\/\" rel=\"nofollow noopener\" target=\"_blank\">AS Cannes<\/a>. Limog\u00e9 d\u2019Andr\u00e9zieux apr\u00e8s seulement 8 matchs la saison suivante, il rebondit, certes \u00e0 l\u2019\u00e9tage en dessous, en National 3, chez les Dragons azur\u00e9ens, mais le projet est tellement ambitieux et l\u2019institution si prestigieuse\u2026<\/p>\n<p>Et puis Cannes, comme le raconte Jean-No\u00ebl dans cet entretien ensoleill\u00e9, c\u2019est l\u2019\u00e9quipe qu\u2019il allait voir et supporter quand il n\u2019\u00e9tait encore qu\u2019un jeune avant-centre de 18 ans, qui \u00e9voluait en Division d\u2019Honneur \u00e0 Vallauris, sur les hauteurs de \u2026 Golfe-Juan. \u00c0 cette \u00e9poque, il s\u2019entra\u00eene la journ\u00e9e avec le centre de formation des Rouge et Blanc \u2013 l\u2019un des meilleurs de l\u2019Hexagone \u2013 et rejoint son club le soir. Deux saisons et deux accessions plus tard \u2013 Vallauris acc\u00e8de en Division 4 puis en Division 3 -, c\u2019est le grand saut dans le monde pro pour le grand attaquant, qui portera ensuite les couleurs du Havre (D2), d\u2019Annecy (D2), d\u2019<a href=\"https:\/\/13heuresfoot.fr\/actualites\/national-2-ales-le-petit-saint-etienne-des-cevennes\/\" rel=\"nofollow noopener\" target=\"_blank\">Al\u00e8s<\/a> (D2), de Vallauris \u00e0 nouveau (D3, titre de meilleur buteur aux c\u00f4t\u00e9s de Herv\u00e9 Renard et Zoran Vujovic notamment), de Toulon (deux passages, en National d\u2019abord avec accession en D2 puis en D2 un an plus tard), de Cannes donc, en Division 1, de Troyes (D2, accession en D1), d\u2019Amiens (D2) et enfin de Clermont (National et accession en D2), o\u00f9 il boucle sa carri\u00e8re de joueur. Un tr\u00e8s joli CV enrichi par la suite de quinze saisons pass\u00e9es dans l\u2019encadrement du club auvergnat, \u00e0 la formation, avec les U19 nationaux, avec la r\u00e9serve et avec les pros comme adjoint. De quoi, l\u00e0 encore, emmagasiner beaucoup d\u2019exp\u00e9rience.<\/p>\n<p>Un vrai Marseillais qui se respecte !<\/p>\n<p>Entra\u00eener, \u00ab\u00a0Nono\u00a0\u00bb a su tr\u00e8s vite qu\u2019il se dirigerait vers ce m\u00e9tier une fois les crampons raccroch\u00e9s : tr\u00e8s t\u00f4t, d\u00e9j\u00e0, \u00e0 Marseille, dans des associations de quartier, il encadrait des plus grands que lui, le mercredi.<br \/>Sans club depuis son dernier \u00ab\u00a0limogeage\u00a0\u00bb \u00e0 Fr\u00e9jus, \u00e0 l\u2019hiver dernier, dans un club o\u00f9 il travaillait pour la seconde fois, Jean-No\u00ebl Cabezas, qui en profite pour s\u2019entretenir et aller voir des matchs \u2013 \u00ab\u00a0Ce soir je retourne au V\u00e9lodrome pour OM-PSG, j\u2019y suis all\u00e9 hier mais le match a \u00e9t\u00e9 report\u00e9 \u00e0 cause des intemp\u00e9ries !\u00a0\u00bb \u2013 s\u2019est mis en qu\u00eate d\u2019un nouveau projet.<\/p>\n<p>Pendant 45 minutes, il s\u2019est confi\u00e9, au point de parfois briser la carapace. M\u00e9fiant de prime abord, r\u00e9serv\u00e9, introverti, sensible, h\u00e9sitant parfois \u00e0 terminer ses phrases, \u00ab\u00a0Jeannot\u00a0\u00bb comme d\u2019autres l\u2019appellent aussi, ou \u00ab\u00a0Cabezou\u00a0\u00bb, s\u2019il int\u00e9riorise beaucoup, a souvent montr\u00e9 une image \u00e0 l\u2019oppos\u00e9 de celle qui d\u00e9gage, au point de parfois passer pour un grand bavard. Un vrai Marseillais qui se respecte, en quelque sorte. Qui aime parler \u2026 mais surtout de foot !<\/p>\n<p>Interview : \u00ab\u00a0Le foot rend m\u00e9fiant\u00a0\u00bb<\/p>\n<p><strong><img loading=\"lazy\" decoding=\"async\" class=\"size-medium wp-image-15973 alignleft\" src=\"https:\/\/www.europesays.com\/fr\/wp-content\/uploads\/2025\/10\/cab1-300x251.jpg\" alt=\"\" width=\"300\" height=\"251\"  \/>Quand on retrace ton CV de joueur, on se dit\u2026 quel parcours, tout de m\u00eame ! Partir de DH pour finir en D2 et en D1, c\u2019est rare !<\/strong><br \/>\u00c0 Vallauris, j\u2019\u00e9tais surclass\u00e9, j\u2019avais 18 ans, on a fait les mont\u00e9es de DH jusqu\u2019en D3 mais je n\u2019ai pas jou\u00e9 tout de suite en D3, je suis parti au Havre, avant d\u2019\u00eatre pr\u00eat\u00e9 \u00e0 Annecy en D2, entra\u00een\u00e9 par Guy Stephan, que j\u2019ai revu cet \u00e9t\u00e9 au Mondial de Footvolley \u00e0 Juan-les-Pins, c\u2019\u00e9tait sympa, on a pu \u00e9changer. J\u2019avais gard\u00e9 un bon souvenir de lui. Apr\u00e8s Annecy, je suis revenu \u00e0 Vallauris, en D3, puis apr\u00e8s c\u2019est parti, Al\u00e8s, Toulon, Troyes, Cannes, Amiens avant de finir \u00e0 Clermont. J\u2019ai eu de la chance dans ma carri\u00e8re de joueur car j\u2019ai fait beaucoup de mont\u00e9es, de la DH jusqu\u2019\u00e0 la Ligue 1, avec Troyes (accession en 1999).<\/p>\n<p><strong>\u00c0 Clermont, o\u00f9 tu as fini ta carri\u00e8re de joueur sur une nouvelle mont\u00e9e en Ligue 2 (en 2002), tu as pass\u00e9 quinze ans dans l\u2019encadrement : pourquoi \u00eatre parti en 2017 ?<\/strong><br \/>C\u2019est la venue de Corinne Diacre qui m\u2019a fait partir. C\u2019\u00e9tait un peu compliqu\u00e9 avec elle. Quand elle est arriv\u00e9e, au bout d\u2019une semaine, Olivier Chavanon, le directeur sportif de l\u2019\u00e9poque, m\u2019avait dit \u00ab\u00a0\u00e7a va \u00eatre compliqu\u00e9 avec elle\u00a0\u00bb, et moi, je lui ai r\u00e9pondu \u00ab\u00a0D\u00e8s le premier jour, j\u2019ai su que \u00e7a allait \u00eatre compliqu\u00e9 avec elle !\u00a0\u00bb, donc l\u00e0, j\u2019ai d\u00e9cid\u00e9 de partir.<\/p>\n<p>\u00ab\u00a0Je me suis pr\u00e9sent\u00e9 huit fois au BEPF\u2026\u00a0\u00bb<br \/>\n<img loading=\"lazy\" decoding=\"async\" class=\"wp-image-15975 size-medium\" src=\"https:\/\/www.europesays.com\/fr\/wp-content\/uploads\/2025\/10\/kevin-mesa1-300x243.jpg\" alt=\"\" width=\"300\" height=\"243\"  \/>Photo AS Cannes<\/p>\n<p><strong>Quand as-tu su que tu deviendrais entra\u00eeneur ?<\/strong><br \/>Quand j\u2019habitais Marseille, j\u2019entra\u00eenais les plus grands que moi, dans une association de quartier, La Milli\u00e8re, au milieu des HLM, c\u2019\u00e9tait le mercredi, je faisais \u00e7a pour rendre service et gagner un peu d\u2019argent aussi. J\u2019aimais \u00e7a. J\u2019avais entra\u00een\u00e9 des plus petits dans les quartiers aussi, avec une autre association, Les Escourtines (il a commenc\u00e9 au quartier de La Barasse, \u00e0 c\u00f4t\u00e9 du quartier de Saint-Marcel, puis \u00e0 l\u2019US Rouet). Quand j\u2019\u00e9tais joueur \u00e0 Troyes, j\u2019avais des discussions avec Alain Perrin, qui me voyait bien devenir entra\u00eeneur. Mais ce qui a tout d\u00e9clench\u00e9, c\u2019est \u00e0 la fin de ma carri\u00e8re de joueur \u00e0 Clermont, quand j\u2019ai mont\u00e9 une \u00e9cole de football pour les attaquants, en 2001; \u00e7a avait bien fonctionn\u00e9, \u00e0 tel point que des gros clubs, comme Marseille ou Lyon, venaient piller nos joueurs. C\u2019est comme \u00e7a que je me suis retrouv\u00e9 dans l\u2019\u00e9quipe pro de Clermont, en Ligue 2 : l\u2019\u00e9quipe ne marquait pas beaucoup de but et Alain Dalan, le pr\u00e9sident de l\u2019\u00e9poque, m\u2019a demand\u00e9 de devenir adjoint et de m\u2019occuper sp\u00e9cifiquement des attaquants; \u00e7a a bien fonctionn\u00e9 et tout est parti de l\u00e0 ! Ensuite j\u2019ai pass\u00e9 mes dipl\u00f4mes. Aujourd\u2019hui, je peux entra\u00eener jusqu\u2019en National 2.<\/p>\n<p><strong>Tu ne songes pas \u00e0 te repr\u00e9senter au BEPF ?<\/strong><br \/>Je me suis pr\u00e9sent\u00e9 huit fois d\u00e9j\u00e0\u2026 Je n\u2019ai pas eu la chance d\u2019\u00eatre pris et j\u2019ai craqu\u00e9 ! Quand j\u2019\u00e9tais \u00e0 Frejus, \u00e0 Andrezieux, je me suis pr\u00e9sent\u00e9, et une fois, j\u2019ai m\u00eame \u00e9t\u00e9 le premier \u00ab\u00a0rep\u00eachable\u00a0\u00bb en cas de d\u00e9sistement d\u2019un des candidats. L\u00e0, je me suis dit que, forc\u00e9ment, j\u2019allais \u00eatre pris l\u2019ann\u00e9e d\u2019apr\u00e8s, surtout qu\u2019on venait d\u2019\u00e9liminer l\u2019OM en coupe de France avec Andr\u00e9zieux, mais je n\u2019ai pas \u00e9t\u00e9 retenu et je dois dire que, mentalement, \u00e7a m\u2019a \u00ab\u00a0tu\u00e9\u00a0\u00bb. Aujourd\u2019hui, ce n\u2019est pas que je ne veux plus candidater, mais j\u2019ai pris un peu d\u2019age (58 ans), m\u00eame si je m\u2019entretiens, je cours, je fais attention \u00e0 mon alimentation, mais je ne sais pas, je trouve que\u2026 Mais depuis quelques ann\u00e9es, quand m\u00eame, j\u2019ai l\u2019impression que pour l\u2019admission au BEPF, \u00e7a s\u2019est plus \u00ab\u00a0ouvert\u00a0\u00bb.<\/p>\n<p>\u00ab\u00a0Partir \u00e0 l\u2019\u00e9tranger m\u2019aurait plu\u00a0\u00bb<\/p>\n<p>Mais entra\u00eener en National, ou dans la future Ligue 3, n\u2019est-ce pas un objectif ? Ou \u00eatre de nouveau adjoint en pro ?<br \/>Si j\u2019avais eu mon BEPF, j\u2019aurais eu des opportunit\u00e9s pour aller en Belgique, par rapport \u00e0 certaines connaissances que j\u2019avais. Partir \u00e0 l\u2019\u00e9tranger m\u2019aurait plu, pour changer, pour ne pas rester dans le confort. Comme jouer en Espagne aussi, \u00e7a m\u2019aurait plu \u00e0 l\u2019\u00e9poque, j\u2019ai des origines espagnoles, du c\u00f4t\u00e9 de l\u2019Andalousie. Apr\u00e8s, retrouver un staff pro, oui, mais il faut que \u00e7a matche avec le coach; \u00e7a d\u00e9pend de l\u2019entra\u00eeneur en place. Par exemple, je m\u2019entendais bien avec Michel Der Zakarian \u00e0 Clermont, donc travailler pour et avec quelqu\u2019un que l\u2019on appr\u00e9cie, comme Michel par exemple, oui. Je pense qu\u2019il faut une connexion entre le num\u00e9ro 1 et son adjoint, qu\u2019on soit comme une \u00e9quipe. Je le vois bien, car j\u2019ai \u00e9t\u00e9 num\u00e9ro 1 aussi, et je n\u2019ai pas eu que des bonnes exp\u00e9riences avec mes adjoints. Parfois, les choses n\u00e9gatives font grandir et permettent de rebondir. Je suis toujours dans cette optique-l\u00e0. Ce n\u2019est ni facile d\u2019\u00eatre adjoint, ni facile d\u2019\u00eatre num\u00e9ro 1. Mais je pr\u00e9f\u00e8re ne retenir que le positif de mes exp\u00e9riences.<\/p>\n<p>\u00ab\u00a0Je n\u2019ai pas vu mes enfants grandir\u00a0\u00bb<\/p>\n<p><strong>On sent un grand regret tout de m\u00eame\u2026<\/strong><br \/>(H\u00e9sitation) Au Clermont Foot, j\u2019ai fait de la formation, j\u2019ai sorti Romain Sa\u00efss, le capitaine de l\u2019\u00e9quipe du Maroc, je me suis occup\u00e9 de lui, il y avait aussi \u00ab\u00a0Yacou\u00a0\u00bb Sylla (Aston Villa, Rennes, Montpellier), que j\u2019ai fait venir, l\u2019attaquant \u00ab\u00a0Momo\u00a0\u00bb Bayod, Mathias Pereira-Lage, Julien Laborde, plein de joueurs comme \u00e7a, j\u2019\u00e9tais connu quand m\u00eame aussi gr\u00e2ce \u00e0 mon travail l\u00e0-bas. J\u2019avais une double casquette, entre la formation et les seniors, le matin et l\u2019apr\u00e8s-midi avec les pros, le soir avec la r\u00e9serve\u2026 Et je ne n\u2019ai pas vu mes enfants grandir\u2026 Si c\u2019\u00e9tait \u00e0 refaire, je ne le referais pas. C\u2019est ma passion, bien s\u00fbr, mais bon\u2026<\/p>\n<p><strong>Tu dis que tu n\u2019as pas vu grandir tes enfants\u2026<\/strong><br \/>Ma fille, Mathilde, a 30 ans, elle chante (sous le pseudo \u00ab\u00a0Mathilda\u00a0\u00bb). Mon fils, No\u00eb, a 25 ans, il joue \u00e0 Al\u00e8s en N3. Je ne les pas vu grandir, non, parce que j\u2019ai tellement donn\u00e9 \u00e0 Clermont que c\u2019\u00e9tait au d\u00e9triment de ma famille. Je m\u2019en suis aper\u00e7u quand Corinne Diacre est arriv\u00e9e. Je ne lui en veux m\u00eame pas, cela fait partie du foot mais, surtout, cela m\u2019a fait r\u00e9aliser que la famille \u00e9tait plus importante, m\u00eame si Claude Michy, le pr\u00e9sident de Clermont Foot, m\u2019avait dit \u00ab\u00a0Les entra\u00eeneurs passent, mais toi tu restes\u00a0\u00bb, parce qu\u2019il voulait que je reste.<\/p>\n<p>Le clip de Mathila (\u00ab\u00a0Est-ce que les autres s\u2019aiment ?\u00a0\u00bb) : <a href=\"https:\/\/youtu.be\/BqtSxIur4MM?si=z7fvn6xXx2qbwsHB\" rel=\"nofollow noopener\" target=\"_blank\">cliquez ici<\/a><\/p>\n<p><img loading=\"lazy\" decoding=\"async\" class=\"wp-image-15978 size-medium\" src=\"https:\/\/www.europesays.com\/fr\/wp-content\/uploads\/2025\/10\/noe-cabezas-300x296.jpg\" alt=\"\" width=\"300\" height=\"296\"  \/>No\u00eb, son fils de 25 ans, a sign\u00e9 \u00e0 Al\u00e8s, o\u00f9 Jean-No\u00ebl a \u00e9volu\u00e9 en D2 dans les ann\u00e9es 90. Photo OAC<\/p>\n<p><strong>\u00c0 Fr\u00e9jus\/Saint-Rapha\u00ebl, tu as \u00e9t\u00e9 limog\u00e9 une premi\u00e8re fois puis tu n\u2019as pas \u00e9t\u00e9 conserv\u00e9 en fin de saison une seconde fois\u2026 \u00c0 Cannes, tu n\u2019as pas non plus \u00e9t\u00e9 conserv\u00e9 : c\u2019est dig\u00e9r\u00e9 ?<\/strong><br \/>Il y a eu <a href=\"https:\/\/13heuresfoot.fr\/actualites\/francois-clerc-andrezieux-jai-senti-quil-fallait-redynamiser-le-groupe\/\" rel=\"nofollow noopener\" target=\"_blank\">Andr\u00e9zieux<\/a> aussi ! Mais \u00e0 Andr\u00e9zieux, la deuxi\u00e8me ann\u00e9e, je savais que le club cherchait un entra\u00eeneur de la r\u00e9gion st\u00e9phanoise, donc je n\u2019ai pas \u00e9t\u00e9 surpris quand j\u2019ai \u00e9t\u00e9 limog\u00e9, parce qu\u2019on m\u2019avait pr\u00e9venu. Ils ont mis <a href=\"https:\/\/13heuresfoot.fr\/actualites\/romain-revelli-je-suis-un-privilegie\/\" rel=\"nofollow noopener\" target=\"_blank\">Romain Revelli<\/a> \u00e0 ma place.<\/p>\n<p>Quand je suis all\u00e9 la premi\u00e8re fois \u00e0 Fr\u00e9jus\/Saint-Rapha\u00ebl, c\u2019\u00e9tait pour \u00eatre adjoint de Charly Paquill\u00e9. Et puis je voulais aussi revenir dans le sud pour des raisons familiales. Charly a \u00e9t\u00e9 limog\u00e9 et j\u2019ai pris la suite mais en juin, je n\u2019ai pas \u00e9t\u00e9 gard\u00e9. J\u2019ai \u00e9t\u00e9 surpris parce qu\u2019on avait vraiment fait une belle saison (5e). C\u2019est dommage, parce qu\u2019on n\u2019a pas eu le temps de se structurer, c\u2019est un peu le probl\u00e8me d\u2019ailleurs du foot amateur, et aussi du foot pro, sauf que dans le foot pro, il y a plus de moyens pour mettre des choses en place, comme une cellule de recrutement par exemple, un meilleur suivi des joueurs, etc. C\u2019est ce que j\u2019ai essay\u00e9 de faire \u00e0 Fr\u00e9jus et aussi \u00e0 Cannes.<\/p>\n<p>\u00ab\u00a0J\u2019ai toujours ador\u00e9 l\u2019AS Cannes !\u00a0\u00bb<\/p>\n<p><strong>Tu es \u00ab\u00a0marseillais\u00a0\u00bb mais tu as support\u00e9 Cannes, c\u2019est \u00e9trange tout de m\u00eame\u2026<\/strong><br \/>Quand j\u2019\u00e9tais jeune, j\u2019allais voir tous les matchs de l\u2019OM, et parfois j\u2019allais aussi voir les entra\u00eenements \u00e0 Saint-Menet, sur un terrain \u00e0 c\u00f4t\u00e9 de chez moi, je ratais parfois l\u2019\u00e9cole pour y aller ! Je regardais les attaquants, je me souviens de ce joueur, Marc Berdoll\u2026 Je regardais aussi leur comportement, l\u2019exigence, mais c\u2019\u00e9tait une autre \u00e9poque, le club \u00e9tait en Division 2. Quant \u00e0 Cannes, j\u2019ai toujours ador\u00e9 ce club, alors que je n\u2019y \u00e9tais pas ! Mais j\u2019aimais ce c\u00f4t\u00e9 \u00ab\u00a0petit poucet\u00a0\u00bb, quand le club \u00e9tait en premi\u00e8re division.<\/p>\n<p><strong>Mais d\u2019o\u00f9 vient cette \u00ab\u00a0amour\u00a0\u00bb pour l\u2019AS Cannes ?<\/strong><br \/>Quand je jouais \u00e0 Vallauris, j\u2019allais voir tous les matchs de Cannes. J\u2019\u00e9tais supporter. Puis j\u2019ai eu la chance d\u2019\u00eatre joueur au club et ensuite entra\u00eeneur. Il y a eu des grands noms, des grands entra\u00eeneurs comme Jean Fernandez ou Ars\u00e8ne Wenger, qui est une r\u00e9f\u00e9rence pour moi. Wenger, c\u2019est quelqu\u2019un qui construit, qui outrepasse sa fonction d\u2019entra\u00eeneur. J\u2019essaie, \u00e0 mon niveau, de le prendre en exemple. Quand on est entra\u00eeneur, on regarde les meilleurs pour s\u2019en inspirer et voir ce qu\u2019ils font. Quand j\u2019\u00e9tais joueur, je faisais pareil. Quand je suis venu travailler \u00e0 l\u2019AS Cannes, je me suis install\u00e9 \u00e0 Vallauris, parce que l\u00e0-bas, j\u2019y garde de bons souvenirs, c\u2019est le club qui m\u2019a mis le pied \u00e0 l\u2019\u00e9trier et j\u2019y ai des amis.<\/p>\n<p>\u00ab\u00a0Il y a des choses beaucoup plus graves que le foot\u00a0\u00bb<br \/>\n<img loading=\"lazy\" decoding=\"async\" class=\"wp-image-15985 size-medium\" src=\"https:\/\/www.europesays.com\/fr\/wp-content\/uploads\/2025\/10\/cabzou-e1759218547619-272x300.jpg\" alt=\"\" width=\"272\" height=\"300\"  \/>Photo AS Cannes<\/p>\n<p><strong>Que gardes-tu de ton passage \u00e0 Cannes sur le banc, o\u00f9 tu es rest\u00e9 cinq ans ?<\/strong><br \/>D\u2019abord, on a eu deux ann\u00e9es \u00ab\u00a0covid\u00a0\u00bb puis la troisi\u00e8me ann\u00e9e, on est mont\u00e9 de National 3 en National 2 avec Anny Courtade et Xavier Bru aux commandes. Anny, elle nous faisait confiance, et quand le club a \u00e9t\u00e9 vendu \u00e0 la famille Friedkin, ils ont voulu mettre un entra\u00eeneur \u00ab\u00a0\u00e0 eux\u00a0\u00bb, c\u2019est comme \u00e7a\u2026 Mais bon, je ne suis pas all\u00e9 \u00e0 Cannes pour l\u2019argent, mais pour faire remonter le club, parce que j\u2019\u00e9tais attach\u00e9 \u00e0 ce club.<\/p>\n<p><strong>Ensuite, la saison pass\u00e9e, tu es retourn\u00e9 \u00e0 Fr\u00e9jus\/St-Rapha\u00ebl (N2), dans un club qui ne t\u2019avait pas conserv\u00e9 cinq ans plus t\u00f4t : \u00e9trange, non ?<\/strong><br \/>(Sourire) Oui, c\u2019est vrai ! On \u00e9tait dans les trois premiers jusqu\u2019en novembre\/d\u00e9cembre et puis on a eu un probl\u00e8me\u2026 (il marque un silence). Un joueur est tomb\u00e9 malade (il marque \u00e0 nouveau un silence), un tr\u00e8s-tr\u00e8s bon joueur, qui tenait la baraque derri\u00e8re (le d\u00e9fenseur central Julien Mouillon). Il a eu une grosse maladie et \u00e7a m\u2019a rappel\u00e9 les mauvais souvenirs de janvier 2009, quand on a perdu Cl\u00e9ment Pinault. La maladie de Julien, je l\u2019ai mal v\u00e9cue. Tu sais, le foot c\u2019est dur, OK, mais quand on vit \u00e7a\u2026 Je crois qu\u2019il n\u2019y a rien de pire. J\u2019ai mis deux ans pour me remettre du d\u00e9c\u00e8s de Cl\u00e9ment (Pinault), on \u00e9tait tr\u00e8s proches. Donc ce limogeage \u00e0 Fr\u00e9jus, je le relativise, parce qu\u2019il y a des choses beaucoup plus graves. La maladie de Julien (Mouillon) m\u2019a ramen\u00e9 \u00e0 tout \u00e7a, et sans doute que je n\u2019ai pas \u00e9t\u00e9 bon, que je n\u2019ai pas su g\u00e9rer mes \u00e9motions.<\/p>\n<p>\u00ab\u00a0Je suis peut-\u00eatre un peu plus sensible que d\u2019autres\u00a0\u00bb<br \/>\n<img loading=\"lazy\" decoding=\"async\" class=\"wp-image-15977 size-medium\" src=\"https:\/\/www.europesays.com\/fr\/wp-content\/uploads\/2025\/10\/le-musee-du-sporting-300x195.jpg\" alt=\"\" width=\"300\" height=\"195\"  \/>Rabat, Bonadei, Moses\u2026 Le temps des copains, au Sporting-club de Toulon (document Le mus\u00e9e du Sporting)<\/p>\n<p><strong>En ce moment, beaucoup d\u2019entra\u00eeneurs nous parlent de la gestion de leurs \u00e9motions : tu aurais donc toi aussi des choses \u00e0 r\u00e9gler de ce c\u00f4t\u00e9 l\u00e0 ?<\/strong><br \/>En g\u00e9n\u00e9ral, j\u2019arrive \u00e0 les g\u00e9rer sur le terrain, par exemple, je me contr\u00f4le, je ne me suis jamais fait expulser, mais un d\u00e9c\u00e8s, une maladie, l\u00e0, ce n\u2019est pas pareil, on n\u2019est pas pr\u00e9par\u00e9 \u00e0 \u00e7a. Je suis un peu plus sensible que d\u2019autres, peut-\u00eatre. J\u2019ai du mal \u00e0 g\u00e9rer ces situations. Mon fr\u00e8re a eu une grosse maladie : il est rest\u00e9 \u00e0 l\u2019h\u00f4pital pendant deux ans \u00e0 Hy\u00e8res \u00e0 Pomponiana (Institut de r\u00e9\u00e9ducation fonctionnelle), \u00e7a m\u2019a vraiment touch\u00e9, tout est li\u00e9 \u00e0 l\u2019enfance aussi\u2026 C\u2019est dur de g\u00e9rer des choses comme \u00e7a. Je suis proche aussi de l\u2019association Adrien et de Ren\u00e9 Molines, son pr\u00e9sident, \u00e0 P\u00e9gomas, pr\u00e8s de Cannes, parce que ce sont des choses qui me touchent. Et parce qu\u2019il n\u2019y a pas que le foot. Je pense \u00eatre proche des joueurs : \u00ab\u00a0Yacou\u00a0\u00bb Sylla m\u2019a appel\u00e9 quand il a eu son dipl\u00f4me d\u2019entra\u00eeneur, Romain Sa\u00efss aussi, on garde le contact, j\u2019ai de bons souvenirs avec eux. Le c\u00f4t\u00e9 humain est important.<\/p>\n<p><strong>Tu dis que tu es un entra\u00eeneur exigeant : mais qui sont les coachs qui t\u2019ont marqu\u00e9 ?<\/strong><br \/>J\u2019aimais bien Alain Perrin, au niveau du jeu, il nous faisait bien jouer; au niveau relationnel, c\u2019\u00e9tait dur, m\u00eame si avec moi \u00e7a se passait bien. Il faut dire que quand je l\u2019ai eu, j\u2019avais la trentaine, j\u2019avais d\u00e9j\u00e0 de la bouteille et il savait que je pouvais tenir le vestiaire. Je n\u2019\u00e9tais pas un leader par la parole mais par les actes, je pense que c\u2019est pour \u00e7a qu\u2019il m\u2019appr\u00e9ciait aussi. J\u2019ai eu un autre entra\u00eeneur qui m\u2019a marqu\u00e9 : L\u00e9once Lavagne, \u00e0 Al\u00e8s. Il faisait jouer des amateurs s\u2019il le fallait, \u00e0 la place des pros, parce qu\u2019avec lui, c\u2019\u00e9tait au m\u00e9rite, peu importe le statut. Il \u00e9tait dur mais \u00e9cout\u00e9 et honn\u00eate. C\u2019est quelqu\u2019un qui allait au bout de ses id\u00e9e. C\u2019est ce qu\u2019on attend d\u2019un entra\u00eeneur.<\/p>\n<p>\u00ab\u00a0Beaucoup de clubs amateurs travaillent bien\u00a0\u00bb<br \/>\n<img loading=\"lazy\" decoding=\"async\" class=\"wp-image-15974 size-medium\" src=\"https:\/\/www.europesays.com\/fr\/wp-content\/uploads\/2025\/10\/ferreri-300x281.jpg\" alt=\"\" width=\"300\" height=\"281\"  \/>Aux c\u00f4t\u00e9s de l\u2019ex-international Jean-Marc Ferreri, \u00e0 Toulon.<\/p>\n<p><strong>Puisque l\u2019on parle d\u2019<a href=\"https:\/\/13heuresfoot.fr\/actualites\/national-2-ales-le-petit-saint-etienne-des-cevennes\/\" rel=\"nofollow noopener\" target=\"_blank\">Al\u00e8s<\/a>, pourquoi ce club (N3) n\u2019y arrive-t-il pas ? Et pourquoi Toulon (N2), o\u00f9 tu as \u00e9volu\u00e9 deux fois, n\u2019y arrive pas non plus ?<\/strong><br \/>\u00c0 Al\u00e8s, il y a toujours eu des probl\u00e8mes financiers et \u00e0 Toulon, c\u2019\u00e9tait un peu pareil \u00e0 mon \u00e9poque. Cela veut dire que cela a mal \u00e9t\u00e9 g\u00e9r\u00e9 de l\u2019int\u00e9rieur. Et puis il y a autre chose : aujourd\u2019hui, il y a beaucoup de clubs amateurs de National 2 et de National 3 qui travaillent tr\u00e8s bien, qui sont tr\u00e8s bien structur\u00e9s, avec des personnes qui s\u2019investissent beaucoup dans leur travail. C\u2019est pratiquement devenu du semi-professionnel. C\u2019est pour \u00e7a qu\u2019en N2 et en N3, c\u2019est tr\u00e8s dur de monter, il faut bien s\u2019entourer et bien conna\u00eetre le niveau.<\/p>\n<p>Par exemple, en National 2, ce n\u2019est pas parce qu\u2019un club va prendre six ou sept joueurs du niveau au-dessus qu\u2019il va monter, parce qu\u2019il faut un \u00e9tat d\u2019esprit, il faut que les joueurs soient compl\u00e9mentaires, sans compter que c\u2019est la bagarre chaque week-end. Les clubs ont progress\u00e9, et peut-\u00eatre que Toulon et Al\u00e8s, qui ont \u00e9t\u00e9 des clubs phares, ont moins progress\u00e9 que les autres\u2026 Cette saison, Al\u00e8s, o\u00f9 joue mon fils No\u00eb, a une \u00e9quipe tr\u00e8s jeune, c\u2019est tr\u00e8s int\u00e9ressant ce qu\u2019ils font, ils ont quand m\u00eame perdu leurs attaquants \u00e0 l\u2019intersaison alors qu\u2019ils marquaient beaucoup de buts l\u2019an pass\u00e9, mais \u00e7a a l\u2019air de bien prendre. Il faudra voir si l\u2019effectif est suffisant sur la dur\u00e9e.<\/p>\n<p>Il y a autre chose : il faut conna\u00eetre les r\u00e9gions aussi. \u00c0 Al\u00e8s, il y a les mines \u00e0 c\u00f4t\u00e9, il faut conna\u00eetre la population locale, leurs valeurs, savoir o\u00f9 on est. Par exemple, quand j\u2019\u00e9tais entra\u00eeneur \u00e0 Andr\u00e9zieux, je suis all\u00e9 voir le mus\u00e9e de la mine \u00e0 Saint-Etienne, c\u2019\u00e9tait incroyable, ce sont des choses qui marquent. On aurait pu ajouter Andr\u00e9zieux dans la question pr\u00e9c\u00e9dente, un club qui \u00e9volue depuis longtemps en N2, qui a de superbes infrastructures, mais qui n\u2019arrive pas \u00e0 monter\u2026 Parce qu\u2019il faut laisser du temps, et j\u2019esp\u00e8re que Roland (<a href=\"https:\/\/13heuresfoot.fr\/actualites\/national-roland-vieira-le-puy-foot-cest-le-moment-de-se-quitter\/\" rel=\"nofollow noopener\" target=\"_blank\">Vieira<\/a>), qui est un bon coach, en aura. Au <a href=\"https:\/\/13heuresfoot.fr\/actualites\/n2-stephane-dief-le-puy-jai-besoin-de-maitriser-mes-emotions\/\" rel=\"nofollow noopener\" target=\"_blank\">Puy<\/a>, il en a eu, il est rest\u00e9 10 ans, mais d\u00e8s fois, au foot, on n\u2019a pas le temps de construire. Pourtant, c\u2019est le secret, mais\u2026<\/p>\n<p><strong>\u00ab\u00a0Le foot, ce n\u2019est pas que l\u2019argent\u00a0\u00bb<\/strong><\/p>\n<p><strong>Tu connais bien le championnat de National 2 : tu le trouves comment aujourd\u2019hui ?<\/strong><br \/>Il \u00e9volue. Il est de plus en plus dur, parce que beaucoup d\u2019\u00e9quipes, comme je le disais avant, travaillent bien. Elles se donnent les moyens de bien travailler, m\u00eame si elles n\u2019ont justement pas trop de \u00ab\u00a0moyens\u00a0\u00bb financiers, parce qu\u2019on voit bien que le foot, ce n\u2019est pas que l\u2019argent, sinon ce serait trop facile.<\/p>\n<p><strong>Tu penses \u00e0 Cannes en disant cela\u2026<\/strong><br \/>Non mais quand j\u2019\u00e9tais \u00e0 Cannes, il y a quelque chose qui m\u2019a frapp\u00e9 : en fait, je regardais toujours mes adversaires en vid\u00e9o avant de les affronter, et quand ils jouaient contre nous, ce n\u2019\u00e9tait pas du tout la m\u00eame chose, cela ne ressemblait plus \u00e0 l\u2019\u00e9quipe que j\u2019avais vu en vid\u00e9o. J\u2019avais bien pr\u00e9venu mes joueurs par rapport \u00e0 \u00e7a. En fait, l\u2019explication est simple : nos adversaires avaient une envie d\u00e9cupl\u00e9e de nous \u00ab\u00a0taper\u00a0\u00bb, un peu comme ceux qui jouent contre Bordeaux aujourd\u2019hui en N2, et ils \u00e9taient donc parfois en sur-r\u00e9gime. Ce qui fait que nos matchs ressemblaient plus \u00e0 des matchs de coupe. Voil\u00e0, c\u2019est \u00e7a, en fait, chaque semaine, on faisais des matchs de coupe de France, et m\u00eame parfois des matchs de coupe d\u2019Europe, parce que les mecs, en face, jouaient leur vie !<\/p>\n<p>\u00ab\u00a0Je vais au bout de mes id\u00e9es\u00a0\u00bb<\/p>\n<p><strong>Tu as l\u2019air d\u2019une personne tr\u00e8s m\u00e9fiante, limite \u00ab\u00a0parano\u00a0\u00bb comme pas mal de coachs d\u2019ailleurs\u2026<\/strong><br \/>Oui, \u00ab\u00a0parano\u00a0\u00bb, je me mets dedans aussi ! M\u00e9fiant, ce n\u2019est pas que dans le foot, c\u2019est dans la vie de tous les jours, m\u00eame si \u00e9videmment le foot veut \u00e7a. Le foot rend m\u00e9fiant. Peut-\u00eatre que si j\u2019avais fait un autre travail, j\u2019aurais \u00e9t\u00e9 pareil, parce que les gens sont\u2026<\/p>\n<p><strong>Fourbes ?<\/strong><br \/>Fourbes. Ce n\u2019est pas que je me m\u00e9fie, mais\u2026 D\u00e9j\u00e0, au foot, avec les joueurs, on arrive \u00e0 cerner leurs mentalit\u00e9s, par rapport \u00e0 ce qu\u2019ils font sur le terrain, et on retrouve ces traits de caract\u00e8re, la combativit\u00e9, la cr\u00e9ativit\u00e9 par exemple, apr\u00e8s leur carri\u00e8re de joueur.<\/p>\n<p><strong>Anny Courtade, l\u2019ex-pr\u00e9sidente de l\u2019AS Cannes, nous a dit que tu avais pris des cours de communication, mais en plaisantant, elle a rajout\u00e9 que tu n\u2019en avais sans doute pas pris assez !<\/strong><br \/>(Rires) J\u2019ai lu un de tes articles l\u2019an pass\u00e9 sur <a href=\"https:\/\/13heuresfoot.fr\/actualites\/herve-della-maggiore-fbbp-01-il-ny-a-pas-beaucoup-de-reconnaissance-du-travail\/\" rel=\"nofollow noopener\" target=\"_blank\">Herv\u00e9 Della Maggiore<\/a>, l\u2019entra\u00eeneur d\u2019Orl\u00e9ans, qui avait des probl\u00e8mes de communication, et je me suis retrouv\u00e9 en lui, \u00e7a m\u2019a marqu\u00e9. J\u2019ai pris des cours quand j\u2019\u00e9tais \u00e0 Clermont parce que je pensais que je devais progresser dans ce domaine, mais ce n\u2019est pas \u00e9vident, entre savoir les choses et les transmettre, c\u2019est dur. Mais je trouve que j\u2019ai beaucoup progress\u00e9 par rapport \u00e0 avant, je m\u2019en aper\u00e7ois quand je vois des joueurs que j\u2019ai form\u00e9s et que j\u2019ai retrouv\u00e9s plus tard, ils me le disent.<\/p>\n<p><strong>Anny Courtade dit aussi que tu es \u2026 t\u00eatu !<\/strong><br \/>Disons que je vais au bout de mes id\u00e9es mais je sais reconna\u00eetre mes torts. Dans le foot, il y a des choix \u00e0 faire, je sais o\u00f9 je vais. Par exemple, quand j\u2019\u00e9tais \u00e0 Cannes, j\u2019\u00e9tais critiqu\u00e9, les supporters ont m\u00eame demand\u00e9 mon d\u00e9part, mais \u00e7a me fait rire, parce que quand j\u2019allais manger \u00e0 La Bocca, ce quartier de Cannes que j\u2019aime, juste \u00e0 c\u00f4t\u00e9 du stade Coubertin, les gens venaient me voir en me f\u00e9licitant\u2026 Les supporters n\u2019\u00e9taient pas contents apr\u00e8s un match nul ou une d\u00e9faite, c\u2019est normal, mais je n\u2019ai pas perdu beaucoup de matchs avec Cannes (sourire). Il faut accepter \u00e7a, je l\u2019accepte, le foot est un sport populaire. J\u2019ai \u00e9t\u00e9 moi-m\u00eame supporter, donc je peux comprendre que l\u2019on ne soit pas content apr\u00e8s un match, mais cela reste du foot. Et puis les supporters n\u2019ont pas tous les \u00e9l\u00e9ments, ils ne savent pas, par exemple, que si je ne fais pas jouer tel joueur, c\u2019est qu\u2019il y a une raison\u2026 une blessure par exemple.<\/p>\n<p>Cr\u00e9ativit\u00e9, intelligence de jeu\u2026<\/p>\n<p><strong>C\u2019est quoi, tes inspirations, tes mod\u00e8les, tes r\u00e9f\u00e9rences en mati\u00e8re de jeu ?<\/strong><br \/>J\u2019aime le foot espagnol (il a des origines espagnols, du c\u00f4t\u00e9 de l\u2019Andalousie). Je trouve qu\u2019il est plus structur\u00e9, on y parle de \u00ab\u00a0carr\u00e9\u00a0\u00bb par exemple. Comme je n\u2019ai pas \u00e9t\u00e9 pris au BEPF, j\u2019ai suivi sur internet des cours de formation de foot espagnol pour \u00ab\u00a0compl\u00e9ter\u00a0\u00bb, pour voir le jeu de position. L\u00e0 bas, ils utilisent des mots diff\u00e9rents. Nous, aujourd\u2019hui, on parle de transition, mais les transitions, \u00e7a a toujours exist\u00e9 !<\/p>\n<p>\u00c0 mon \u00e9poque, Jean Fernandez nous disait qu\u2019il ne fallait pas faire cinq passes, il faisait d\u00e9j\u00e0 de la r\u00e9cup\u00e9ration du ballon, on n\u2019invente rien aujourd\u2019hui ! Moi, ce que j\u2019aime, c\u2019est que les joueurs trouvent des solutions; par exemple, quand je mets des situations de jeu \u00e0 l\u2019entra\u00eenement, c\u2019est pour d\u00e9velopper l\u2019intelligence de jeu, parce que c\u2019est important. On parle aussi de ce \u00ab\u00a0foot robot\u00a0\u00bb, qui manque un peu de cr\u00e9ativit\u00e9 aujourd\u2019hui, mais pour moi, tout part du football chez les jeunes. Il faut laisser de la cr\u00e9ativit\u00e9 dans les trente derniers m\u00e8tres et accepter, si le joueur tente quelque chose, qu\u2019il perde un ballon mais derri\u00e8re, il faut que le mec chasse, qu\u2019il fasse du \u00ab\u00a0un contre un\u00a0\u00bb, ce qui se fait de plus en plus maintenant, o\u00f9 c\u2019est pratiquement du marquage individuel. Il faut des joueurs rapides derri\u00e8re si on joue haut, si on fait le pressing haut, sinon on prend des vagues. J\u2019aime bien le syst\u00e8me en 4-3-3 avec des centres, j\u2019aime aussi quand on \u00ab\u00a0rentre\u00a0\u00bb \u00e0 l\u2019int\u00e9rieur pour mettre le surnombre. Il faut mettre de la vari\u00e9t\u00e9 dans le jeu. Le 4-4-2 aussi, c\u2019est bien structur\u00e9, mais si j\u2019ai l\u2019\u00e9quipe pour jouer avec des pistons, je vais changer le style, parce qu\u2019il faut gagner des matches ! C\u2019est pour \u00e7a que la formation est importante, que le travail est important, afin que les jeunes connaissent les syst\u00e8mes et s\u2019adaptent quand il le faut.<\/p>\n<ul>\n<li><strong>Texte : Anthony BOYER \/ X @BOYERANTHONY06 \/ mail : aboyer@13heuresfoot.fr<br \/><\/strong><\/li>\n<li><strong>Photos : 13HF et DR<\/strong><\/li>\n<li><strong>Suivez-nous sur nos r\u00e9seaux sociaux (Facebook, X et Instagram) : @13heuresfoot<\/strong><\/li>\n<li><strong>D\u2019autres articles ? Visitez le site web<a href=\"https:\/\/13heuresfoot.fr\/\" rel=\"nofollow noopener\" target=\"_blank\">13heuresfoot<\/a><br \/><\/strong><\/li>\n<li><strong>Un commentaire, une suggestion, contactez-nous (mail) : contact@13heuresfoot.fr<\/strong><\/li>\n<\/ul>\n<p>&#13;<br \/>\n\t\t\t\t Post Views: 1\u00a0746&#13;\n\t\t\t<\/p>\n","protected":false},"excerpt":{"rendered":"L\u2019ex-attaquant des ann\u00e9es 90, reconverti entra\u00eeneur depuis plus de 20 ans, mais sans club depuis l\u2019hiver dernier, retrace&hellip;\n","protected":false},"author":2,"featured_media":441981,"comment_status":"","ping_status":"","sticky":false,"template":"","format":"standard","meta":{"footnotes":""},"categories":[1410],"tags":[63,1011,27,60],"class_list":{"0":"post-441980","1":"post","2":"type-post","3":"status-publish","4":"format-standard","5":"has-post-thumbnail","7":"category-football","8":"tag-football","9":"tag-fr","10":"tag-france","11":"tag-sports"},"share_on_mastodon":{"url":"https:\/\/pubeurope.com\/@fr\/115324969447896264","error":""},"_links":{"self":[{"href":"https:\/\/www.europesays.com\/fr\/wp-json\/wp\/v2\/posts\/441980","targetHints":{"allow":["GET"]}}],"collection":[{"href":"https:\/\/www.europesays.com\/fr\/wp-json\/wp\/v2\/posts"}],"about":[{"href":"https:\/\/www.europesays.com\/fr\/wp-json\/wp\/v2\/types\/post"}],"author":[{"embeddable":true,"href":"https:\/\/www.europesays.com\/fr\/wp-json\/wp\/v2\/users\/2"}],"replies":[{"embeddable":true,"href":"https:\/\/www.europesays.com\/fr\/wp-json\/wp\/v2\/comments?post=441980"}],"version-history":[{"count":0,"href":"https:\/\/www.europesays.com\/fr\/wp-json\/wp\/v2\/posts\/441980\/revisions"}],"wp:featuredmedia":[{"embeddable":true,"href":"https:\/\/www.europesays.com\/fr\/wp-json\/wp\/v2\/media\/441981"}],"wp:attachment":[{"href":"https:\/\/www.europesays.com\/fr\/wp-json\/wp\/v2\/media?parent=441980"}],"wp:term":[{"taxonomy":"category","embeddable":true,"href":"https:\/\/www.europesays.com\/fr\/wp-json\/wp\/v2\/categories?post=441980"},{"taxonomy":"post_tag","embeddable":true,"href":"https:\/\/www.europesays.com\/fr\/wp-json\/wp\/v2\/tags?post=441980"}],"curies":[{"name":"wp","href":"https:\/\/api.w.org\/{rel}","templated":true}]}}