{"id":441984,"date":"2025-10-06T02:57:14","date_gmt":"2025-10-06T02:57:14","guid":{"rendered":"https:\/\/www.europesays.com\/fr\/441984\/"},"modified":"2025-10-06T02:57:14","modified_gmt":"2025-10-06T02:57:14","slug":"quatre-jours-de-decouvertes-litteraires-au-22e-salon-du-livre-de-la-peninsule-acadienne","status":"publish","type":"post","link":"https:\/\/www.europesays.com\/fr\/441984\/","title":{"rendered":"Quatre jours de d\u00e9couvertes litt\u00e9raires au 22e\u00a0Salon du livre de la P\u00e9ninsule acadienne"},"content":{"rendered":"<p class=\"sc-jbo7hw-7 bDkRIk\">Le 22e\u00a0Salon du livre de la P\u00e9ninsule acadienne, pr\u00e9sent\u00e9 \u00e0 Shippagan au Nouveau-Brunswick, a conclu son rendez-vous annuel dimanche apr\u00e8s quatre jours de d\u00e9couvertes litt\u00e9raires.<\/p>\n<p class=\"sc-jbo7hw-7 bDkRIk\">Plus d&rsquo;une centaine d\u2019auteurs francophones de l\u2019Acadie et du Qu\u00e9bec ont pr\u00e9sent\u00e9 leurs \u0153uvres devant des milliers de visiteurs avides de d\u00e9couvrir une litt\u00e9rature pour tous les go\u00fbts.<\/p>\n<p class=\"sc-jbo7hw-7 bDkRIk\">Des milliers de lecteurs ont converg\u00e9 vers le Centre Rh\u00e9al-Cormier pour construire des ponts, selon le th\u00e8me du salon.<\/p>\n<p class=\"sc-jbo7hw-7 bDkRIk\">Pour les auteurs, participer \u00e0 un salon comme celui de la P\u00e9ninsule acadienne est bien sp\u00e9cial.<\/p>\n<p class=\"sc-jbo7hw-7 bDkRIk\">J\u2019en ai fait plusieurs cette ann\u00e9e et il y a peu de salons qui sont aussi dynamiques, affirme l\u2019auteur et animateur Alain Crevier.<\/p>\n<p><img decoding=\"async\" alt=\"Une femme est assise \u00e0 une petite table ronde avec son livre devant elle et sourit pour la photo.\" class=\"absolute left-0 top-0 size-full object-cover transition-opacity ease-out print:relative html-dark:brightness-[.8]\" loading=\"lazy\" src=\"https:\/\/www.europesays.com\/fr\/wp-content\/uploads\/2025\/10\/salon-livre-peninsule-acadienne-lysanne-obomsawin.jpg\"\/>Ouvrir en mode plein \u00e9cran<\/p>\n<p class=\"sc-ic6be9-2 kYrgAK\">La cheffe cuisini\u00e8re Lysanne O&rsquo;Bomsawin pr\u00e9sentait \u00e0 Shippagan son livre \u00abCuisine autochtone : Saveurs et savoir-faire d&rsquo;hier \u00e0 aujourd&rsquo;hui\u00bb.<\/p>\n<p class=\"sc-ic6be9-1 cJJtvJ text-gray600 light:text-gray600 dark:text-gray400\">Photo : Radio-Canada \/ R\u00e9al Fradette<\/p>\n<p class=\"sc-jbo7hw-7 bDkRIk\">J\u2019adore les petits salons comme ici. \u00c7a me permet de pouvoir \u00e9changer davantage avec les lecteurs, d\u00e9clare Lysanne O\u2019Bomsawin, qui a pr\u00e9sent\u00e9 son livre de cuisine autochtone.<\/p>\n<p class=\"sc-jbo7hw-7 bDkRIk\">Pour les librairies ind\u00e9pendantes comme la Librairie P\u00e9lagie de Shippagan, c\u2019est l\u2019occasion parfaite pour faire le plein de clients potentiels pour toute l\u2019ann\u00e9e, explique la copropri\u00e9taire, Annie Chiasson.<\/p>\n<p><img decoding=\"async\" alt=\"Une femme pose pour une photo. Il y a des kiosques et des \u00e9talages de livres derri\u00e8re elle.\" class=\"absolute left-0 top-0 size-full object-cover transition-opacity ease-out print:relative html-dark:brightness-[.8]\" loading=\"lazy\" src=\"https:\/\/www.europesays.com\/fr\/wp-content\/uploads\/2025\/10\/salon-livre-peninsule-acadiienne-annie-chiasson.jpg\"\/>Ouvrir en mode plein \u00e9cran<\/p>\n<p class=\"sc-ic6be9-2 kYrgAK\">Annie Chiasson est copropri\u00e9taire de la Librairie P\u00e9lagie, \u00e0 Shippagan.<\/p>\n<p class=\"sc-ic6be9-1 cJJtvJ text-gray600 light:text-gray600 dark:text-gray400\">Photo : Radio-Canada \/ R\u00e9al Fradette<\/p>\n<p class=\"sc-jbo7hw-7 bDkRIk\">Pour les librairies ind\u00e9pendantes, un \u00e9v\u00e9nement communautaire comme celui-ci, \u00e7a permet presque d\u2019offrir le service \u00e0 la communaut\u00e9 pour la suite de l\u2019ann\u00e9e, dit-elle.<\/p>\n<p class=\"sc-jbo7hw-7 bDkRIk\">Selon les premi\u00e8res estimations, une foule record a fr\u00e9quent\u00e9 le salon en fin de semaine, affirme la pr\u00e9sidente Lisette Cormier-No\u00ebl. \u00c0 date, \u00e7a va vraiment au-del\u00e0 de nos esp\u00e9rances. On a eu beaucoup de monde depuis jeudi soir.<\/p>\n<p class=\"sc-jbo7hw-7 bDkRIk\">D\u2019apr\u00e8s le reportage de R\u00e9al Fradette<\/p>\n","protected":false},"excerpt":{"rendered":"Le 22e\u00a0Salon du livre de la P\u00e9ninsule acadienne, pr\u00e9sent\u00e9 \u00e0 Shippagan au Nouveau-Brunswick, a conclu son rendez-vous annuel&hellip;\n","protected":false},"author":2,"featured_media":441985,"comment_status":"","ping_status":"","sticky":false,"template":"","format":"standard","meta":{"footnotes":""},"categories":[1357],"tags":[1379,58,59,1011,27,1380],"class_list":{"0":"post-441984","1":"post","2":"type-post","3":"status-publish","4":"format-standard","5":"has-post-thumbnail","7":"category-livres","8":"tag-books","9":"tag-divertissement","10":"tag-entertainment","11":"tag-fr","12":"tag-france","13":"tag-livres"},"share_on_mastodon":{"url":"https:\/\/pubeurope.com\/@fr\/115324980395299099","error":""},"_links":{"self":[{"href":"https:\/\/www.europesays.com\/fr\/wp-json\/wp\/v2\/posts\/441984","targetHints":{"allow":["GET"]}}],"collection":[{"href":"https:\/\/www.europesays.com\/fr\/wp-json\/wp\/v2\/posts"}],"about":[{"href":"https:\/\/www.europesays.com\/fr\/wp-json\/wp\/v2\/types\/post"}],"author":[{"embeddable":true,"href":"https:\/\/www.europesays.com\/fr\/wp-json\/wp\/v2\/users\/2"}],"replies":[{"embeddable":true,"href":"https:\/\/www.europesays.com\/fr\/wp-json\/wp\/v2\/comments?post=441984"}],"version-history":[{"count":0,"href":"https:\/\/www.europesays.com\/fr\/wp-json\/wp\/v2\/posts\/441984\/revisions"}],"wp:featuredmedia":[{"embeddable":true,"href":"https:\/\/www.europesays.com\/fr\/wp-json\/wp\/v2\/media\/441985"}],"wp:attachment":[{"href":"https:\/\/www.europesays.com\/fr\/wp-json\/wp\/v2\/media?parent=441984"}],"wp:term":[{"taxonomy":"category","embeddable":true,"href":"https:\/\/www.europesays.com\/fr\/wp-json\/wp\/v2\/categories?post=441984"},{"taxonomy":"post_tag","embeddable":true,"href":"https:\/\/www.europesays.com\/fr\/wp-json\/wp\/v2\/tags?post=441984"}],"curies":[{"name":"wp","href":"https:\/\/api.w.org\/{rel}","templated":true}]}}