{"id":442021,"date":"2025-10-06T03:29:18","date_gmt":"2025-10-06T03:29:18","guid":{"rendered":"https:\/\/www.europesays.com\/fr\/442021\/"},"modified":"2025-10-06T03:29:18","modified_gmt":"2025-10-06T03:29:18","slug":"tournoi-label-excellence-de-nantes-elsa-jouanneau-en-bronze","status":"publish","type":"post","link":"https:\/\/www.europesays.com\/fr\/442021\/","title":{"rendered":"Tournoi label excellence de Nantes : Elsa Jouanneau en bronze"},"content":{"rendered":"<p>Voil\u00e0 une saison qui d\u00e9marre fort pour Elsa Jouanneau, du Judo Club de Vend\u00f4me.\u00a0En argent la semaine derni\u00e8re sur le tournoi senior Label A de Lamballe (C\u00f4tes-d\u2019Armor) dans la cat\u00e9gorie des -48\u00a0kg, la combattante loir-et-ch\u00e9rienne est mont\u00e9e samedi 4\u00a0octobre sur le podium du tournoi senior Label Excellence de Nantes, avec une m\u00e9daille de bronze autour du cou&#8230;. <\/p>\n<p>    Cet article a \u00e9t\u00e9 tronqu\u00e9. Abonnez-vous pour lire l&rsquo;article complet sur notre site.<\/p>\n<p style=\"margin: 0 !important; padding: 0 !important; font-size: 12px !important;\">Cet article a \u00e9t\u00e9 tronqu\u00e9. Abonnez-vous pour lire l&rsquo;article complet.<\/p>\n<p>    <a href=\"https:\/\/www.lanouvellerepublique.fr\/abonnements\" style=\"display: inline-block; margin-top: 5px !important; padding: 6px 12px !important; background: #cb1c27; color: white; text-decoration: none; border-radius: 4px; font-size: 12px !important;\" target=\"_blank\" rel=\"noopener\"><br \/>\n      S&rsquo;abonner<br \/>\n    <\/a><\/p>\n","protected":false},"excerpt":{"rendered":"Voil\u00e0 une saison qui d\u00e9marre fort pour Elsa Jouanneau, du Judo Club de Vend\u00f4me.\u00a0En argent la semaine derni\u00e8re&hellip;\n","protected":false},"author":2,"featured_media":442022,"comment_status":"","ping_status":"","sticky":false,"template":"","format":"standard","meta":{"footnotes":""},"categories":[2818],"tags":[1111,11,1777,674,1011,27,13739,4368,766,12,2636,25,60,4369],"class_list":{"0":"post-442021","1":"post","2":"type-post","3":"status-publish","4":"format-standard","5":"has-post-thumbnail","7":"category-nantes","8":"tag-actu","9":"tag-actualites","10":"tag-eu","11":"tag-europe","12":"tag-fr","13":"tag-france","14":"tag-judo","15":"tag-loir-et-cher","16":"tag-nantes","17":"tag-news","18":"tag-pays-de-la-loire","19":"tag-republique-francaise","20":"tag-sports","21":"tag-vendome"},"share_on_mastodon":{"url":"https:\/\/pubeurope.com\/@fr\/115325105807734730","error":""},"_links":{"self":[{"href":"https:\/\/www.europesays.com\/fr\/wp-json\/wp\/v2\/posts\/442021","targetHints":{"allow":["GET"]}}],"collection":[{"href":"https:\/\/www.europesays.com\/fr\/wp-json\/wp\/v2\/posts"}],"about":[{"href":"https:\/\/www.europesays.com\/fr\/wp-json\/wp\/v2\/types\/post"}],"author":[{"embeddable":true,"href":"https:\/\/www.europesays.com\/fr\/wp-json\/wp\/v2\/users\/2"}],"replies":[{"embeddable":true,"href":"https:\/\/www.europesays.com\/fr\/wp-json\/wp\/v2\/comments?post=442021"}],"version-history":[{"count":0,"href":"https:\/\/www.europesays.com\/fr\/wp-json\/wp\/v2\/posts\/442021\/revisions"}],"wp:featuredmedia":[{"embeddable":true,"href":"https:\/\/www.europesays.com\/fr\/wp-json\/wp\/v2\/media\/442022"}],"wp:attachment":[{"href":"https:\/\/www.europesays.com\/fr\/wp-json\/wp\/v2\/media?parent=442021"}],"wp:term":[{"taxonomy":"category","embeddable":true,"href":"https:\/\/www.europesays.com\/fr\/wp-json\/wp\/v2\/categories?post=442021"},{"taxonomy":"post_tag","embeddable":true,"href":"https:\/\/www.europesays.com\/fr\/wp-json\/wp\/v2\/tags?post=442021"}],"curies":[{"name":"wp","href":"https:\/\/api.w.org\/{rel}","templated":true}]}}