{"id":442023,"date":"2025-10-06T03:31:12","date_gmt":"2025-10-06T03:31:12","guid":{"rendered":"https:\/\/www.europesays.com\/fr\/442023\/"},"modified":"2025-10-06T03:31:12","modified_gmt":"2025-10-06T03:31:12","slug":"previsions-du-lundi-6-octobre-2025-14","status":"publish","type":"post","link":"https:\/\/www.europesays.com\/fr\/442023\/","title":{"rendered":"pr\u00e9visions du lundi 6 octobre 2025"},"content":{"rendered":"<p class=\"mb-4 text-lg md:leading-8 break-words\"><strong>M\u00e9t\u00e9o &#8211; Un superbe soleil va briller et ce, tout au long de la journ\u00e9e. Les temp\u00e9ratures seront de 14\u00b0C la matin\u00e9e et de 20\u00b0C l&rsquo;apr\u00e8s-midi&#8230;<\/strong><\/p>\n<p class=\"mb-4 text-lg md:leading-8 break-words\">Aujourd&rsquo;hui, un beau soleil brillera sur Bordeaux. Les temp\u00e9ratures s&rsquo;\u00e9chelonneront entre 9 et 21\u00b0C. Un vent de nord-est soufflera l\u00e9g\u00e8rement, avec 7 km\/h. Un temps plus chaud est \u00e0 pr\u00e9voir l&rsquo;apr\u00e8s-midi puisque les temp\u00e9ratures vont enregistrer une hausse. Les valeurs afficheront entre 18\u00b0C et 21\u00b0C. Le ciel sera relativement lumineux, avec quelques \u00e9claircies le soir. Les temp\u00e9ratures avoisineront les 15\u00b0C. Un ciel limpide est attendu dans la nuit reliant lundi et mardi.<\/p>\n<p class=\"mb-4 text-lg md:leading-8 break-words\">Demain, les Bordelais vont pouvoir profiter d&rsquo;un soleil radieux. L&rsquo;air ambiant va se r\u00e9chauffer avec une augmentation de quelques degr\u00e9s. Les valeurs seront comprises entre 10 et 26\u00b0C. Il va faire en moyenne 16\u00b0C, le matin. Un modeste vent d&rsquo;est sera ressenti par les habitants. Les temp\u00e9ratures vont conna\u00eetre une hausse de plusieurs degr\u00e9s dans l&rsquo;apr\u00e8s-midi. Les valeurs seront de 21\u00b0C au plus bas et de 26\u00b0C au maximum. Le ciel va quelque peu se d\u00e9gager dans la soir\u00e9e avec des \u00e9claircies. On pr\u00e9voit des valeurs d&rsquo;environ 18\u00b0C. Une l\u00e9g\u00e8re brise de nord-ouest soufflera.<\/p>\n<p class=\"mb-4 text-lg md:leading-8 break-words\">La m\u00e9t\u00e9o restera inchang\u00e9e les jours \u00e0 venir. Le temps sera ensoleill\u00e9 avec des temp\u00e9ratures avoisinant 20\u00b0C.<\/p>\n<p class=\"mb-4 text-lg md:leading-8 break-words\"><a href=\"https:\/\/www.20minutes.fr\/planete\/previsions-meteo\/4177251-20251006-meteo-bordeaux-previsions-lundi-6-octobre-2025?at_medium=RSS%20feed&amp;at_campaign=ynews&amp;utm_source=yahoo&amp;utm_medium=rss&amp;utm_campaign=news_feed&amp;utm_content=read_more_link&quot;\" rel=\"nofollow noopener\" target=\"_blank\" data-ylk=\"slk:Lire la suite sur 20minutes;elm:context_link;itc:0;sec:content-canvas\" class=\"link \">Lire la suite sur 20minutes<\/a><\/p>\n","protected":false},"excerpt":{"rendered":"M\u00e9t\u00e9o &#8211; Un superbe soleil va briller et ce, tout au long de la journ\u00e9e. Les temp\u00e9ratures seront&hellip;\n","protected":false},"author":2,"featured_media":442024,"comment_status":"","ping_status":"","sticky":false,"template":"","format":"standard","meta":{"footnotes":""},"categories":[2817],"tags":[1111,11,1997,1777,674,1011,27,29508,2487,12,2219,25],"class_list":{"0":"post-442023","1":"post","2":"type-post","3":"status-publish","4":"format-standard","5":"has-post-thumbnail","7":"category-bordeaux","8":"tag-actu","9":"tag-actualites","10":"tag-bordeaux","11":"tag-eu","12":"tag-europe","13":"tag-fr","14":"tag-france","15":"tag-le-ciel","16":"tag-meteo","17":"tag-news","18":"tag-nouvelle-aquitaine","19":"tag-republique-francaise"},"share_on_mastodon":{"url":"https:\/\/pubeurope.com\/@fr\/115325113720725340","error":""},"_links":{"self":[{"href":"https:\/\/www.europesays.com\/fr\/wp-json\/wp\/v2\/posts\/442023","targetHints":{"allow":["GET"]}}],"collection":[{"href":"https:\/\/www.europesays.com\/fr\/wp-json\/wp\/v2\/posts"}],"about":[{"href":"https:\/\/www.europesays.com\/fr\/wp-json\/wp\/v2\/types\/post"}],"author":[{"embeddable":true,"href":"https:\/\/www.europesays.com\/fr\/wp-json\/wp\/v2\/users\/2"}],"replies":[{"embeddable":true,"href":"https:\/\/www.europesays.com\/fr\/wp-json\/wp\/v2\/comments?post=442023"}],"version-history":[{"count":0,"href":"https:\/\/www.europesays.com\/fr\/wp-json\/wp\/v2\/posts\/442023\/revisions"}],"wp:featuredmedia":[{"embeddable":true,"href":"https:\/\/www.europesays.com\/fr\/wp-json\/wp\/v2\/media\/442024"}],"wp:attachment":[{"href":"https:\/\/www.europesays.com\/fr\/wp-json\/wp\/v2\/media?parent=442023"}],"wp:term":[{"taxonomy":"category","embeddable":true,"href":"https:\/\/www.europesays.com\/fr\/wp-json\/wp\/v2\/categories?post=442023"},{"taxonomy":"post_tag","embeddable":true,"href":"https:\/\/www.europesays.com\/fr\/wp-json\/wp\/v2\/tags?post=442023"}],"curies":[{"name":"wp","href":"https:\/\/api.w.org\/{rel}","templated":true}]}}