{"id":442025,"date":"2025-10-06T03:32:20","date_gmt":"2025-10-06T03:32:20","guid":{"rendered":"https:\/\/www.europesays.com\/fr\/442025\/"},"modified":"2025-10-06T03:32:20","modified_gmt":"2025-10-06T03:32:20","slug":"cest-quoi-cette-course-avec-des-centaines-de-zombies-organisee-pres-de-toulouse","status":"publish","type":"post","link":"https:\/\/www.europesays.com\/fr\/442025\/","title":{"rendered":"C&rsquo;est quoi cette course avec des centaines de zombies organis\u00e9e pr\u00e8s de Toulouse\u00a0?"},"content":{"rendered":"<p>            Par<br \/>\n        <strong><br \/>\n            <a href=\"https:\/\/actu.fr\/auteur\/gabriel-kenedi\" title=\"Consulter tous les articles de Gabriel Kenedi\" target=\"_blank\" rel=\"noopener\">Gabriel Kenedi<\/a><br \/>\n        <\/strong><\/p>\n<p>        Publi\u00e9 le<\/p>\n<p>            5 oct. 2025 \u00e0 16h06        <\/p>\n<p>Voil\u00e0 un \u00e9v\u00e9nement qui ne va pas passer inaper\u00e7u ! Une grande<strong> course d\u2019orientation<\/strong> va avoir lieu \u00e0 Beauzelle (Haute-Garonne), pr\u00e8s de Toulouse, le 18 octobre 2025. Mais elle s\u2019annonce peu ordinaire\u2026 il s\u2019agit en effet<strong> d\u2019une course de zombies<\/strong> !\u00a0<\/p>\n<p>Zomb\u2019in The Dark, l\u2019\u00e9v\u00e8nement d\u00e9barque \u00e0 Toulouse\u00a0<\/p>\n<p class=\" wall-content\">Le concept ? \u00ab\u00a0Seuls ou en \u00e9quipe, les participants doivent explorer<strong> un lieu plong\u00e9 dans la nuit<\/strong>, \u00e0 l\u2019aide d\u2019une lampe et d\u2019une boussole, pour valider un maximum de balises en 1h30, et ainsi gagner des points\u00a0\u00bb, indiquent les organisateurs de cette course baptis\u00e9e Zomb\u2019In The Dark, qui a lieu dans plusieurs villes de France.\u00a0<\/p>\n<blockquote class=\"ac-article-quote wall-content\">\n<p>\u00ab\u00a0Seul hic : le lieu de course est rempli de zombies affam\u00e9s tapis dans l\u2019ombre ! Leur but : arracher les languettes de vie accroch\u00e9es \u00e0 la ceinture des survivants. Chaque vie en moins entra\u00eene un malus de points sur le score final. Suspens, frissons, fous-rires et courses-poursuites : les survivants n\u2019ont pas fini de baliser !\u00a0\u00bb\u00a0<\/p>\n<p>    <strong>Les organisateurs de la course Zomb&rsquo;In The Dark \u00e0 Beauzelle<\/strong>\n            <\/p><\/blockquote>\n<p>Un lieu choisi : la base de loisirs des quinze sols\u00a0<\/p>\n<p class=\" wall-content\">Les zombies vont donc envahir la for\u00eat de<strong> la base de loisirs des Quinze Sol<\/strong>s, \u00e0 Beauzelle. \u00ab\u00a0Les bois, si paisibles en journ\u00e9e, deviennent le terrain de chasse des zombies d\u00e8s que la nuit tombe\u2026\u00a0\u00bb, pr\u00e9cisent encore les organisateurs, qui promettent attendent \u00ab\u00a0des centaines de zombies et survivants\u00a0\u00bb le 18 octobre prochain.<\/p>\n<p class=\" wall-content\">Pr\u00e9cisons que cette course est organis\u00e9e par l\u2019entreprise Arg\u00e9mie, \u00e0 l\u2019origine du projet en collaboration avec le club de course d\u2019orientation de la Balise Orientation Albigeoise 81.\u00a0<\/p>\n<p>Vid\u00e9os : en ce moment sur ActuQuels tarifs ?\u00a0<\/p>\n<p class=\" wall-content\">Les inscriptions sont d\u00e9j\u00e0 ouvertes. Si l\u2019\u00e9quipe de zombies a d\u00e9j\u00e0 \u00e9t\u00e9 recrut\u00e9e et affiche complet, il reste encore une poign\u00e9e de places pour rejoindre le camp des survivants. Comptez 32 euros par personne.<\/p>\n<p>Votre r\u00e9gion, votre actu !<\/p>\n<p>Recevez chaque jour les infos qui comptent pour vous.<\/p>\n<p>\t<a href=\"https:\/\/actu.fr\/newsletter\" class=\"ac-btn ac-btn--corner ac-btn--medium ac-btn--blue800\" target=\"_blank\" rel=\"noopener\">S&rsquo;incrire<\/a><br \/>\nZomb\u2019In The Dark, \u00e0 Beauzelle, le 18 octobre 2025. Plus d\u2019infos <a href=\"https:\/\/zombinthedark.fr\/toulouse-course-zombie\/\" target=\"_blank\" rel=\"noopener\">sur le site de l\u2019\u00e9v\u00e8nement<\/a>.\u00a0<\/p>\n<p class=\" wall-content\">Personnalisez votre actualit\u00e9 en ajoutant vos villes et m\u00e9dias en favori avec <a href=\"https:\/\/moncompte.actu.fr\" title=\"D\u00e9couvez Mon Actu\" rel=\"nofollow noopener\" data-trk=\"{&quot;cta&quot;:{&quot;action&quot;:&quot;https:\\\/\\\/moncompte.actu.fr&quot;,&quot;category&quot;:&quot;mon compte&quot;,&quot;from&quot;:&quot;article footer&quot;,&quot;name&quot;:&quot;Mon actu&quot;,&quot;type&quot;:&quot;cta&quot;}}\" target=\"_blank\">Mon Actu<\/a>.<\/p>\n","protected":false},"excerpt":{"rendered":"Par Gabriel Kenedi Publi\u00e9 le 5 oct. 2025 \u00e0 16h06 Voil\u00e0 un \u00e9v\u00e9nement qui ne va pas passer&hellip;\n","protected":false},"author":2,"featured_media":442026,"comment_status":"","ping_status":"","sticky":false,"template":"","format":"standard","meta":{"footnotes":""},"categories":[2816],"tags":[1111,11,1777,674,1011,27,1652,12,2680,25,1341,2312],"class_list":{"0":"post-442025","1":"post","2":"type-post","3":"status-publish","4":"format-standard","5":"has-post-thumbnail","7":"category-toulouse","8":"tag-actu","9":"tag-actualites","10":"tag-eu","11":"tag-europe","12":"tag-fr","13":"tag-france","14":"tag-loisirs-culture","15":"tag-news","16":"tag-occitanie","17":"tag-republique-francaise","18":"tag-sortir-a-toulouse","19":"tag-toulouse"},"share_on_mastodon":{"url":"https:\/\/pubeurope.com\/@fr\/115325117578722140","error":""},"_links":{"self":[{"href":"https:\/\/www.europesays.com\/fr\/wp-json\/wp\/v2\/posts\/442025","targetHints":{"allow":["GET"]}}],"collection":[{"href":"https:\/\/www.europesays.com\/fr\/wp-json\/wp\/v2\/posts"}],"about":[{"href":"https:\/\/www.europesays.com\/fr\/wp-json\/wp\/v2\/types\/post"}],"author":[{"embeddable":true,"href":"https:\/\/www.europesays.com\/fr\/wp-json\/wp\/v2\/users\/2"}],"replies":[{"embeddable":true,"href":"https:\/\/www.europesays.com\/fr\/wp-json\/wp\/v2\/comments?post=442025"}],"version-history":[{"count":0,"href":"https:\/\/www.europesays.com\/fr\/wp-json\/wp\/v2\/posts\/442025\/revisions"}],"wp:featuredmedia":[{"embeddable":true,"href":"https:\/\/www.europesays.com\/fr\/wp-json\/wp\/v2\/media\/442026"}],"wp:attachment":[{"href":"https:\/\/www.europesays.com\/fr\/wp-json\/wp\/v2\/media?parent=442025"}],"wp:term":[{"taxonomy":"category","embeddable":true,"href":"https:\/\/www.europesays.com\/fr\/wp-json\/wp\/v2\/categories?post=442025"},{"taxonomy":"post_tag","embeddable":true,"href":"https:\/\/www.europesays.com\/fr\/wp-json\/wp\/v2\/tags?post=442025"}],"curies":[{"name":"wp","href":"https:\/\/api.w.org\/{rel}","templated":true}]}}