{"id":442027,"date":"2025-10-06T03:33:11","date_gmt":"2025-10-06T03:33:11","guid":{"rendered":"https:\/\/www.europesays.com\/fr\/442027\/"},"modified":"2025-10-06T03:33:11","modified_gmt":"2025-10-06T03:33:11","slug":"futsal-lujs-toulouse-dominatrice-mais-encore-battue","status":"publish","type":"post","link":"https:\/\/www.europesays.com\/fr\/442027\/","title":{"rendered":"Futsal : l\u2019UJS Toulouse dominatrice mais encore battue"},"content":{"rendered":"<p>Prometteurs, ils l\u2019ont \u00e9t\u00e9 les joueurs de Pepe Narvaez samedi \u00e0 Nantes. Encore plus lorsque l\u2019on voit l\u2019entame de match dominatrice des Aigles sur le terrain des \u00c9l\u00e9phants et cette ouverture du score en filou d\u2019Ayoub Bouita qui d\u00e9vie au nez et \u00e0 la barbe du portier nantais la lourde frappe de Mandado (9).<\/p>\n<p>Mais voil\u00e0, cette domination ne donnera lieu qu\u2019\u00e0 un seul but. Trop peu pour faire la diff\u00e9rence. Alors \u00e0 force de manquer le but du break, les Aigles, une fois n\u2019est pas coutume, se sont fait surprendre et reprendre sur une combinaison \u00e0 cinq minutes de la pause. Pire, deux minutes plus tard, ils seront m\u00eame men\u00e9s.<\/p>\n<p>La gestion des buts adverses, c\u2019\u00e9tait pourtant l\u2019un des points mental sur lequel l\u2019entra\u00eeneur espagnol avait appuy\u00e9 cette semaine.<\/p>\n<p>Au retour des vestiaires, Simon Luc aurait pu \u00e9galiser d\u00e8s la reprise, mais le manque de r\u00e9alisme des Aigles cette saison semble si profond qu\u2019il manque son face-\u00e0-face, lui l\u2019habituel tueur devant la cage. Dans un second acte qu\u2019ils ont aussi domin\u00e9, le troisi\u00e8me but nantais viendra d\u2019un contre d\u00e9favorable. Quand \u00e7a ne veut pas\u2026<\/p>\n<p>Quelques minutes plus tard, c\u2019est en situation de power-play qu\u2019ils seront punis, d\u2019une frappe depuis sa propre surface sign\u00e9e De Sa Andrade. Comme un symbole, c\u2019est le capitaine Younes Ahssen qui loba de la t\u00eate son propre gardien pour le dernier but du match. Score final 5-1, les Aigles ont longtemps emb\u00eat\u00e9 l\u2019\u00c9l\u00e9phant avant de se faire \u00e9craser\u2026<\/p>\n<p>nantes 5 \u2013 toulouse 1<\/p>\n<p>MT : 2-1 Arbitre : Jordan Feltesse assist\u00e9 par Pierre Bourez<\/p>\n<p><b>Pour Nantes :<\/b> Bendali (15), Mingolo (17), Valdelvira (31), De Sa Andrade (35), Y. Ahssen (csc, 39).<\/p>\n<p><b>Pour Toulouse :<\/b> Ay. Bouita (9).<\/p>\n<p><b>NANTES METROPOLE :<\/b> Alvarez Sueldo, Mingolo, Bendali, De Sa Andrade, Valdelvira ; Silva Santos, Khelif, Soukouna, Fernandez, Paes, Napoles, Sacko.<\/p>\n<p>Entra\u00eeneur : Fabrice Gacougnolle<\/p>\n<p><b>UJS TOULOUSE : <\/b>Mandado, Ay. Bouita, I. Ahssen, Y.Ahssen, Luc ; Faupin, Azzakhnini, Iniesta, An. Bouita, Garros, Touil, Takdjerad.<\/p>\n<p>Entra\u00eeneur : Pepe Narvaez<\/p>\n<p>C<b>artons jaunes : <\/b>Pepe Narvaez (12), I. Ahssen (17), Iniesta (24), Luc (27).<\/p>\n","protected":false},"excerpt":{"rendered":"Prometteurs, ils l\u2019ont \u00e9t\u00e9 les joueurs de Pepe Narvaez samedi \u00e0 Nantes. Encore plus lorsque l\u2019on voit l\u2019entame&hellip;\n","protected":false},"author":2,"featured_media":442028,"comment_status":"","ping_status":"","sticky":false,"template":"","format":"standard","meta":{"footnotes":""},"categories":[2816],"tags":[1111,11,1777,674,1011,27,12,2680,25,2312],"class_list":{"0":"post-442027","1":"post","2":"type-post","3":"status-publish","4":"format-standard","5":"has-post-thumbnail","7":"category-toulouse","8":"tag-actu","9":"tag-actualites","10":"tag-eu","11":"tag-europe","12":"tag-fr","13":"tag-france","14":"tag-news","15":"tag-occitanie","16":"tag-republique-francaise","17":"tag-toulouse"},"share_on_mastodon":{"url":"https:\/\/pubeurope.com\/@fr\/115325121506879899","error":""},"_links":{"self":[{"href":"https:\/\/www.europesays.com\/fr\/wp-json\/wp\/v2\/posts\/442027","targetHints":{"allow":["GET"]}}],"collection":[{"href":"https:\/\/www.europesays.com\/fr\/wp-json\/wp\/v2\/posts"}],"about":[{"href":"https:\/\/www.europesays.com\/fr\/wp-json\/wp\/v2\/types\/post"}],"author":[{"embeddable":true,"href":"https:\/\/www.europesays.com\/fr\/wp-json\/wp\/v2\/users\/2"}],"replies":[{"embeddable":true,"href":"https:\/\/www.europesays.com\/fr\/wp-json\/wp\/v2\/comments?post=442027"}],"version-history":[{"count":0,"href":"https:\/\/www.europesays.com\/fr\/wp-json\/wp\/v2\/posts\/442027\/revisions"}],"wp:featuredmedia":[{"embeddable":true,"href":"https:\/\/www.europesays.com\/fr\/wp-json\/wp\/v2\/media\/442028"}],"wp:attachment":[{"href":"https:\/\/www.europesays.com\/fr\/wp-json\/wp\/v2\/media?parent=442027"}],"wp:term":[{"taxonomy":"category","embeddable":true,"href":"https:\/\/www.europesays.com\/fr\/wp-json\/wp\/v2\/categories?post=442027"},{"taxonomy":"post_tag","embeddable":true,"href":"https:\/\/www.europesays.com\/fr\/wp-json\/wp\/v2\/tags?post=442027"}],"curies":[{"name":"wp","href":"https:\/\/api.w.org\/{rel}","templated":true}]}}