{"id":442029,"date":"2025-10-06T03:35:13","date_gmt":"2025-10-06T03:35:13","guid":{"rendered":"https:\/\/www.europesays.com\/fr\/442029\/"},"modified":"2025-10-06T03:35:13","modified_gmt":"2025-10-06T03:35:13","slug":"lille-psg-les-notes-des-joueurs-parisiens","status":"publish","type":"post","link":"https:\/\/www.europesays.com\/fr\/442029\/","title":{"rendered":"Lille \/ PSG \u2013 Les notes des joueurs parisiens &#8211;"},"content":{"rendered":"<p><img width=\"700\" height=\"350\" src=\"https:\/\/www.europesays.com\/fr\/wp-content\/uploads\/2025\/10\/PSG-Joie-2.jpg\" class=\"attachment-jannah-image-post size-jannah-image-post wp-post-image\" alt=\"Psg joie\" is_main_img=\"1\" decoding=\"async\" fetchpriority=\"high\"  \/><br \/>\n Image :<br \/>\nPSG.fr<\/p>\n<p>Ce dimanche soir, le PSG a conc\u00e9d\u00e9 le nul sur la pelouse de<br \/>\nLille en cl\u00f4ture de la septi\u00e8me journ\u00e9e de Ligue 1 (1-1). Willian<br \/>\nPacho a \u00e9t\u00e9 performant, alors que Gon\u00e7alo Ramos a encore \u00e9t\u00e9<br \/>\nd\u00e9cevant.<\/p>\n<p>Pour son dernier match avant la tr\u00eave internationale, le<br \/>\n<strong>PSG<\/strong> affrontait <strong>Lille<\/strong> en cl\u00f4ture<br \/>\nde la septi\u00e8me journ\u00e9e de <strong>Ligue 1.<\/strong> Apr\u00e8s un match<br \/>\nintense \u00e0 <strong>Barcelone<\/strong>, <strong>Luis Enrique<\/strong><br \/>\navait d\u00e9cid\u00e9 d\u2019effectuer un large turnover avec notamment la<br \/>\npremi\u00e8re titularisation du titi <strong>Quentin Ndjantou<\/strong>.<br \/>\nApr\u00e8s des entr\u00e9es int\u00e9ressantes contre <strong>Auxerre<\/strong> et<br \/>\nle <strong>Bar\u00e7a<\/strong>, il a montr\u00e9 de tr\u00e8s belles choses pour<br \/>\nsa premi\u00e8re titularisation. Disponible pour ses co\u00e9quipiers, il a<br \/>\nrendu une copie tr\u00e8s propre sans jamais se cacher. Il a r\u00e9alis\u00e9 de<br \/>\nbelles d\u00e9viations qui lan\u00e7aient souvent des attaques. Une premi\u00e8re<br \/>\ntitularisation prometteuse. De son c\u00f4t\u00e9, <strong><a href=\"https:\/\/canal-supporters.com\/pacho-il-faut-encore-que-lon-sameliore-collectivement\/\" title=\"\" target=\"_blank\" rel=\"noopener\">Willian Pacho<\/a><\/strong> a encha\u00een\u00e9 Et le d\u00e9fenseur<br \/>\ncentral a une nouvelle fois r\u00e9pondu pr\u00e9sent, se montrant comme le<br \/>\npatron de la d\u00e9fense. Il aurait peut-\u00eatre pu faire mieux sur le but<br \/>\n\u00e9galisateur d\u2019<strong>Ethan Mbapp\u00e9<\/strong>. Il laisse un peu trop<br \/>\nd\u2019espace \u00e0 l\u2019ancien joueur du <strong>PSG<\/strong>.\u00a0<\/p>\n<p>A voir aussi : <a href=\"https:\/\/canal-supporters.com\/enrique-cest-toujours-difficile-de-jouer-ici\/\" title=\"\" target=\"_blank\" rel=\"noopener\">Enrique : \u00ab\u00a0C\u2019est toujours difficile de jouer<br \/>\nici\u00a0\u00bb<\/a><\/p>\n<p><a href=\"https:\/\/x.com\/CanalSupporters\" target=\"_blank\" rel=\"noopener\" title=\"\">canalsupporters.com<\/a><\/p>\n<p>Gon\u00e7alo Ramos<br \/>\nune nouvelle fois d\u00e9cevant<\/p>\n<p>Titulaire dans le couloir gauche de la d\u00e9fense du<br \/>\n<strong>PSG<\/strong>, <strong>Lucas Hernandez<\/strong> semble<br \/>\npetit-\u00e0-petit retrouver ses sensations. Il est apparu saignant et a<br \/>\nlivr\u00e9 un match plein. L\u2019international fran\u00e7ais a aussi sauv\u00e9 de<br \/>\nsituation chaude en d\u00e9tournant des tentatives de <strong>Thomas<br \/>\nMeunier<\/strong>. De bon augure pour <strong>Luis Enrique<\/strong><br \/>\nlors des moments o\u00f9 il voudra faire souffler <strong><a href=\"https:\/\/canal-supporters.com\/mendes-on-voulait-la-victoire-mais-on-na-pas-reussi\/\" title=\"\" target=\"_blank\" rel=\"noopener\">Nuno Mendes<\/a><\/strong>. Align\u00e9 en pointe d\u00e8s le d\u00e9but de<br \/>\nla rencontre, <strong>Gon\u00e7alo Ramos<\/strong> a d\u00e9montr\u00e9 une<br \/>\nnouvelle fois qu\u2019il \u00e9tait plus efficace en sortie de banc.<br \/>\nL\u2019international portugais a eu du mal \u00e0 se d\u00e9marquer de la d\u00e9fense<br \/>\nlilloise et a tr\u00e8s peu touch\u00e9 le ballon. Il n\u2019a pas eu beaucoup<br \/>\nd\u2019occasions et s\u2019est compl\u00e8tement manqu\u00e9 dans les derni\u00e8res<br \/>\nsecondes du match en envoyant dans les nuages sa tentative du<br \/>\ndroit. De son c\u00f4t\u00e9, <strong>Bradley Barcola<\/strong> a aussi \u00e9t\u00e9 en<br \/>\ndifficult\u00e9 contre <strong>Lille<\/strong>. Malgr\u00e9 des appels<br \/>\ntranchants, sa vitesse et ses dribbles r\u00e9ussis, le num\u00e9ro 29 du<br \/>\n<strong>PSG<\/strong> a encore une fois p\u00each\u00e9 dans la finition. Il<br \/>\ndoit vraiment am\u00e9liorer ce point s\u2019il veut devenir l\u2019un des<br \/>\nmeilleurs attaquants au monde.\u00a0<\/p>\n<ul class=\"wp-block-list\">\n<li>Les notes des joueurs parisiens : Chevalier (5) \u2013 Za\u00efre-Emery (5), Beraldo (5,5), Pacho (6,5), Hernandez (6,5) \u2013 Mayulu (5), Lee (4,5), Ndjantou (6), Barcola (4) \u2013 Mbaye (5,5), Ramos (3)<\/li>\n<\/ul>\n","protected":false},"excerpt":{"rendered":"Image : PSG.fr Ce dimanche soir, le PSG a conc\u00e9d\u00e9 le nul sur la pelouse de Lille en&hellip;\n","protected":false},"author":2,"featured_media":441117,"comment_status":"","ping_status":"","sticky":false,"template":"","format":"standard","meta":{"footnotes":""},"categories":[2815],"tags":[56627,1111,11,12460,9707,81,787,1777,674,1011,27,86,811,37380,66,1611,1307,56358,56629,56630,17477,55243,12,28862,45629,45630,13196,626,91,92,93,55246,20338,25,56631,96,13197],"class_list":{"0":"post-442029","1":"post","2":"type-post","3":"status-publish","4":"format-standard","5":"has-post-thumbnail","7":"category-lille","8":"tag-7e-journee","9":"tag-actu","10":"tag-actualites","11":"tag-barcola","12":"tag-bradley-barcola","13":"tag-canal-supporters","14":"tag-cs","15":"tag-eu","16":"tag-europe","17":"tag-fr","18":"tag-france","19":"tag-goncalo-ramos","20":"tag-hauts-de-france","21":"tag-hernandez","22":"tag-ligue-1","23":"tag-ligue-1-macdonalds","24":"tag-lille","25":"tag-lille-psg","26":"tag-losc-psg","27":"tag-loscpsg","28":"tag-lucas-hernandez","29":"tag-ndjantou","30":"tag-news","31":"tag-notes","32":"tag-notes-des-joueurs-du-psg","33":"tag-notes-des-joueurs-parisiens","34":"tag-pacho","35":"tag-paris","36":"tag-paris-saint-germain","37":"tag-paris-sg","38":"tag-psg","39":"tag-quentin-ndjantou","40":"tag-ramos","41":"tag-republique-francaise","42":"tag-septieme-journee","43":"tag-une","44":"tag-willian-pacho"},"share_on_mastodon":{"url":"https:\/\/pubeurope.com\/@fr\/115325129901840765","error":""},"_links":{"self":[{"href":"https:\/\/www.europesays.com\/fr\/wp-json\/wp\/v2\/posts\/442029","targetHints":{"allow":["GET"]}}],"collection":[{"href":"https:\/\/www.europesays.com\/fr\/wp-json\/wp\/v2\/posts"}],"about":[{"href":"https:\/\/www.europesays.com\/fr\/wp-json\/wp\/v2\/types\/post"}],"author":[{"embeddable":true,"href":"https:\/\/www.europesays.com\/fr\/wp-json\/wp\/v2\/users\/2"}],"replies":[{"embeddable":true,"href":"https:\/\/www.europesays.com\/fr\/wp-json\/wp\/v2\/comments?post=442029"}],"version-history":[{"count":0,"href":"https:\/\/www.europesays.com\/fr\/wp-json\/wp\/v2\/posts\/442029\/revisions"}],"wp:featuredmedia":[{"embeddable":true,"href":"https:\/\/www.europesays.com\/fr\/wp-json\/wp\/v2\/media\/441117"}],"wp:attachment":[{"href":"https:\/\/www.europesays.com\/fr\/wp-json\/wp\/v2\/media?parent=442029"}],"wp:term":[{"taxonomy":"category","embeddable":true,"href":"https:\/\/www.europesays.com\/fr\/wp-json\/wp\/v2\/categories?post=442029"},{"taxonomy":"post_tag","embeddable":true,"href":"https:\/\/www.europesays.com\/fr\/wp-json\/wp\/v2\/tags?post=442029"}],"curies":[{"name":"wp","href":"https:\/\/api.w.org\/{rel}","templated":true}]}}