{"id":442034,"date":"2025-10-06T03:38:10","date_gmt":"2025-10-06T03:38:10","guid":{"rendered":"https:\/\/www.europesays.com\/fr\/442034\/"},"modified":"2025-10-06T03:38:10","modified_gmt":"2025-10-06T03:38:10","slug":"hygena-au-forum-franchise-lyon-une-enseigne-en-pleine-expansion-a-la-recherche-de-nouveaux-franchises","status":"publish","type":"post","link":"https:\/\/www.europesays.com\/fr\/442034\/","title":{"rendered":"Hygena au Forum Franchise Lyon : une enseigne en pleine expansion \u00e0 la recherche de nouveaux franchis\u00e9s"},"content":{"rendered":"<p>                                                        <img decoding=\"async\" fetchpriority=\"high\" width=\"1136\" height=\"711\" src=\"https:\/\/www.europesays.com\/fr\/wp-content\/uploads\/2025\/10\/lyon-entreprises-huggena.jpg\" class=\"thumb img-responsive m-x-auto block w-full\" alt=\"lyon entreprises hygena\" caption=\"\"\/><\/p>\n<p class=\"ez-toc-title ez-toc-toggle\" style=\"cursor: pointer\">Sommaire &amp; acc\u00e8s rapide<\/p>\n<p><a href=\"#\" class=\"ez-toc-pull-right ez-toc-btn ez-toc-btn-xs ez-toc-btn-default ez-toc-toggle\" aria-label=\"Toggle Table of Content\">Toggle<\/a><\/p>\n<p><strong>Le 16 octobre 2025, la marque Hygena participera au Forum Franchise Lyon pour pr\u00e9senter son concept de cuisine \u00e9quip\u00e9e \u00e0 prix bas et recruter de nouveaux franchis\u00e9s. Appartenant au Groupe Fournier, l\u2019enseigne affiche une croissance rapide depuis sa relance en 2022 et vise dix points de vente d\u2019ici fin 2026.<\/strong><\/p>\n<p>Un positionnement clair : l\u2019expertise de la cuisine \u00e9quip\u00e9e \u00e0 prix abordable<\/p>\n<p>Relanc\u00e9e en 2022, Hygena s\u2019impose comme un acteur incontournable du march\u00e9 de la cuisine \u00e9quip\u00e9e gr\u00e2ce \u00e0 une offre combinant expertise technique, design moderne et prix accessibles. La marque se distingue par des cuisines fabriqu\u00e9es en France, pens\u00e9es pour r\u00e9pondre aux besoins des consommateurs tout en maintenant une politique tarifaire attractive.<\/p>\n<p>Le r\u00e9seau compte aujourd\u2019hui quatre magasins situ\u00e9s \u00e0 Annecy, Lille, Perpignan et Clermont-Ferrand. L\u2019objectif est ambitieux : atteindre dix points de vente d\u2019ici la fin de l\u2019ann\u00e9e 2026, signe d\u2019une expansion mesur\u00e9e mais d\u00e9termin\u00e9e sur le territoire fran\u00e7ais.<\/p>\n<p>Une exp\u00e9rience omnicanal et un concept magasin innovant<\/p>\n<p>Hygena mise sur une exp\u00e9rience client fluide et compl\u00e8te, \u00e0 la fois digitale et physique. Les consommateurs peuvent d\u00e9couvrir les collections en ligne, concevoir leur cuisine en 3D avec un tarif affich\u00e9 en direct, puis b\u00e9n\u00e9ficier de l\u2019accompagnement d\u2019un hyxpert en magasin ou en visioconf\u00e9rence.<\/p>\n<p>Les points de vente sont con\u00e7us comme de v\u00e9ritables espaces immersifs : expositions box\u00e9es, zones de choix interactives, bureaux \u00e9quip\u00e9s d\u2019\u00e9crans partag\u00e9s permettant de suivre en temps r\u00e9el l\u2019\u00e9volution du prix du projet. Cette transparence budg\u00e9taire et cet accompagnement personnalis\u00e9 constituent un atout fort du concept.<\/p>\n<p>Les hyxperts, form\u00e9s plusieurs semaines, guident chaque client dans la conception de sa cuisine, conciliant design, fonctionnalit\u00e9 et ma\u00eetrise du budget.<\/p>\n<p>Une opportunit\u00e9 d\u2019entrepreneuriat au c\u0153ur du Forum Franchise Lyon<\/p>\n<p>Le Forum Franchise Lyon repr\u00e9sente un rendez-vous strat\u00e9gique pour Hygena. L\u2019enseigne viendra y rencontrer les porteurs de projets souhaitant se lancer dans la franchise. Sur place, les visiteurs pourront \u00e9changer avec Mathias Wahl, d\u00e9veloppeur r\u00e9seau, et S\u00e9bastien Lelieur, directeur enseigne, afin de d\u00e9couvrir les avantages concrets du mod\u00e8le propos\u00e9.<\/p>\n<p>Hygena recherche avant tout des entrepreneurs motiv\u00e9s et d\u00e9sireux de s\u2019impliquer durablement dans une activit\u00e9 commerciale. Aucune exp\u00e9rience pr\u00e9alable dans le secteur n\u2019est exig\u00e9e : la formation initiale et l\u2019accompagnement continu assurent la r\u00e9ussite des franchis\u00e9s.<\/p>\n<p>Un mod\u00e8le soutenu par un grand groupe<\/p>\n<p>Rejoindre Hygena, c\u2019est int\u00e9grer un r\u00e9seau solide adoss\u00e9 au Groupe Fournier, sp\u00e9cialiste reconnu de la franchise avec des marques comme Socoo\u2019c, Mobalpa ou Perene. Ce soutien structurel garantit aux franchis\u00e9s un accompagnement permanent, des outils performants et une expertise \u00e9prouv\u00e9e du secteur.<\/p>\n<p>Chaque partenaire b\u00e9n\u00e9ficie d\u2019un suivi sur mesure, de la phase de lancement \u00e0 la gestion quotidienne de son magasin, avec des ressources mutualis\u00e9es et une \u00e9quipe d\u00e9di\u00e9e \u00e0 son d\u00e9veloppement.<\/p>\n<p>Une croissance r\u00e9fl\u00e9chie et durable<\/p>\n<p>Hygena poursuit son d\u00e9ploiement avec une approche progressive : dix magasins pr\u00e9vus d\u2019ici fin 2026, une strat\u00e9gie d\u2019implantation cibl\u00e9e et un engagement constant envers la qualit\u00e9. Cette expansion t\u00e9moigne de la solidit\u00e9 du concept et de l\u2019attractivit\u00e9 du mod\u00e8le \u00e9conomique propos\u00e9 aux franchis\u00e9s.<\/p>\n<p>Le salon lyonnais constitue ainsi une occasion privil\u00e9gi\u00e9e pour les entrepreneurs de d\u00e9couvrir une enseigne en plein essor, conjuguant expertise, accessibilit\u00e9 et accompagnement, dans un secteur de la cuisine \u00e9quip\u00e9e particuli\u00e8rement dynamique.<\/p>\n","protected":false},"excerpt":{"rendered":"Sommaire &amp; acc\u00e8s rapide Toggle Le 16 octobre 2025, la marque Hygena participera au Forum Franchise Lyon pour&hellip;\n","protected":false},"author":2,"featured_media":442035,"comment_status":"","ping_status":"","sticky":false,"template":"","format":"standard","meta":{"footnotes":""},"categories":[1889],"tags":[1111,11,2430,1777,674,1011,27,2428,12,25],"class_list":{"0":"post-442034","1":"post","2":"type-post","3":"status-publish","4":"format-standard","5":"has-post-thumbnail","7":"category-lyon","8":"tag-actu","9":"tag-actualites","10":"tag-auvergne-rhone-alpes","11":"tag-eu","12":"tag-europe","13":"tag-fr","14":"tag-france","15":"tag-lyon","16":"tag-news","17":"tag-republique-francaise"},"share_on_mastodon":{"url":"https:\/\/pubeurope.com\/@fr\/115325141223589950","error":""},"_links":{"self":[{"href":"https:\/\/www.europesays.com\/fr\/wp-json\/wp\/v2\/posts\/442034","targetHints":{"allow":["GET"]}}],"collection":[{"href":"https:\/\/www.europesays.com\/fr\/wp-json\/wp\/v2\/posts"}],"about":[{"href":"https:\/\/www.europesays.com\/fr\/wp-json\/wp\/v2\/types\/post"}],"author":[{"embeddable":true,"href":"https:\/\/www.europesays.com\/fr\/wp-json\/wp\/v2\/users\/2"}],"replies":[{"embeddable":true,"href":"https:\/\/www.europesays.com\/fr\/wp-json\/wp\/v2\/comments?post=442034"}],"version-history":[{"count":0,"href":"https:\/\/www.europesays.com\/fr\/wp-json\/wp\/v2\/posts\/442034\/revisions"}],"wp:featuredmedia":[{"embeddable":true,"href":"https:\/\/www.europesays.com\/fr\/wp-json\/wp\/v2\/media\/442035"}],"wp:attachment":[{"href":"https:\/\/www.europesays.com\/fr\/wp-json\/wp\/v2\/media?parent=442034"}],"wp:term":[{"taxonomy":"category","embeddable":true,"href":"https:\/\/www.europesays.com\/fr\/wp-json\/wp\/v2\/categories?post=442034"},{"taxonomy":"post_tag","embeddable":true,"href":"https:\/\/www.europesays.com\/fr\/wp-json\/wp\/v2\/tags?post=442034"}],"curies":[{"name":"wp","href":"https:\/\/api.w.org\/{rel}","templated":true}]}}