{"id":442036,"date":"2025-10-06T03:39:14","date_gmt":"2025-10-06T03:39:14","guid":{"rendered":"https:\/\/www.europesays.com\/fr\/442036\/"},"modified":"2025-10-06T03:39:14","modified_gmt":"2025-10-06T03:39:14","slug":"mal-paye-ces-dernieres-semaines-toulouse-renverse-tout-et-soffre-un-succes-de-prestige-sur-la-pelouse-de-lol","status":"publish","type":"post","link":"https:\/\/www.europesays.com\/fr\/442036\/","title":{"rendered":"Mal pay\u00e9 ces derni\u00e8res semaines, Toulouse renverse tout et s&rsquo;offre un succ\u00e8s de prestige sur la pelouse de l&rsquo;OL"},"content":{"rendered":"<p>1\u00a0000<\/p>\n<p>L&rsquo;OL a inscrit dimanche le milli\u00e8me but de l&rsquo;histoire du Groupama Stadium, en service depuis janvier 2016, et quel but\u00a0! Parti d&rsquo;une relance de Mata sur Maitland-Niles dans le camp lyonnais, le ballon est ensuite pass\u00e9 dans les pieds de Karabec, Morton, Satriano, Morton et \u00e0 nouveau Satriano qui a servi Fofana dans la surface. Un mouvement collectif magnifique pour un but historique, mais qui n&rsquo;aura pas suffi \u00e0 l&rsquo;OL.<\/p>\n","protected":false},"excerpt":{"rendered":"1\u00a0000 L&rsquo;OL a inscrit dimanche le milli\u00e8me but de l&rsquo;histoire du Groupama Stadium, en service depuis janvier 2016,&hellip;\n","protected":false},"author":2,"featured_media":442037,"comment_status":"","ping_status":"","sticky":false,"template":"","format":"standard","meta":{"footnotes":""},"categories":[1889],"tags":[1111,11,2430,1777,674,1011,27,2428,12,25],"class_list":{"0":"post-442036","1":"post","2":"type-post","3":"status-publish","4":"format-standard","5":"has-post-thumbnail","7":"category-lyon","8":"tag-actu","9":"tag-actualites","10":"tag-auvergne-rhone-alpes","11":"tag-eu","12":"tag-europe","13":"tag-fr","14":"tag-france","15":"tag-lyon","16":"tag-news","17":"tag-republique-francaise"},"share_on_mastodon":{"url":"https:\/\/pubeurope.com\/@fr\/115325145127473553","error":""},"_links":{"self":[{"href":"https:\/\/www.europesays.com\/fr\/wp-json\/wp\/v2\/posts\/442036","targetHints":{"allow":["GET"]}}],"collection":[{"href":"https:\/\/www.europesays.com\/fr\/wp-json\/wp\/v2\/posts"}],"about":[{"href":"https:\/\/www.europesays.com\/fr\/wp-json\/wp\/v2\/types\/post"}],"author":[{"embeddable":true,"href":"https:\/\/www.europesays.com\/fr\/wp-json\/wp\/v2\/users\/2"}],"replies":[{"embeddable":true,"href":"https:\/\/www.europesays.com\/fr\/wp-json\/wp\/v2\/comments?post=442036"}],"version-history":[{"count":0,"href":"https:\/\/www.europesays.com\/fr\/wp-json\/wp\/v2\/posts\/442036\/revisions"}],"wp:featuredmedia":[{"embeddable":true,"href":"https:\/\/www.europesays.com\/fr\/wp-json\/wp\/v2\/media\/442037"}],"wp:attachment":[{"href":"https:\/\/www.europesays.com\/fr\/wp-json\/wp\/v2\/media?parent=442036"}],"wp:term":[{"taxonomy":"category","embeddable":true,"href":"https:\/\/www.europesays.com\/fr\/wp-json\/wp\/v2\/categories?post=442036"},{"taxonomy":"post_tag","embeddable":true,"href":"https:\/\/www.europesays.com\/fr\/wp-json\/wp\/v2\/tags?post=442036"}],"curies":[{"name":"wp","href":"https:\/\/api.w.org\/{rel}","templated":true}]}}