{"id":442038,"date":"2025-10-06T03:42:13","date_gmt":"2025-10-06T03:42:13","guid":{"rendered":"https:\/\/www.europesays.com\/fr\/442038\/"},"modified":"2025-10-06T03:42:13","modified_gmt":"2025-10-06T03:42:13","slug":"gouvernement-lecornu-bruno-retailleau-confirme-a-beauvau","status":"publish","type":"post","link":"https:\/\/www.europesays.com\/fr\/442038\/","title":{"rendered":"Gouvernement Lecornu\u00a0: Bruno Retailleau confirm\u00e9 \u00e0 Beauvau"},"content":{"rendered":"<p class=\"paragraph text_align_left lp-f-body-02\"><a href=\"https:\/\/www.leparisien.fr\/politique\/bruno-retailleau\/\" target=\"_blank\" rel=\"noreferrer nofollow noopener\">Retailleau<\/a> \u00e0 Beauvau : en avant la saison 3 ! Nomm\u00e9 ministre de l\u2019Int\u00e9rieur par <a href=\"https:\/\/www.leparisien.fr\/politique\/michel-barnier\/\" target=\"_blank\" rel=\"noreferrer nofollow noopener\">Michel Barnier<\/a> il y a un an, reconduit par <a href=\"https:\/\/www.leparisien.fr\/politique\/francois-bayrou\/\" target=\"_blank\" rel=\"noreferrer nofollow noopener\">Fran\u00e7ois Bayrou<\/a> l\u2019hiver dernier, voil\u00e0 l\u2019ancien s\u00e9nateur une nouvelle fois confirm\u00e9 dans ses fonctions r\u00e9galiennes, cette fois-ci par <a href=\"https:\/\/www.leparisien.fr\/politique\/sebastien-lecornu\/\" target=\"_blank\" rel=\"noreferrer nofollow noopener\">S\u00e9bastien Lecornu<\/a>. Un jour sans fin ? Pas vraiment.<\/p>\n<p class=\"paragraph text_align_left lp-f-body-02\">Le costume reste le m\u00eame, mais la situation, elle, change \u00e0 chaque fois. Ses d\u00e9buts minist\u00e9riels avaient servi au Vend\u00e9en \u00e0 imposer sa marque et sa bobine \u2013 dans les pas de l\u2019hyperactif <a href=\"https:\/\/www.leparisien.fr\/politique\/nicolas-sarkozy\/\" target=\"_blank\" rel=\"noreferrer nofollow noopener\">Nicolas Sarkozy<\/a> d\u2019antan \u2013, jusqu\u2019\u00e0 le propulser nouveau chouchou des LR et parmi le c\u00e9nacle des hommes forts de la droite tout court. Ascension expresse, et de fait, fragile.<\/p>\n<p class=\"paragraph text_align_left lp-f-body-02\">Au cr\u00e9puscule du mois d\u2019ao\u00fbt, alors que le sort du maire de Pau semble d\u00e9j\u00e0 scell\u00e9, les proches du ministre font la moue. \u00ab On savait qu\u2019il faudrait partir \u00e0 un moment, mais l\u00e0 c\u2019est un peu t\u00f4t \u00bb, glisse un proche du pr\u00e9sident de LR.<\/p>\n<p>N\u00e9cessit\u00e9 strat\u00e9gique et pression des ministres LR ont jou\u00e9<\/p>\n<p class=\"paragraph text_align_left lp-f-body-02\">Tout le monde n\u2019a rien d\u2019autre en vue que la prochaine pr\u00e9sidentielle, et si le retour aux affaires de la droite a permis de lui redonner un semblant d\u2019oxyg\u00e8ne, elle aimerait que ce tremplin m\u00e8ne le plus possible pr\u00e8s du d\u00e9but de la course \u00e9lys\u00e9enne. Soit peu apr\u00e8s<a href=\"https:\/\/www.leparisien.fr\/elections\/municipales\/\" target=\"_self\" rel=\"nofollow noopener\"> les municipales de mars 2026<\/a>. En cas d\u2019\u00e9jection du gouvernement d\u00e8s cet automne, les Cassandres ou les anxieux pr\u00e9disaient une disparition de l\u2019atmosph\u00e8re, un billet retour vers le demi-oubli dans lequel v\u00e9g\u00e9tait la droite.<\/p>\n<p class=\"paragraph text_align_left lp-f-body-02\">\u00ab On n\u2019est pas des abonn\u00e9s perp\u00e9tuels \u00bb au gouvernement, a pris soin de rappeler Bruno Retailleau mi-septembre, fa\u00e7on de rappeler que non, lui et les siens ne s\u2019accrocheraient pas co\u00fbte que co\u00fbte aux ors de la R\u00e9publique et ses voitures gyrophares.<\/p>\n<p class=\"paragraph text_align_left lp-f-body-02\">D\u00e9but octobre encore, <a href=\"https:\/\/www.leparisien.fr\/politique\/le-compte-ny-est-pas-pour-son-entree-au-gouvernement-retailleau-engage-un-bras-de-fer-avec-lecornu-02-10-2025-CKY6FXP3IRHTDBXDE5OPXPI3JQ.php\" target=\"_blank\" rel=\"noreferrer nofollow noopener\">il assurait aux \u00e9lus LR r\u00e9unis en visio s\u2019interroger sur son maintien ajoutant<\/a> : \u00ab le compte n\u2019y est pas \u00bb. Si Matignon y a vu <a href=\"https:\/\/www.leparisien.fr\/politique\/ca-se-tend-de-partout-tout-le-monde-hurle-sebastien-lecornu-dans-lenfer-de-matignon-04-10-2025-O2Z5Y7LDF5GXDFHUESRO56UWRU.php\" target=\"_blank\" rel=\"noreferrer nofollow noopener\">\u00ab un coup de bluff \u00bb<\/a>, les \u00e9lus LR se sont agac\u00e9s de ne pas \u00eatre suffisamment trait\u00e9s ni voir leurs exigences r\u00e9galiennes prises en compte.<\/p>\n<p class=\"paragraph text_align_left lp-f-body-02\">Pour autant la n\u00e9cessit\u00e9 strat\u00e9gique et la pression des ministres LR sortants ont jou\u00e9 en faveur d\u2019une participation au gouvernement. Dimanche, apr\u00e8s avoir re\u00e7u une lettre du Premier ministre, les \u00e9lus LR se sont retrouv\u00e9s une nouvelle fois en visio et ont fini par toper pour une nouvelle aventure minist\u00e9rielle. Tout \u00e7a pour \u00e7a ?<\/p>\n<p>Pour des r\u00e9sultats visibles, un temps compt\u00e9<\/p>\n<p class=\"paragraph text_align_left lp-f-body-02\">Septembre aura en tout cas permis \u00e0 Bruno Retailleau de cogiter : au gouvernement, le temps est compt\u00e9, il lui faudra donc r\u00e9ussir \u00e0 gagner sur quelques points faute de pouvoir entreprendre de grandes r\u00e9formes.<\/p>\n<p class=\"paragraph text_align_left lp-f-body-02\">Un objectif est act\u00e9 : il faudra s\u2019attaquer aux \u00ab urgences du quotidien \u00bb des Fran\u00e7ais, notamment en mati\u00e8re de s\u00e9curit\u00e9. \u00ab Des choses qui permettent d\u2019avoir des r\u00e9sultats rapides et visibles \u00bb, confiait en septembre un d\u00e9put\u00e9 LR, sond\u00e9 avec quelques autres par le ministre lors d\u2019un d\u00e9jeuner \u00e0 Beauvau.<\/p>\n<p class=\"paragraph text_align_left lp-f-body-02\">Retailleau doit pouvoir, au moment o\u00f9 il rendra sa plaque, au printemps, montrer de mani\u00e8re extr\u00eamement concr\u00e8te ce que lui et la droite auront apport\u00e9. Un troph\u00e9e dont il r\u00eave : mettre d\u00e9finitivement hors d\u2019\u00e9tat de nuire <a href=\"https:\/\/www.leparisien.fr\/faits-divers\/la-dz-mafia-dans-le-viseur-des-autorites-125-enquetes-policieres-en-cours-contre-le-cartel-04-10-2025-LSOVEQ4Q6RF2TGTG6K7XGKQE6A.php\" target=\"_blank\" rel=\"noreferrer nofollow noopener\">la \u00ab DZ Mafia \u00bb<\/a>, cette organisation criminelle de narcotrafiquants originaire de Marseille.<\/p>\n<p class=\"paragraph text_align_left lp-f-body-02\">C\u2019est une question de cr\u00e9dibilit\u00e9 et de survie politique, alors que le Rassemblement national a fait de lui son punching-ball pr\u00e9f\u00e9r\u00e9, r\u00e9v\u00e9lant par l\u00e0 une certaine inqui\u00e9tude dans le camp frontiste, quant \u00e0 la capacit\u00e9 du chef de file des LR \u00e0 aguicher leur \u00e9lectorat.<\/p>\n<p class=\"paragraph text_align_left lp-f-body-02\">Sous Fran\u00e7ois Bayrou, Retailleau avait d\u00fb s\u2019asseoir sur sa volont\u00e9 de faire voter un \u00ab grand projet de loi immigration \u00bb ; S\u00e9bastien Lecornu ne lui a pas c\u00e9d\u00e9 sur ce point mais act\u00e9 par \u00e9crit une \u00ab strat\u00e9gie de pilotage des visas \u00bb, donc restrictive comme le r\u00e9clamait Beauvau, aussi accept\u00e9 le projet de loi actuellement dans les tiroirs sur la police municipale et l\u2019option de durcir les conditions d\u2019acc\u00e8s aux prestations sociales pour les \u00e9trangers. De quoi pour Retailleau accepter de rempiler.<\/p>\n<p class=\"paragraph text_align_left lp-f-body-02\">L\u2019homme de Beauvau ne manque pas d\u2019id\u00e9es mais de temps et de marges de man\u0153uvre politique avec un socle commun friable. Son troisi\u00e8me bail minist\u00e9riel commence, mais sa dur\u00e9e comme le b\u00e9n\u00e9fice politique qu\u2019il pourra en tirer demeurent hautement incertains\u2026 avec son meilleur ennemi <a href=\"https:\/\/www.leparisien.fr\/politique\/laurent-wauquiez\/\" target=\"_blank\" rel=\"noreferrer nofollow noopener\">Laurent Wauquiez<\/a> en embuscade.<\/p>\n","protected":false},"excerpt":{"rendered":"Retailleau \u00e0 Beauvau : en avant la saison 3 ! Nomm\u00e9 ministre de l\u2019Int\u00e9rieur par Michel Barnier il&hellip;\n","protected":false},"author":2,"featured_media":442039,"comment_status":"","ping_status":"","sticky":false,"template":"","format":"standard","meta":{"footnotes":""},"categories":[1888],"tags":[1111,1928,11,1927,1777,674,1011,27,12,1926,626,1925,316,25],"class_list":{"0":"post-442038","1":"post","2":"type-post","3":"status-publish","4":"format-standard","5":"has-post-thumbnail","7":"category-paris","8":"tag-actu","9":"tag-actu-paris","10":"tag-actualites","11":"tag-actualites-paris","12":"tag-eu","13":"tag-europe","14":"tag-fr","15":"tag-france","16":"tag-news","17":"tag-news-paris","18":"tag-paris","19":"tag-paris-news","20":"tag-politique","21":"tag-republique-francaise"},"share_on_mastodon":{"url":"https:\/\/pubeurope.com\/@fr\/115325156912145800","error":""},"_links":{"self":[{"href":"https:\/\/www.europesays.com\/fr\/wp-json\/wp\/v2\/posts\/442038","targetHints":{"allow":["GET"]}}],"collection":[{"href":"https:\/\/www.europesays.com\/fr\/wp-json\/wp\/v2\/posts"}],"about":[{"href":"https:\/\/www.europesays.com\/fr\/wp-json\/wp\/v2\/types\/post"}],"author":[{"embeddable":true,"href":"https:\/\/www.europesays.com\/fr\/wp-json\/wp\/v2\/users\/2"}],"replies":[{"embeddable":true,"href":"https:\/\/www.europesays.com\/fr\/wp-json\/wp\/v2\/comments?post=442038"}],"version-history":[{"count":0,"href":"https:\/\/www.europesays.com\/fr\/wp-json\/wp\/v2\/posts\/442038\/revisions"}],"wp:featuredmedia":[{"embeddable":true,"href":"https:\/\/www.europesays.com\/fr\/wp-json\/wp\/v2\/media\/442039"}],"wp:attachment":[{"href":"https:\/\/www.europesays.com\/fr\/wp-json\/wp\/v2\/media?parent=442038"}],"wp:term":[{"taxonomy":"category","embeddable":true,"href":"https:\/\/www.europesays.com\/fr\/wp-json\/wp\/v2\/categories?post=442038"},{"taxonomy":"post_tag","embeddable":true,"href":"https:\/\/www.europesays.com\/fr\/wp-json\/wp\/v2\/tags?post=442038"}],"curies":[{"name":"wp","href":"https:\/\/api.w.org\/{rel}","templated":true}]}}