{"id":442040,"date":"2025-10-06T03:43:25","date_gmt":"2025-10-06T03:43:25","guid":{"rendered":"https:\/\/www.europesays.com\/fr\/442040\/"},"modified":"2025-10-06T03:43:25","modified_gmt":"2025-10-06T03:43:25","slug":"onze-de-depart-a-lille","status":"publish","type":"post","link":"https:\/\/www.europesays.com\/fr\/442040\/","title":{"rendered":"Onze de d\u00e9part \u00e0 Lille"},"content":{"rendered":"<p>LOSC Lille<\/p>\n<p class=\"typography-paragraph mb-4 md:mb-6\">\u00d6zer, Ngoy, Meunier, Perraud, Mandi, Bentaleb, Haraldsson, Andr\u00e9 (c), Bouaddi, Fernandez Pardo, Giroud.<\/p>\n<p>Les rempla\u00e7ants lillois\u00a0:<\/p>\n<p class=\"typography-paragraph mb-4 md:mb-6\">Bodart, Mbemba, Carvalho, E.Mbapp\u00e9, Sahraoui, Mukau, Correia, Raghouber, Igmane.<\/p>\n<p>Paris Saint-Germain<\/p>\n<p class=\"typography-paragraph mb-4 md:mb-6\">Chevalier, Beraldo, Pacho, Hernandez, Za\u00efre-Emery (c), Lee, Mayulu, Ndjantou, Mbaye, Barcola, Ramos.<\/p>\n<p>Les rempla\u00e7ants parisiens\u00a0:<\/p>\n<p class=\"typography-paragraph mb-4 md:mb-6\">Safonov, Marin, Hakimi, Zabarnyi, Mendes, Vitinha, Jangeal.<\/p>\n","protected":false},"excerpt":{"rendered":"LOSC Lille \u00d6zer, Ngoy, Meunier, Perraud, Mandi, Bentaleb, Haraldsson, Andr\u00e9 (c), Bouaddi, Fernandez Pardo, Giroud. Les rempla\u00e7ants lillois\u00a0:&hellip;\n","protected":false},"author":2,"featured_media":442041,"comment_status":"","ping_status":"","sticky":false,"template":"","format":"standard","meta":{"footnotes":""},"categories":[1888],"tags":[1111,1928,11,1927,1777,674,1011,27,12,1926,626,1925,25],"class_list":{"0":"post-442040","1":"post","2":"type-post","3":"status-publish","4":"format-standard","5":"has-post-thumbnail","7":"category-paris","8":"tag-actu","9":"tag-actu-paris","10":"tag-actualites","11":"tag-actualites-paris","12":"tag-eu","13":"tag-europe","14":"tag-fr","15":"tag-france","16":"tag-news","17":"tag-news-paris","18":"tag-paris","19":"tag-paris-news","20":"tag-republique-francaise"},"share_on_mastodon":{"url":"https:\/\/pubeurope.com\/@fr\/115325162279023642","error":""},"_links":{"self":[{"href":"https:\/\/www.europesays.com\/fr\/wp-json\/wp\/v2\/posts\/442040","targetHints":{"allow":["GET"]}}],"collection":[{"href":"https:\/\/www.europesays.com\/fr\/wp-json\/wp\/v2\/posts"}],"about":[{"href":"https:\/\/www.europesays.com\/fr\/wp-json\/wp\/v2\/types\/post"}],"author":[{"embeddable":true,"href":"https:\/\/www.europesays.com\/fr\/wp-json\/wp\/v2\/users\/2"}],"replies":[{"embeddable":true,"href":"https:\/\/www.europesays.com\/fr\/wp-json\/wp\/v2\/comments?post=442040"}],"version-history":[{"count":0,"href":"https:\/\/www.europesays.com\/fr\/wp-json\/wp\/v2\/posts\/442040\/revisions"}],"wp:featuredmedia":[{"embeddable":true,"href":"https:\/\/www.europesays.com\/fr\/wp-json\/wp\/v2\/media\/442041"}],"wp:attachment":[{"href":"https:\/\/www.europesays.com\/fr\/wp-json\/wp\/v2\/media?parent=442040"}],"wp:term":[{"taxonomy":"category","embeddable":true,"href":"https:\/\/www.europesays.com\/fr\/wp-json\/wp\/v2\/categories?post=442040"},{"taxonomy":"post_tag","embeddable":true,"href":"https:\/\/www.europesays.com\/fr\/wp-json\/wp\/v2\/tags?post=442040"}],"curies":[{"name":"wp","href":"https:\/\/api.w.org\/{rel}","templated":true}]}}