{"id":442049,"date":"2025-10-06T03:48:14","date_gmt":"2025-10-06T03:48:14","guid":{"rendered":"https:\/\/www.europesays.com\/fr\/442049\/"},"modified":"2025-10-06T03:48:14","modified_gmt":"2025-10-06T03:48:14","slug":"la-double-vie-de-jared-kushner-affairiste-et-emissaire-de-donald-trump-son-beau-pere","status":"publish","type":"post","link":"https:\/\/www.europesays.com\/fr\/442049\/","title":{"rendered":"La double vie de Jared Kushner, affairiste et \u00e9missaire de Donald Trump, son beau-p\u00e8re"},"content":{"rendered":"<p>                         <img loading=\"lazy\" decoding=\"async\" src=\"https:\/\/www.europesays.com\/fr\/wp-content\/uploads\/2025\/10\/7266c65_upload-1-naupb0u1cjut-gettyimages-1068687866.jpg\" alt=\"Jared Kushner (au centre), alors conseiller principal de Donald Trump, lors d\u2019une rencontre entre le prince h\u00e9ritier saoudien, Mohammed Ben Salman, et le pr\u00e9sident am\u00e9ricain, \u00e0 la Maison Blanche, le 20\u00a0mars\u00a02018.\"   width=\"664\" height=\"443\"\/>    Jared Kushner (au centre), alors conseiller principal de Donald Trump, lors d\u2019une rencontre entre le prince h\u00e9ritier saoudien, Mohammed Ben Salman, et le pr\u00e9sident am\u00e9ricain, \u00e0 la Maison Blanche, le 20\u00a0mars\u00a02018.  JABIN BOTSFORD\/THE WASHINGTON POST VIA GETTY IMAGES                 <\/p>\n<p class=\"article__paragraph  \">Lundi 29\u00a0septembre \u00e9tait le jour du triomphe financier de Jared Kushner. A 44\u00a0ans, le gendre de Donald Trump, \u00e9poux de sa fille a\u00een\u00e9e Ivanka, faisait la une de la presse \u00e9conomique mondiale apr\u00e8s avoir boucl\u00e9\u00a0<a href=\"https:\/\/www.lemonde.fr\/pixels\/article\/2025\/09\/29\/electronic-arts-va-etre-rachete-pour-55-milliards-de-dollars-par-un-fonds-d-investissement-saoudien-et-le-gendre-de-donald-trump_6643472_4408996.html\" target=\"_blank\" rel=\"noopener nofollow\" title=\"Nouvelle fen\u00eatre\">le rachat pour 55\u00a0milliards de dollars (46,9\u00a0milliards d\u2019euros) du g\u00e9ant am\u00e9ricain des jeux vid\u00e9o Electronic Arts<\/a>, par son entreprise Affinity Partners, l\u2019investisseur am\u00e9ricain Silver Lake et, surtout, le fonds souverain saoudien Public Investment Fund (PIF). \u00ab\u00a0L\u2019art du deal de Jared Kushner\u00a0\u00bb, s\u2019extasiait le <a href=\"https:\/\/www.ft.com\/content\/9c5c38c5-3423-4cbe-8518-bd8924d455b4\" target=\"_blank\" rel=\"noopener nofollow\" title=\"Nouvelle fen\u00eatre\">Financial Times<\/a> tandis que <a href=\"https:\/\/www.wsj.com\/business\/deals\/ea-silver-lake-deal-jared-kushner-c145cd55?gaa_at=eafs&amp;gaa_n=ASWzDAgPh50nIl0Furw4TJLdjLj0X4KTwDh5_7flUgQuldNszShHLbxd2MdU4MbehhM%3D&amp;gaa_ts=68e32bd0&amp;gaa_sig=TKHgfAb4Do9lpgKRGsm0I36QYZMyoqQiG70gQTC0i3Rq4YrsIfdIGpy14dCd8xUNpH2qr700w4AqJO0gdlhVfQ%3D%3D\" target=\"_blank\" rel=\"noopener nofollow\" title=\"Nouvelle fen\u00eatre\">The\u00a0Wall Street Journal<\/a> titrait, \u00e0 raison, \u00ab\u00a0Jared Kushner a \u00e9t\u00e9 d\u00e9cisif\u00a0\u00bb pour r\u00e9aliser le plus grand rachat priv\u00e9 de l\u2019histoire et ouvrir la voie \u00e0 un investissement saoudien majeur aux Etats-Unis.<\/p>\n<p>   Lire plus tard  <\/p>\n<p class=\"article__paragraph  \">Ce lundi \u00e9tait aussi le jour du retour politique de celui qui fut conseiller pour le Moyen-Orient de Donald Trump pendant son premier mandat (2017-2021) et n\u00e9gocia <a href=\"https:\/\/www.lemonde.fr\/international\/article\/2020\/08\/14\/l-accord-d-abraham-un-rapprochement-historique-entre-israel-et-les-emirats-arabes-unis_6048922_3210.html\" rel=\"nofollow noopener\" target=\"_blank\">les accords dits d\u2019Abraham (sign\u00e9s en septembre\u00a02020)<\/a>, qui conduisirent \u00e0 la normalisation des relations diplomatiques entre Isra\u00ebl et les Emirats arabes unis, le Bahre\u00efn, puis le Maroc et le Soudan. M.\u00a0Kushner \u00e9tait pr\u00e9sent, lundi, lors de la conf\u00e9rence de presse \u00e0 la Maison Blanche o\u00f9 M.\u00a0Trump a annonc\u00e9 <a href=\"https:\/\/www.lemonde.fr\/international\/article\/2025\/09\/30\/les-20-points-du-plan-de-donald-trump-detailles_6643699_3210.html\" rel=\"nofollow noopener\" target=\"_blank\">son plan pour mettre fin \u00e0 la guerre dans la bande de Gaza<\/a> aux c\u00f4t\u00e9s de Benyamin N\u00e9tanyahou. La veille, il avait rencontr\u00e9, dans son h\u00f4tel de New York, le premier ministre isra\u00e9lien en compagnie du conseiller officiel du pr\u00e9sident am\u00e9ricain, Steve Witkoff, pour discuter du plan. Une semaine plus tard, c\u2019est encore lui qui est d\u00e9p\u00each\u00e9 en Egypte, en compagnie de M.\u00a0Witkoff, pour finaliser la n\u00e9gociation sur les conditions de <a href=\"https:\/\/www.lemonde.fr\/international\/article\/2025\/10\/05\/pour-les-familles-d-otages-rassemblees-a-tel-aviv-jamais-la-delivrance-n-a-paru-aussi-proche-je-ne-peux-pas-m-empecher-d-esperer_6644540_3210.html\" rel=\"nofollow noopener\" target=\"_blank\">lib\u00e9ration des otages, enlev\u00e9s lors de l\u2019attaque du 7-Octobre<\/a> et encore d\u00e9tenus par le Hamas dans l\u2019enclave palestinienne.<\/p>\n<p class=\"reading-mode-only \"><strong>Il vous reste 85.21% de cet article \u00e0 lire. La suite est r\u00e9serv\u00e9e aux abonn\u00e9s.<\/strong><\/p>\n","protected":false},"excerpt":{"rendered":"Jared Kushner (au centre), alors conseiller principal de Donald Trump, lors d\u2019une rencontre entre le prince h\u00e9ritier saoudien,&hellip;\n","protected":false},"author":2,"featured_media":442050,"comment_status":"","ping_status":"","sticky":false,"template":"","format":"standard","meta":{"footnotes":""},"categories":[1589],"tags":[11,73,1866,12,1864,1865,1863,308],"class_list":{"0":"post-442049","1":"post","2":"type-post","3":"status-publish","4":"format-standard","5":"has-post-thumbnail","7":"category-etats-unis","8":"tag-actualites","9":"tag-etats-unis","10":"tag-etats-unis-damerique","11":"tag-news","12":"tag-united-states","13":"tag-united-states-of-america","14":"tag-us","15":"tag-usa"},"share_on_mastodon":{"url":"https:\/\/pubeurope.com\/@fr\/115325180971427781","error":""},"_links":{"self":[{"href":"https:\/\/www.europesays.com\/fr\/wp-json\/wp\/v2\/posts\/442049","targetHints":{"allow":["GET"]}}],"collection":[{"href":"https:\/\/www.europesays.com\/fr\/wp-json\/wp\/v2\/posts"}],"about":[{"href":"https:\/\/www.europesays.com\/fr\/wp-json\/wp\/v2\/types\/post"}],"author":[{"embeddable":true,"href":"https:\/\/www.europesays.com\/fr\/wp-json\/wp\/v2\/users\/2"}],"replies":[{"embeddable":true,"href":"https:\/\/www.europesays.com\/fr\/wp-json\/wp\/v2\/comments?post=442049"}],"version-history":[{"count":0,"href":"https:\/\/www.europesays.com\/fr\/wp-json\/wp\/v2\/posts\/442049\/revisions"}],"wp:featuredmedia":[{"embeddable":true,"href":"https:\/\/www.europesays.com\/fr\/wp-json\/wp\/v2\/media\/442050"}],"wp:attachment":[{"href":"https:\/\/www.europesays.com\/fr\/wp-json\/wp\/v2\/media?parent=442049"}],"wp:term":[{"taxonomy":"category","embeddable":true,"href":"https:\/\/www.europesays.com\/fr\/wp-json\/wp\/v2\/categories?post=442049"},{"taxonomy":"post_tag","embeddable":true,"href":"https:\/\/www.europesays.com\/fr\/wp-json\/wp\/v2\/tags?post=442049"}],"curies":[{"name":"wp","href":"https:\/\/api.w.org\/{rel}","templated":true}]}}