{"id":442056,"date":"2025-10-06T03:52:10","date_gmt":"2025-10-06T03:52:10","guid":{"rendered":"https:\/\/www.europesays.com\/fr\/442056\/"},"modified":"2025-10-06T03:52:10","modified_gmt":"2025-10-06T03:52:10","slug":"pourquoi-les-prix-de-la-nourriture-flambent-dans-les-pays-de-lest-de-lue","status":"publish","type":"post","link":"https:\/\/www.europesays.com\/fr\/442056\/","title":{"rendered":"Pourquoi les prix de la nourriture flambent dans les pays de l\u2019est de l\u2019UE"},"content":{"rendered":"\n<p>Entre 2022 et\u00a02023, les nouveaux membres de l\u2019Union europ\u00e9enne ont enregistr\u00e9 une inflation cumul\u00e9e nettement sup\u00e9rieure \u00e0 celle des \u201canciens\u201d membres, certains d\u00e9passants de plus de 50\u00a0% la moyenne de l\u2019UE. Ce ph\u00e9nom\u00e8ne \u00e9tait encore plus marquant dans le secteur alimentaire\u00a0: en deux ans, les prix alimentaires ont augment\u00e9\u00a0plus de 52\u00a0% <a href=\"https:\/\/www.courrierinternational.com\/article\/economie-la-hongrie-plafonne-les-marges-de-certaines-enseignes-pour-contenir-l-inflation_228667\" rel=\"nofollow noopener\" target=\"_blank\">en Hongrie<\/a>, soit deux fois plus que la hausse cumul\u00e9e des prix alimentaires dans l\u2019ensemble de l\u2019UE. La Croatie a mieux r\u00e9sist\u00e9 que la Hongrie, la hausse des prix alimentaires y \u00e9tait de 35\u00a0%, mais le taux d\u2019inflation restait de 50\u00a0% sup\u00e9rieur \u00e0 celui de l\u2019UE.<\/p>\n<p>En janvier 2023, Tomislav Ivancic, expert international en gestion des risques li\u00e9s aux cha\u00eenes d\u2019approvisionnement, a d\u00e9pos\u00e9 une requ\u00eate aupr\u00e8s de la Commission europ\u00e9enne pour demander aux institutions europ\u00e9ennes une enqu\u00eate sur les prix des denr\u00e9es alimentaires dans l\u2019ensemble de l\u2019Union. Il a\u00a0aussi exig\u00e9 de prendre des mesures contre les pratiques commerciales d\u00e9loyales et\u00a0la fixation abusive des prix alimentaires.<\/p>\n<p>Ivancic a fond\u00e9 sa demande sur les prix des denr\u00e9es alimentaires en Croatie, o\u00f9, depuis des ann\u00e9es, les entreprises agroalimentaires, les n\u00e9gociants, les fournisseurs et les d\u00e9taillants fixent des prix plus \u00e9lev\u00e9s qu\u2019ailleurs. Une pratique contestable vu que les prix de cert<\/p>\n","protected":false},"excerpt":{"rendered":"Entre 2022 et\u00a02023, les nouveaux membres de l\u2019Union europ\u00e9enne ont enregistr\u00e9 une inflation cumul\u00e9e nettement sup\u00e9rieure \u00e0 celle&hellip;\n","protected":false},"author":2,"featured_media":442057,"comment_status":"","ping_status":"","sticky":false,"template":"","format":"standard","meta":{"footnotes":""},"categories":[1586],"tags":[11,258,13307,21171,1777,674,1779,1011,27,9345,12,25,2542,1778,364,2475],"class_list":{"0":"post-442056","1":"post","2":"type-post","3":"status-publish","4":"format-standard","5":"has-post-thumbnail","7":"category-europe","8":"tag-actualites","9":"tag-alimentation","10":"tag-balkans","11":"tag-croatie","12":"tag-eu","13":"tag-europe","14":"tag-european-union","15":"tag-fr","16":"tag-france","17":"tag-inflation","18":"tag-news","19":"tag-republique-francaise","20":"tag-u00e9conomie","21":"tag-ue","22":"tag-union-europeenne","23":"tag-union-europu00e9enne"},"share_on_mastodon":{"url":"https:\/\/pubeurope.com\/@fr\/115325196334264721","error":""},"_links":{"self":[{"href":"https:\/\/www.europesays.com\/fr\/wp-json\/wp\/v2\/posts\/442056","targetHints":{"allow":["GET"]}}],"collection":[{"href":"https:\/\/www.europesays.com\/fr\/wp-json\/wp\/v2\/posts"}],"about":[{"href":"https:\/\/www.europesays.com\/fr\/wp-json\/wp\/v2\/types\/post"}],"author":[{"embeddable":true,"href":"https:\/\/www.europesays.com\/fr\/wp-json\/wp\/v2\/users\/2"}],"replies":[{"embeddable":true,"href":"https:\/\/www.europesays.com\/fr\/wp-json\/wp\/v2\/comments?post=442056"}],"version-history":[{"count":0,"href":"https:\/\/www.europesays.com\/fr\/wp-json\/wp\/v2\/posts\/442056\/revisions"}],"wp:featuredmedia":[{"embeddable":true,"href":"https:\/\/www.europesays.com\/fr\/wp-json\/wp\/v2\/media\/442057"}],"wp:attachment":[{"href":"https:\/\/www.europesays.com\/fr\/wp-json\/wp\/v2\/media?parent=442056"}],"wp:term":[{"taxonomy":"category","embeddable":true,"href":"https:\/\/www.europesays.com\/fr\/wp-json\/wp\/v2\/categories?post=442056"},{"taxonomy":"post_tag","embeddable":true,"href":"https:\/\/www.europesays.com\/fr\/wp-json\/wp\/v2\/tags?post=442056"}],"curies":[{"name":"wp","href":"https:\/\/api.w.org\/{rel}","templated":true}]}}