{"id":442062,"date":"2025-10-06T03:55:16","date_gmt":"2025-10-06T03:55:16","guid":{"rendered":"https:\/\/www.europesays.com\/fr\/442062\/"},"modified":"2025-10-06T03:55:16","modified_gmt":"2025-10-06T03:55:16","slug":"france-une-histoire-damour-synopsis-et-bande-annonce","status":"publish","type":"post","link":"https:\/\/www.europesays.com\/fr\/442062\/","title":{"rendered":"\u00ab France, une histoire d&rsquo;amour \u00bb: synopsis et bande-annonce"},"content":{"rendered":"<p>France, une histoire d&rsquo;amour en salle le 5 novembre 2025 est r\u00e9alis\u00e9 par Michael Pitiot, Yann Arthus-Bertrand. La dur\u00e9e du film est de 105 minutes.<\/p>\n<p><a href=\"https:\/\/www.20minutes.fr\/arts-stars\/cinema\/sortie-cinema-de-la-semaine\" target=\"_blank\" class=\"c-link c-btn c-btn--primary\" rel=\"noopener\">Les sorties cin\u00e9ma de la semaine<\/a>Alors c&rsquo;est quoi l&rsquo;histoire ?<\/p>\n<p>Apr\u00e8s avoir explor\u00e9 la plan\u00e8te, le photographe Yann Arthus-Bertrand revient chez lui, en France, et part \u00e0 la rencontre des concitoyens qui agissent concr\u00e8tement pour faire avancer leur monde et la soci\u00e9t\u00e9. Tourn\u00e9 comme un road-movie dans la France enti\u00e8re, ce documentaire, authentique et sans filtre, est une invitation \u00e0 la curiosit\u00e9 mais surtout au vivre ensemble. Ces rencontres permettent de r\u00e9v\u00e9ler des paroles sinc\u00e8res dessinant des portraits d&rsquo;hommes et de femmes engag\u00e9s pour qui fraternit\u00e9 rime plus que jamais avec \u00e9galit\u00e9.<\/p>\n","protected":false},"excerpt":{"rendered":"France, une histoire d&rsquo;amour en salle le 5 novembre 2025 est r\u00e9alis\u00e9 par Michael Pitiot, Yann Arthus-Bertrand. La&hellip;\n","protected":false},"author":2,"featured_media":442063,"comment_status":"","ping_status":"","sticky":false,"template":"","format":"standard","meta":{"footnotes":""},"categories":[4],"tags":[11,1409,1011,27,12,25],"class_list":{"0":"post-442062","1":"post","2":"type-post","3":"status-publish","4":"format-standard","5":"has-post-thumbnail","7":"category-france","8":"tag-actualites","9":"tag-bande-annonce","10":"tag-fr","11":"tag-france","12":"tag-news","13":"tag-republique-francaise"},"share_on_mastodon":{"url":"https:\/\/pubeurope.com\/@fr\/115325208044691232","error":""},"_links":{"self":[{"href":"https:\/\/www.europesays.com\/fr\/wp-json\/wp\/v2\/posts\/442062","targetHints":{"allow":["GET"]}}],"collection":[{"href":"https:\/\/www.europesays.com\/fr\/wp-json\/wp\/v2\/posts"}],"about":[{"href":"https:\/\/www.europesays.com\/fr\/wp-json\/wp\/v2\/types\/post"}],"author":[{"embeddable":true,"href":"https:\/\/www.europesays.com\/fr\/wp-json\/wp\/v2\/users\/2"}],"replies":[{"embeddable":true,"href":"https:\/\/www.europesays.com\/fr\/wp-json\/wp\/v2\/comments?post=442062"}],"version-history":[{"count":0,"href":"https:\/\/www.europesays.com\/fr\/wp-json\/wp\/v2\/posts\/442062\/revisions"}],"wp:featuredmedia":[{"embeddable":true,"href":"https:\/\/www.europesays.com\/fr\/wp-json\/wp\/v2\/media\/442063"}],"wp:attachment":[{"href":"https:\/\/www.europesays.com\/fr\/wp-json\/wp\/v2\/media?parent=442062"}],"wp:term":[{"taxonomy":"category","embeddable":true,"href":"https:\/\/www.europesays.com\/fr\/wp-json\/wp\/v2\/categories?post=442062"},{"taxonomy":"post_tag","embeddable":true,"href":"https:\/\/www.europesays.com\/fr\/wp-json\/wp\/v2\/tags?post=442062"}],"curies":[{"name":"wp","href":"https:\/\/api.w.org\/{rel}","templated":true}]}}