{"id":442066,"date":"2025-10-06T04:01:25","date_gmt":"2025-10-06T04:01:25","guid":{"rendered":"https:\/\/www.europesays.com\/fr\/442066\/"},"modified":"2025-10-06T04:01:25","modified_gmt":"2025-10-06T04:01:25","slug":"cest-comme-la-moto-gp-une-course-de-petites-motos-de-vitesse-dans-le-nord-mayenne","status":"publish","type":"post","link":"https:\/\/www.europesays.com\/fr\/442066\/","title":{"rendered":"\u00ab\u00a0C\u2019est comme la Moto GP\u00a0\u00bb\u00a0: une course de petites motos de vitesse dans le Nord-Mayenne"},"content":{"rendered":"<p>Des mini-motos de vitesse vont tourner sur le circuit du Karting du Nord-Mayenne, \u00e0 Montreuil-Poulay, dimanche 5\u00a0octobre 2025. Apr\u00e8s des essais qualificatifs (9\u00a0h \u00e0 12\u00a0h), les courses animeront l\u2019apr\u00e8s-midi (13\u00a0h\u00a030 \u00e0 18\u00a0h) lors du championnat de ligue Pays de la Loire.<\/p>\n<p>L\u2019\u00e9v\u00e8nement est organis\u00e9 par le comit\u00e9 motocycliste d\u00e9partemental de la Mayenne.<strong> \u00ab\u00a0On est\u00a0fier de le recevoir, <\/strong>indique G\u00e9rald Herv\u00e9, g\u00e9rant de la piste.<strong> On<\/strong> <strong>\u00a0esp\u00e8re que \u00e7a va aider \u00e0 amener un nouveau sport dans le d\u00e9partement, o\u00f9 il y a plus de motocross que de vitesse.\u00a0\u00bb<\/strong><\/p>\n<p>Il annonce <strong>\u00ab\u00a0entre 50 et 70\u00a0pilotes\u00a0\u00bb<\/strong> sur un circuit de 900\u00a0m. Homologu\u00e9 par la F\u00e9d\u00e9ration fran\u00e7aise de motocyclisme \u00e0 l\u2019\u00e9t\u00e9 2024, il <strong>\u00ab\u00a0allie vitesse et technique\u00a0\u00bb <\/strong>avec ses 16\u00a0virages.<\/p>\n<p>Un champion de France<\/p>\n<p>Dans les huit cat\u00e9gories, trois sont r\u00e9serv\u00e9es \u00e0 des enfants de 7 \u00e0 16\u00a0ans, en mini OGP (objectif grand prix)\u00a0: mini OGP 115, 160 et 190. <strong>\u00ab\u00a0Il y aura le champion de France de 115, <a href=\"https:\/\/nantes.maville.com\/sport\/detail_-loire-atlantique-moto.-a-9-ans-l-angevin-zack-meriau-remporte-le-championnat-de-moto-mini-ogp-des-pays-de-la-loire-_8-6205860_actu.Htm\" target=\"_self\" rel=\"noopener\">Zack Meriau<\/a>\u00a0\u00bb,<\/strong> pr\u00e9cise G\u00e9rald Herv\u00e9. En piste, <strong>\u00ab\u00a0c\u2019est comme la Moto GP, avec des motos et des pilotes plus petits\u00a0\u00bb.<\/strong><\/p>\n<p>Cinq autres cat\u00e9gories concernent les plus de 16\u00a0ans\u00a0: deux en pit bike (15 et 25\u00a0chevaux)\u00a0; deux en V (15 et 25) et une en super racer (450 cc). <strong>\u00ab\u00a0En pit bike, les motos sont des mini super motards, <\/strong>d\u00e9crit G\u00e9rald Herv\u00e9. <strong>En V15 et V25, elles ont des roues de plus de 12\u00a0pouces. En super racer, ce sont des motos de route un peu plus car\u00e9n\u00e9es.\u00a0\u00bb<\/strong><\/p>\n<p><strong>Dimanche 5\u00a0octobre 2025, <\/strong>essais qualificatifs (9\u00a0h-12\u00a0h) et courses (13\u00a0h\u00a030-18\u00a0h) au Karting du Nord-Mayenne (1, le Fouteau, \u00e0 Montreuil-Poulay).\u00a0Gratuit. Restauration sur place. Contact\u00a0: 06\u00a050\u00a029\u00a038\u00a032.<\/p>\n<p>\u00a0<\/p>\n","protected":false},"excerpt":{"rendered":"Des mini-motos de vitesse vont tourner sur le circuit du Karting du Nord-Mayenne, \u00e0 Montreuil-Poulay, dimanche 5\u00a0octobre 2025.&hellip;\n","protected":false},"author":2,"featured_media":442067,"comment_status":"","ping_status":"","sticky":false,"template":"","format":"standard","meta":{"footnotes":""},"categories":[1413],"tags":[11,6466,1011,27,7591,2693,1457,1456,3302,56843,28989,60,6956],"class_list":{"0":"post-442066","1":"post","2":"type-post","3":"status-publish","4":"format-standard","5":"has-post-thumbnail","7":"category-moto","8":"tag-actualites","9":"tag-course","10":"tag-fr","11":"tag-france","12":"tag-gp","13":"tag-laval","14":"tag-moto","15":"tag-motocycle","16":"tag-motos","17":"tag-nord-mayenne","18":"tag-petites","19":"tag-sports","20":"tag-vitesse"},"share_on_mastodon":{"url":"https:\/\/pubeurope.com\/@fr\/115325231635236008","error":""},"_links":{"self":[{"href":"https:\/\/www.europesays.com\/fr\/wp-json\/wp\/v2\/posts\/442066","targetHints":{"allow":["GET"]}}],"collection":[{"href":"https:\/\/www.europesays.com\/fr\/wp-json\/wp\/v2\/posts"}],"about":[{"href":"https:\/\/www.europesays.com\/fr\/wp-json\/wp\/v2\/types\/post"}],"author":[{"embeddable":true,"href":"https:\/\/www.europesays.com\/fr\/wp-json\/wp\/v2\/users\/2"}],"replies":[{"embeddable":true,"href":"https:\/\/www.europesays.com\/fr\/wp-json\/wp\/v2\/comments?post=442066"}],"version-history":[{"count":0,"href":"https:\/\/www.europesays.com\/fr\/wp-json\/wp\/v2\/posts\/442066\/revisions"}],"wp:featuredmedia":[{"embeddable":true,"href":"https:\/\/www.europesays.com\/fr\/wp-json\/wp\/v2\/media\/442067"}],"wp:attachment":[{"href":"https:\/\/www.europesays.com\/fr\/wp-json\/wp\/v2\/media?parent=442066"}],"wp:term":[{"taxonomy":"category","embeddable":true,"href":"https:\/\/www.europesays.com\/fr\/wp-json\/wp\/v2\/categories?post=442066"},{"taxonomy":"post_tag","embeddable":true,"href":"https:\/\/www.europesays.com\/fr\/wp-json\/wp\/v2\/tags?post=442066"}],"curies":[{"name":"wp","href":"https:\/\/api.w.org\/{rel}","templated":true}]}}