{"id":442068,"date":"2025-10-06T04:02:10","date_gmt":"2025-10-06T04:02:10","guid":{"rendered":"https:\/\/www.europesays.com\/fr\/442068\/"},"modified":"2025-10-06T04:02:10","modified_gmt":"2025-10-06T04:02:10","slug":"formule-1-il-y-a-40-ans-prost-champion-du-monde","status":"publish","type":"post","link":"https:\/\/www.europesays.com\/fr\/442068\/","title":{"rendered":"FORMULE 1 \u2013 Il y a 40 ans\u00a0: Prost, champion du monde\u00a0!"},"content":{"rendered":"<p>            Description de l&rsquo;\u00e9pisode<\/p>\n<p>Londres, 6 octobre 1985. Apr\u00e8s 6 ann\u00e9es de comp\u00e9tition, Alain Prost devient le premier fran\u00e7ais \u00e0 d\u00e9crocher le titre de champion du monde de Formule1. En sortant de sa McLaren, le nouvel h\u00e9ros des pistes s\u2019\u00e9tait confi\u00e9 au micro de notre journaliste Dominique Bressot.<\/p>\n<p>\u00a0<\/p>\n<p><strong>Cr\u00e9dits :<\/strong><\/p>\n<p>Ecriture et diffusion : Estelle Lafont<\/p>\n<p>R\u00e9alisation : Cl\u00e9ment Ibrahim <\/p>\n<p>Patrimoine sonore : Sylvaine Denis, La\u00ebtitia Casanova, Antoine Reclus<\/p>\n<p>Visuel : Sidonie Mangin<\/p>\n","protected":false},"excerpt":{"rendered":"Description de l&rsquo;\u00e9pisode Londres, 6 octobre 1985. Apr\u00e8s 6 ann\u00e9es de comp\u00e9tition, Alain Prost devient le premier fran\u00e7ais&hellip;\n","protected":false},"author":2,"featured_media":442069,"comment_status":"","ping_status":"","sticky":false,"template":"","format":"standard","meta":{"footnotes":""},"categories":[1412],"tags":[1451,1452,1453,1454,1455,1011,27,60],"class_list":{"0":"post-442068","1":"post","2":"type-post","3":"status-publish","4":"format-standard","5":"has-post-thumbnail","7":"category-f1","8":"tag-f1","9":"tag-formula-1","10":"tag-formula1","11":"tag-formule-1","12":"tag-formule1","13":"tag-fr","14":"tag-france","15":"tag-sports"},"share_on_mastodon":{"url":"https:\/\/pubeurope.com\/@fr\/115325235552118329","error":""},"_links":{"self":[{"href":"https:\/\/www.europesays.com\/fr\/wp-json\/wp\/v2\/posts\/442068","targetHints":{"allow":["GET"]}}],"collection":[{"href":"https:\/\/www.europesays.com\/fr\/wp-json\/wp\/v2\/posts"}],"about":[{"href":"https:\/\/www.europesays.com\/fr\/wp-json\/wp\/v2\/types\/post"}],"author":[{"embeddable":true,"href":"https:\/\/www.europesays.com\/fr\/wp-json\/wp\/v2\/users\/2"}],"replies":[{"embeddable":true,"href":"https:\/\/www.europesays.com\/fr\/wp-json\/wp\/v2\/comments?post=442068"}],"version-history":[{"count":0,"href":"https:\/\/www.europesays.com\/fr\/wp-json\/wp\/v2\/posts\/442068\/revisions"}],"wp:featuredmedia":[{"embeddable":true,"href":"https:\/\/www.europesays.com\/fr\/wp-json\/wp\/v2\/media\/442069"}],"wp:attachment":[{"href":"https:\/\/www.europesays.com\/fr\/wp-json\/wp\/v2\/media?parent=442068"}],"wp:term":[{"taxonomy":"category","embeddable":true,"href":"https:\/\/www.europesays.com\/fr\/wp-json\/wp\/v2\/categories?post=442068"},{"taxonomy":"post_tag","embeddable":true,"href":"https:\/\/www.europesays.com\/fr\/wp-json\/wp\/v2\/tags?post=442068"}],"curies":[{"name":"wp","href":"https:\/\/api.w.org\/{rel}","templated":true}]}}