{"id":442070,"date":"2025-10-06T04:04:15","date_gmt":"2025-10-06T04:04:15","guid":{"rendered":"https:\/\/www.europesays.com\/fr\/442070\/"},"modified":"2025-10-06T04:04:15","modified_gmt":"2025-10-06T04:04:15","slug":"ligue-des-champions-j2-latletico-linter-et-le-bayern-deroulent-chelsea-se-relance-orange-actualites-sports","status":"publish","type":"post","link":"https:\/\/www.europesays.com\/fr\/442070\/","title":{"rendered":"Ligue des champions (J2) : L&#039;Atl\u00e9tico, l&#039;Inter et le Bayern d\u00e9roulent, Chelsea se relance &#8211; Orange Actualit\u00e9s | Sports"},"content":{"rendered":"<ol>\n<li><a href=\"https:\/\/news.google.com\/rss\/articles\/CBMi-AFBVV95cUxPeHdrRDVYZHRGbS1HNXl1Tmh2aERvZm1PX3VJOGlQazdvc0NmZUpvblZzSjN6UmRzaWNNM2ppekc1dFdld2Zoa0Z2LVdJQTRzZXpYamxDWFk4aWFPNjFUTzRPNllrWjlNSVFiNEdpTVV3WXNyVEdqUTMtRExpWENfX0pZQmRHMVlBQUh3SzlLSXFNWTZBa3JldVV2c3A5SzFrc2pVLUdXaHFVUU9RNmhYMGZrUUEtc2tzckVWQ0tBd2lUNnJVcXRhY2NQZ1BXY2dEdG1jRkxPTlBqSUF5RkhnU01QU2NMSFIzdUhpanU0c1Q1VWRsNUlWb9IB9wFBVV95cUxOYk5zUHYzQWhhZlZ5SEZHX0JOckpCQm9nalNNazFqUEtkZm5hVzBoMHJUdnFYX0lVTTloNWstSWJQZDVvU0VOa2tCcFFDRVR6VkFnMDUxNl9WdDVYeGFvUGdSWEFaelo4VjZtakRTMG9sVzFwV2p1cVNWVmxqWHdoYjREbmtYU3M0VkhuVmpjZVhPS2lTRFczTFluQlA4aFU2a3NLMmxMYll5bkNaRWhENzVLWlhGWW9HSzBMTFBNUHFrYnlaVHF0QXI3RTRNMUZ5TTZhc1dBLWRHenA2QnZvMlI4bnhtZGIwWHAzcmVtODdPS1ZYdE5j?oc=5\" target=\"_blank\" rel=\"nofollow noopener\">Ligue des champions (J2) : L&rsquo;Atl\u00e9tico, l&rsquo;Inter et le Bayern d\u00e9roulent, Chelsea se relance<\/a>&nbsp;&nbsp;Orange Actualit\u00e9s | Sports<\/li>\n<li><a href=\"https:\/\/news.google.com\/rss\/articles\/CBMiugJBVV95cUxQa3VWSjQwb0VSRFRMampWUnF3WnBrT0FRV3JuYl85SmM3TkRaclQ2Ukc4VVhqNHI4d1QzeWNzZlB5ekVOYlo3b1BBQjFVVXljYkZTYkZrOEIwR0d3YXRXb1FOY3pCd1FqOWU1RWNkbmE2WmYwdGY0MGlYSGs1clhJT3I3MHJnd0JZcmRHZHF5S0ZoeFl5cHJVTmJZbHd5eXRkWFozY3VzVVdVSzE5cFlPV2pJV2NPRWRpeGhGeUhkcFVlMTBYUWtKcklDM3lfZzlteDc2eUtjMVNvMUIxRkxVMndHRFhKVkMxeEg2QXdhSlRIWkRaZWZsb3VwcDJENTFlcy04X3ZSczN4VnJyb18zNE9ha2R0N3VKOHk3WUEwamwta1dtLVNHWk5sb1hDaFpYYk80R21DZ3liQQ?oc=5\" target=\"_blank\" rel=\"nofollow noopener\">PSG dans le Top 3, l&rsquo;OM \u00e0 l&rsquo;aff\u00fbt, Monaco d\u00e9bloque son compteur\u2026 Le classement g\u00e9n\u00e9ral complet apr\u00e8s la 2e journ\u00e9e de la Ligue des champions<\/a>&nbsp;&nbsp;RMC Sport<\/li>\n<li><a href=\"https:\/\/news.google.com\/rss\/articles\/CBMimgFBVV95cUxQY3JSQlNSODMzTkhfNWhPZmIyanh3TE1PcnRYT055YUdSQXF4c3AxZ0cwSndMYjducFZfcW9kVFgwaFdSRlpiNlJPNVYyMVRJSWtRQjlMbkhJQndkMlpmQlhxV0VUdUs2ZnRLa2V3WE1JTVZlOU1ZUmxidmNfYkpyeUc3RDdnazFpRWhTbng1ZXNod09wSWRYazdB?oc=5\" target=\"_blank\" rel=\"nofollow noopener\">LdC : le classement g\u00e9n\u00e9ral apr\u00e8s la 2e journ\u00e9e<\/a>&nbsp;&nbsp;Foot Mercato<\/li>\n<li><a href=\"https:\/\/news.google.com\/rss\/articles\/CBMikAJBVV95cUxPTjlDTU45M2R3MFNqSVd0STFNd1hZSmh6LU4xUG1MX04wYXRhSmpMLVVMUHRreno0MXlFcnlwMlRzd2toZjNYcE4tS1FSZzQwc1VXaTJtQnAyeE05YUFXR28xb1R0NXNTazdTbDJzQWx0clVoUzA5R19PSEFMVlB3alZCYXZueXAtdW1XZ2RZWnoxYjBZc0FZSG5EdF95d0VHV2hTalZkbjRydEZuYzJXYjRWVlpHeko1MEpEX2hnSWlUQ0p4TVB2OGx1LVh0VHRNNXVhdUJsNXlHc3FnVHB1Y0lVZGFObjljTThCdzdwcFMwcGpMRUprUnpRV0d1NWQtNlFoMU94ZzY4Z3NhaE52VA?oc=5\" target=\"_blank\" rel=\"nofollow noopener\">Ligue des champions: l&rsquo;OM, le Real, l&rsquo;Atl\u00e9tico et le Bayern en balade, Liverpool coince&#8230; Le classement apr\u00e8s 2 journ\u00e9es<\/a>&nbsp;&nbsp;Le Figaro<\/li>\n<li><a href=\"https:\/\/news.google.com\/rss\/articles\/CBMitwFBVV95cUxQeGoycVM2US13MVRONjFnUVBCMGktQ2lZTkR0OUk4eE1UWm1QSDR3dHZuS29XYlBIb21FWWVGenhmZWYydnp1cWNFYUxrYmdBOWdBSGQyLVJlV29VLTBFVG5RYUE0ZlRYYWJrd2NfOHlqQ0E2U0xBdWdDeS1oVDE2NGE0SVpFUnRJazFQYU90eWVybjVMRVZMR3V6SnJtRFh6elN2bXNEMHBBZnoxa1hvSUdpQ0VkNGvSAbwBQVVfeXFMTXNYRVlBakJWVmJmQzNHLTdzZzVXOEx4Sl9VVDBwLWlwbjNuZUVoMUllSnZiR3UxNVBiRGM1Vnh3eHhSUURBWEhGVmFoLW1OMVRUcTF1eTJ2YVpWekUyeGZVbG9VTmJFUUI1dERHaF9PZXFabWJoNmlFa3dkdG14LU5vN3ZBOGNVeDhEbDNPcjAyV1lLajl1NWxwc09uOTl2bWEzbDdmR29hVGFtZXRGd2wwZDBYUUVaYW9HRmI?oc=5\" target=\"_blank\" rel=\"nofollow noopener\">Ligue des champions : le programme TV et les r\u00e9sultats complets de la 2e journ\u00e9e<\/a>&nbsp;&nbsp;CNews<\/li>\n<\/ol>\n","protected":false},"excerpt":{"rendered":"Ligue des champions (J2) : L&rsquo;Atl\u00e9tico, l&rsquo;Inter et le Bayern d\u00e9roulent, Chelsea se relance&nbsp;&nbsp;Orange Actualit\u00e9s | Sports PSG&hellip;\n","protected":false},"author":2,"featured_media":395849,"comment_status":"","ping_status":"","sticky":false,"template":"","format":"standard","meta":{"footnotes":""},"categories":[1410],"tags":[63,1011,27,60],"class_list":{"0":"post-442070","1":"post","2":"type-post","3":"status-publish","4":"format-standard","5":"has-post-thumbnail","7":"category-football","8":"tag-football","9":"tag-fr","10":"tag-france","11":"tag-sports"},"share_on_mastodon":{"url":"https:\/\/pubeurope.com\/@fr\/115325243748509508","error":""},"_links":{"self":[{"href":"https:\/\/www.europesays.com\/fr\/wp-json\/wp\/v2\/posts\/442070","targetHints":{"allow":["GET"]}}],"collection":[{"href":"https:\/\/www.europesays.com\/fr\/wp-json\/wp\/v2\/posts"}],"about":[{"href":"https:\/\/www.europesays.com\/fr\/wp-json\/wp\/v2\/types\/post"}],"author":[{"embeddable":true,"href":"https:\/\/www.europesays.com\/fr\/wp-json\/wp\/v2\/users\/2"}],"replies":[{"embeddable":true,"href":"https:\/\/www.europesays.com\/fr\/wp-json\/wp\/v2\/comments?post=442070"}],"version-history":[{"count":0,"href":"https:\/\/www.europesays.com\/fr\/wp-json\/wp\/v2\/posts\/442070\/revisions"}],"wp:featuredmedia":[{"embeddable":true,"href":"https:\/\/www.europesays.com\/fr\/wp-json\/wp\/v2\/media\/395849"}],"wp:attachment":[{"href":"https:\/\/www.europesays.com\/fr\/wp-json\/wp\/v2\/media?parent=442070"}],"wp:term":[{"taxonomy":"category","embeddable":true,"href":"https:\/\/www.europesays.com\/fr\/wp-json\/wp\/v2\/categories?post=442070"},{"taxonomy":"post_tag","embeddable":true,"href":"https:\/\/www.europesays.com\/fr\/wp-json\/wp\/v2\/tags?post=442070"}],"curies":[{"name":"wp","href":"https:\/\/api.w.org\/{rel}","templated":true}]}}