{"id":442073,"date":"2025-10-06T04:07:12","date_gmt":"2025-10-06T04:07:12","guid":{"rendered":"https:\/\/www.europesays.com\/fr\/442073\/"},"modified":"2025-10-06T04:07:12","modified_gmt":"2025-10-06T04:07:12","slug":"saint-pierre-bois-la-bourse-aux-livres-sera-de-retour-le-week-end-prochain","status":"publish","type":"post","link":"https:\/\/www.europesays.com\/fr\/442073\/","title":{"rendered":"Saint-Pierre-Bois. La bourse aux livres sera de retour le week-end prochain"},"content":{"rendered":"<p>C\u2019est un \u00e9v\u00e9nement toujours tr\u00e8s couru, aussi bien du c\u00f4t\u00e9 des vendeurs que des acheteurs. La bourse aux livres de Saint-Pierre-Bois organis\u00e9e par une \u00e9quipe d\u2019amateurs et d\u2019amatrices de lecture, d\u00e9sireux d\u2019apporter une seconde vie aux ouvrages, f\u00eatera sa dixi\u00e8me \u00e9dition les 10, 11 et 12\u00a0octobre prochains.<\/p>\n<p>  Des ouvrages pour tous les \u00e2ges<\/p>\n<p>Pour marquer cet anniversaire, une tombola gratuite sera propos\u00e9e. Des livres, il y en aura pour tous les go\u00fbts et tous les \u00e2ges, \u00e0 un prix tr\u00e8s modique\u00a0: romans, policiers, thrillers, histoire, g\u00e9o, tourisme, architecture, peinture, BD ainsi que des livres enfants allant des contes aux p\u00e9riodiques en passant par les premiers documentaires ou les albums illustr\u00e9s.<\/p>\n<p>  Biblioth\u00e9caires le temps d\u2019un week-end<\/p>\n<p>Les organisateurs s\u2019improvisent tous b\u00e9n\u00e9volement biblioth\u00e9caires d\u2019un week-end. En effet, les b\u00e9n\u00e9fices de l\u2019op\u00e9ration sont destin\u00e9s \u00e0 l\u2019entretien de la \u201cchapelle\u201d devenue salle d\u2019animation rurale de la mairie (o\u00f9 aura lieu la manifestation), ainsi qu\u2019aux d\u00e9cors du village. Au programme \u00e9galement des journ\u00e9es d\u2019animation\u00a0: lectures pour tous et contes pour enfants.<\/p>\n<p class=\"note\"> Salle d\u2019animation rurale de la mairie\u00a0: vendredi 10\u00a0octobre 10\u00a0h-19\u00a0h samedi 11\u00a0octobre 9\u00a0h-18\u00a0h dimanche 12\u00a0octobre 9\u00a0h-18\u00a0h Renseignements\u00a0: Ma\u00eft\u00e9 Wach 06\u00a085\u00a053\u00a077\u00a074 ou par mail \u00e0 l\u2019adresse\u00a0: maite.wach@orange.fr <\/p>\n","protected":false},"excerpt":{"rendered":"C\u2019est un \u00e9v\u00e9nement toujours tr\u00e8s couru, aussi bien du c\u00f4t\u00e9 des vendeurs que des acheteurs. La bourse aux&hellip;\n","protected":false},"author":2,"featured_media":442074,"comment_status":"","ping_status":"","sticky":false,"template":"","format":"standard","meta":{"footnotes":""},"categories":[1357],"tags":[1379,5738,11679,1687,58,3143,59,107,1011,27,1380,56846,8622,3365],"class_list":{"0":"post-442073","1":"post","2":"type-post","3":"status-publish","4":"format-standard","5":"has-post-thumbnail","7":"category-livres","8":"tag-books","9":"tag-bourses","10":"tag-brocantes","11":"tag-culture-loisirs","12":"tag-divertissement","13":"tag-edition-selestat-erstein","14":"tag-entertainment","15":"tag-fil-info","16":"tag-fr","17":"tag-france","18":"tag-livres","19":"tag-saint-pierre-bois","20":"tag-vallee-de-ville","21":"tag-vide-greniers"},"share_on_mastodon":{"url":"https:\/\/pubeurope.com\/@fr\/115325255218558323","error":""},"_links":{"self":[{"href":"https:\/\/www.europesays.com\/fr\/wp-json\/wp\/v2\/posts\/442073","targetHints":{"allow":["GET"]}}],"collection":[{"href":"https:\/\/www.europesays.com\/fr\/wp-json\/wp\/v2\/posts"}],"about":[{"href":"https:\/\/www.europesays.com\/fr\/wp-json\/wp\/v2\/types\/post"}],"author":[{"embeddable":true,"href":"https:\/\/www.europesays.com\/fr\/wp-json\/wp\/v2\/users\/2"}],"replies":[{"embeddable":true,"href":"https:\/\/www.europesays.com\/fr\/wp-json\/wp\/v2\/comments?post=442073"}],"version-history":[{"count":0,"href":"https:\/\/www.europesays.com\/fr\/wp-json\/wp\/v2\/posts\/442073\/revisions"}],"wp:featuredmedia":[{"embeddable":true,"href":"https:\/\/www.europesays.com\/fr\/wp-json\/wp\/v2\/media\/442074"}],"wp:attachment":[{"href":"https:\/\/www.europesays.com\/fr\/wp-json\/wp\/v2\/media?parent=442073"}],"wp:term":[{"taxonomy":"category","embeddable":true,"href":"https:\/\/www.europesays.com\/fr\/wp-json\/wp\/v2\/categories?post=442073"},{"taxonomy":"post_tag","embeddable":true,"href":"https:\/\/www.europesays.com\/fr\/wp-json\/wp\/v2\/tags?post=442073"}],"curies":[{"name":"wp","href":"https:\/\/api.w.org\/{rel}","templated":true}]}}