{"id":442107,"date":"2025-10-06T04:34:10","date_gmt":"2025-10-06T04:34:10","guid":{"rendered":"https:\/\/www.europesays.com\/fr\/442107\/"},"modified":"2025-10-06T04:34:10","modified_gmt":"2025-10-06T04:34:10","slug":"pourtant-bien-desservie-pourquoi-cette-gare-reste-quasiment-deserte-autour-de-rennes","status":"publish","type":"post","link":"https:\/\/www.europesays.com\/fr\/442107\/","title":{"rendered":"Pourtant bien desservie, pourquoi cette gare reste quasiment d\u00e9serte autour de Rennes"},"content":{"rendered":"<p>Le contraste est frappant. Il est 8 h, en ce jeudi de fin septembre. Dans la halte SNCF de Saint-Jacques-de-la-Lande, un train s\u2019arr\u00eate en provenance de Redon, direction Rennes. Une personne en descend, une personne monte. Et c\u2019est tout. Juste \u00e0 c\u00f4t\u00e9, au feu sur la route d\u00e9partementale 177, la quatre voies qui relie Rennes \u00e0 Redon, une file de voitures impressionnante cr\u00e9e un bouchon de plus d\u2019un kilom\u00e8tre. Une habitude aux heures de pointe. Pour parachever le tableau, les cyclistes vont et viennent en nombre sur la passerelle qui enjambe la gare, pour rejoindre Rennes via les deux pistes cyclables.<\/p>\n<p>Les chiffres confirment cette impression de gare fant\u00f4me. En 2024, 4 700 voyageurs sont pass\u00e9 par la gare de Saint-Jacques-de-la-Lande &#8211; soit un peu plus de 10 par jour en moyenne. \u00ab Une fr\u00e9quentation assez faible \u00bb, reconna\u00eet la R\u00e9gion Bretagne, en charge de l\u2019organisation du TER Bretagne. Et m\u00eame fam\u00e9lique, si on compare avec la fr\u00e9quentation des deux gares desservies \u00e0 une poign\u00e9e de kilom\u00e8tres en amont, celles de Ker Lann (95 000 voyageurs en 2024) et Bruz (259 000). Des chiffres, en baisse de 64 % par rapport \u00e0 2015 (12 966 voyageurs), qui en font la gare la moins fr\u00e9quent\u00e9e du bassin rennais.<\/p>\n<p>\u00ab C\u2019est un quartier peu peupl\u00e9 \u00bb<\/p>\n<p>Pourtant, aux heures de pointe, la gare situ\u00e9e au sud de Rennes est correctement desservie : cinq arr\u00eats avant 9 h le matin en direction de Rennes, idem le soir entre 17 h et 20 h. \u00ab Dans le p\u00e9rim\u00e8tre de Rennes M\u00e9tropole, c\u2019est la gare o\u00f9 l\u2019offre TER est la moins importante, \u00e0 l\u2019exception de la branche Rennes &#8211; Ch\u00e2teaubriant qui ne peut techniquement pas avoir plus que 14 arr\u00eats quotidiens \u00bb, temp\u00e8re la R\u00e9gion.<\/p>\n<p>Ce matin-l\u00e0, \u00e0 l\u2019heure d\u2019embaucher, l\u2019unique voyageur crois\u00e9 pour prendre ce train en direction de Rennes, c\u2019est Pascal. Cette ligne, il la prend \u00ab tous les jours depuis dix ans. Il faut reconna\u00eetre qu\u2019il n\u2019y a pas grand-monde aux heures de pointe. J\u2019habite dans le quartier de Saint-Jacques a\u00e9roport et je travaille \u00e0 deux pas de la gare de Rennes. Pour moi, c\u2019est pratique, je suis \u00e0 Rennes en six minutes. \u00bb Il l\u2019admet cependant, \u00ab dans le quartier, mes voisins ne prennent pas le train. Beaucoup se d\u00e9placent \u00e0 v\u00e9lo, en voiture ou en bus \u00bb. \u00ab C\u2019est un quartier assez peu peupl\u00e9, 2 000 habitants, pointe la maire de la commune, Marie Ducamin. Qui plus est, Rennes est tr\u00e8s proche et la ligne de bus C6 fonctionne bien depuis le quartier. Et elle est un peu loin du quartier de La Morinais, ce qui rend cette gare assez confidentielle. \u00bb<\/p>\n<p>\u00ab Il faudra renforcer la connexion avec La Janais \u00bb<\/p>\n<p>Mais alors, pourquoi cette gare est-elle toujours desservie ? La r\u00e9ponse se trouve non loin de l\u00e0, du c\u00f4t\u00e9 de La Janais. Ce jeudi matin-l\u00e0, les voyageurs qui descendent du train se rendent tous dans cette zone d\u2019activit\u00e9. Et particuli\u00e8rement au sein des locaux du Technicentre de la SNCF, rue des Champs Ruffaux, \u00e0 deux pas de la gare. \u00ab Ce matin, on est quatre coll\u00e8gues \u00e0 \u00eatre descendus, et entre sept et dix habituellement \u00e0 cette heure-l\u00e0, explique St\u00e9phane\ufeff, qui vient de Messac. On est proche du parking-relais de Saint-Jacques Ga\u00eet\u00e9, mais pas assez pour venir \u00e0 pied. Cette gare, il faut qu\u2019elle se d\u00e9veloppe pour inciter les salari\u00e9s des autres usines \u00e0 prendre le train. \u00bb<\/p>\n<p>\u00c0 ce jour, \u00ab 2 100 salari\u00e9s travaillent sur le site de La Janais, et on en attend \u00e0 terme 4 300 \u00bb, explique Marie Ducamin. Avec le d\u00e9veloppement de cette zone, h\u00f4te historique de PSA, via notamment l\u2019<a href=\"https:\/\/www.letelegramme.fr\/ille-et-vilaine\/rennes-35000\/a-rennes-on-connait-la-date-dinauguration-des-travaux-de-la-future-usine-safran-6828871.php\" target=\"_blank\" rel=\"noopener\">arriv\u00e9e programm\u00e9e de Safran<\/a>, la gare pourrait voir son d\u00e9bit de voyageurs augmenter. \u00ab Il faudra renforcer la connexion avec la ZAC pour les salari\u00e9s \u00bb, estime Marie Ducamin. De fait, cette gare ne dispose pas de parking, \u00ab et on n\u2019a pas de foncier pour en faire \u00bb. Pour se rendre au Technicentre, les cheminots empruntent une petite route sans trottoir et mal \u00e9clair\u00e9e, \u00e0 pied.<\/p>\n<p>\u00ab La connexion avec l\u2019a\u00e9roport peut \u00e9galement \u00eatre meilleure car l\u2019a\u00e9rogare est assez \u00e9loign\u00e9e. J\u2019esp\u00e8re que l\u2019arriv\u00e9e du Trambus le permettra. \u00bb Pr\u00e9vue pour une mise en service en 2030, la ligne T4 de Trambus, qui reliera le parc-relais Saint-Jacques Ga\u00eet\u00e9 \u00e0 Bruz, passera, selon les derniers plans, par l\u2019a\u00e9roport, mais aussi la gare. Qui pourrait, alors, se sentir un peu moins seule.<\/p>\n","protected":false},"excerpt":{"rendered":"Le contraste est frappant. Il est 8 h, en ce jeudi de fin septembre. Dans la halte SNCF&hellip;\n","protected":false},"author":2,"featured_media":442108,"comment_status":"","ping_status":"","sticky":false,"template":"","format":"standard","meta":{"footnotes":""},"categories":[2821],"tags":[1111,11,829,21017,1777,674,1011,27,848,12,584,25],"class_list":{"0":"post-442107","1":"post","2":"type-post","3":"status-publish","4":"format-standard","5":"has-post-thumbnail","7":"category-rennes","8":"tag-actu","9":"tag-actualites","10":"tag-bretagne","11":"tag-deplacements-a-rennes","12":"tag-eu","13":"tag-europe","14":"tag-fr","15":"tag-france","16":"tag-ille-et-vilaine","17":"tag-news","18":"tag-rennes","19":"tag-republique-francaise"},"share_on_mastodon":{"url":"https:\/\/pubeurope.com\/@fr\/115325361463931332","error":""},"_links":{"self":[{"href":"https:\/\/www.europesays.com\/fr\/wp-json\/wp\/v2\/posts\/442107","targetHints":{"allow":["GET"]}}],"collection":[{"href":"https:\/\/www.europesays.com\/fr\/wp-json\/wp\/v2\/posts"}],"about":[{"href":"https:\/\/www.europesays.com\/fr\/wp-json\/wp\/v2\/types\/post"}],"author":[{"embeddable":true,"href":"https:\/\/www.europesays.com\/fr\/wp-json\/wp\/v2\/users\/2"}],"replies":[{"embeddable":true,"href":"https:\/\/www.europesays.com\/fr\/wp-json\/wp\/v2\/comments?post=442107"}],"version-history":[{"count":0,"href":"https:\/\/www.europesays.com\/fr\/wp-json\/wp\/v2\/posts\/442107\/revisions"}],"wp:featuredmedia":[{"embeddable":true,"href":"https:\/\/www.europesays.com\/fr\/wp-json\/wp\/v2\/media\/442108"}],"wp:attachment":[{"href":"https:\/\/www.europesays.com\/fr\/wp-json\/wp\/v2\/media?parent=442107"}],"wp:term":[{"taxonomy":"category","embeddable":true,"href":"https:\/\/www.europesays.com\/fr\/wp-json\/wp\/v2\/categories?post=442107"},{"taxonomy":"post_tag","embeddable":true,"href":"https:\/\/www.europesays.com\/fr\/wp-json\/wp\/v2\/tags?post=442107"}],"curies":[{"name":"wp","href":"https:\/\/api.w.org\/{rel}","templated":true}]}}