{"id":442117,"date":"2025-10-06T04:40:10","date_gmt":"2025-10-06T04:40:10","guid":{"rendered":"https:\/\/www.europesays.com\/fr\/442117\/"},"modified":"2025-10-06T04:40:10","modified_gmt":"2025-10-06T04:40:10","slug":"une-cellule-dediee-aux-etudiants-pour-que-la-parole-se-libere","status":"publish","type":"post","link":"https:\/\/www.europesays.com\/fr\/442117\/","title":{"rendered":"une cellule d\u00e9di\u00e9e aux \u00e9tudiants \u00ab pour que la parole se lib\u00e8re \u00bb"},"content":{"rendered":"<p>            Par<br \/>\n        <strong><br \/>\n            <a href=\"https:\/\/actu.fr\/auteur\/frederic-jouvet\" title=\"Consulter tous les articles de Fr\u00e9d\u00e9ric Jouvet\" target=\"_blank\" rel=\"noopener\">Fr\u00e9d\u00e9ric Jouvet<\/a><br \/>\n        <\/strong><\/p>\n<p>        Publi\u00e9 le<\/p>\n<p>            6 oct. 2025 \u00e0 5h40        <\/p>\n<p>\u00c0 l\u2019occasion de leur conf\u00e9rence de rentr\u00e9e \u00e0 <a href=\"https:\/\/actu.fr\/tag\/universite-du-mans\" target=\"_blank\" rel=\"noopener\">l\u2019universit\u00e9 du\u00a0Mans<\/a> (Sarthe), les services du Crous Nantes Pays de la Loire ont pr\u00e9sent\u00e9 une nouveaut\u00e9\u2009: la mise en place d\u2019une cellule de signalement des <b>violences sexistes et sexuelles<\/b>, des faits de harc\u00e8lement et des discriminations pour les \u00e9tudiants de la r\u00e9gion.<\/p>\n<p>Une cellule pour que les \u00e9tudiants signalent violences et discriminations<\/p>\n<p class=\" wall-content\">\u00c0 l\u2019\u00e9chelle de la r\u00e9gion, le Crous met en place une cellule de signalement pour les victimes ou t\u00e9moins de violences sexistes et sexuelles, de <b>harc\u00e8lement ou de discriminations.<\/b><\/p>\n<p class=\" wall-content\">\u00ab\u2009Ce qui m\u2019inqui\u00e8te le plus, ce sont les situations qui ne sont pas remont\u00e9es [\u2026] L\u2019enjeu est que la parole puisse <b>se lib\u00e9rer\u2009\u00bb<\/b>, avance Nathalie Boursier, directrice g\u00e9n\u00e9rale du Crous Nantes Pays de la Loire.<\/p>\n<blockquote class=\"ac-article-quote wall-content\">\n<p>Cette cellule vient en compl\u00e9ment des cellules VSS (violences sexistes et sexuelles, N.D.L.R.) dans les \u00e9tablissements sup\u00e9rieurs qui sont soumis \u00e0 cette obligation. L\u00e0, c\u2019est une cellule sp\u00e9cifique car des \u00e9tudiants vivent ensemble et cela peut cr\u00e9er des situations \u00e0 risque<\/p>\n<p>Nathalie Boursier, directrice g\u00e9n\u00e9rale du Crous Nantes Pays de la Loire<\/p><\/blockquote>\n<p class=\" wall-content\">En parall\u00e8le, des r\u00e9f\u00e9rents \u00e9tudiants et des services civiques sont par ailleurs sensibilis\u00e9s et form\u00e9s \u00e0 ces risques. Leur r\u00f4le est de caract\u00e9riser la situation et de passer le relais aux services du Crous.<\/p>\n<p>Comment cela fonctionne-t-il\u2009?<\/p>\n<p class=\" wall-content\">Tout \u00e9tudiant, victime ou t\u00e9moin, peut<b> adresser un signalement <\/b>aupr\u00e8s des services du Crous via le mail suivant\u2009: <a href=\"https:\/\/actu.fr\/cdn-cgi\/l\/email-protection\" class=\"__cf_email__\" data-cfemail=\"6c1f050b020d0009010902182c0f1e03191f41020d0218091f420a1e\" target=\"_blank\" rel=\"noopener\">[email\u00a0protected]<\/a>, via le secr\u00e9tariat de la r\u00e9sidence \u00e9tudiante ou encore sur le site internet du Crous.<\/p>\n<p>Votre r\u00e9gion, votre actu !<\/p>\n<p>Recevez chaque jour les infos qui comptent pour vous.<\/p>\n<p>\t<a href=\"https:\/\/actu.fr\/newsletter\" class=\"ac-btn ac-btn--corner ac-btn--medium ac-btn--blue800\" target=\"_blank\" rel=\"noopener\">S&rsquo;incrire<\/a><\/p>\n<p class=\" wall-content\">Apr\u00e8s envoi d\u2019un accus\u00e9 de r\u00e9ception, un membre de la cellule contacte l\u2019auteur du signalement pour recueillir plus en d\u00e9tail les faits et orienter vers les services comp\u00e9tents. La cellule mesure ensuite la<b> gravit\u00e9 des faits <\/b>et peut prendre des mesures.<\/p>\n<p class=\" wall-content\">\u00ab\u2009On peut faire une orientation d\u2019urgence, prendre des mesures \u00e0 titre conservatoires ou d\u2019\u00e9loignement, orienter vers des services m\u00e9dico-sociaux ou juridiques\u2009\u00bb, \u00e9num\u00e8re Nathalie Boursier. Un suivi r\u00e9gulier est ensuite assur\u00e9\u2009: \u00ab\u2009ce sont des situations qui peuvent avoir des cons\u00e9quences sur<b> le long terme\u2009\u00bb<\/b>.<\/p>\n<p class=\" wall-content\">Personnalisez votre actualit\u00e9 en ajoutant vos villes et m\u00e9dias en favori avec <a href=\"https:\/\/moncompte.actu.fr\" title=\"D\u00e9couvez Mon Actu\" rel=\"nofollow noopener\" data-trk=\"{&quot;cta&quot;:{&quot;action&quot;:&quot;https:\\\/\\\/moncompte.actu.fr&quot;,&quot;category&quot;:&quot;mon compte&quot;,&quot;from&quot;:&quot;article footer&quot;,&quot;name&quot;:&quot;Mon actu&quot;,&quot;type&quot;:&quot;cta&quot;}}\" target=\"_blank\">Mon Actu<\/a>.<\/p>\n","protected":false},"excerpt":{"rendered":"Par Fr\u00e9d\u00e9ric Jouvet Publi\u00e9 le 6 oct. 2025 \u00e0 5h40 \u00c0 l\u2019occasion de leur conf\u00e9rence de rentr\u00e9e \u00e0&hellip;\n","protected":false},"author":2,"featured_media":442118,"comment_status":"","ping_status":"","sticky":false,"template":"","format":"standard","meta":{"footnotes":""},"categories":[2818],"tags":[1111,11,1064,1777,674,1011,27,766,12,2636,25,104,56849,799],"class_list":{"0":"post-442117","1":"post","2":"type-post","3":"status-publish","4":"format-standard","5":"has-post-thumbnail","7":"category-nantes","8":"tag-actu","9":"tag-actualites","10":"tag-etudiantses","11":"tag-eu","12":"tag-europe","13":"tag-fr","14":"tag-france","15":"tag-nantes","16":"tag-news","17":"tag-pays-de-la-loire","18":"tag-republique-francaise","19":"tag-societe","20":"tag-universite-du-mans","21":"tag-violences-sexuelles"},"share_on_mastodon":{"url":"https:\/\/pubeurope.com\/@fr\/115325384939000709","error":""},"_links":{"self":[{"href":"https:\/\/www.europesays.com\/fr\/wp-json\/wp\/v2\/posts\/442117","targetHints":{"allow":["GET"]}}],"collection":[{"href":"https:\/\/www.europesays.com\/fr\/wp-json\/wp\/v2\/posts"}],"about":[{"href":"https:\/\/www.europesays.com\/fr\/wp-json\/wp\/v2\/types\/post"}],"author":[{"embeddable":true,"href":"https:\/\/www.europesays.com\/fr\/wp-json\/wp\/v2\/users\/2"}],"replies":[{"embeddable":true,"href":"https:\/\/www.europesays.com\/fr\/wp-json\/wp\/v2\/comments?post=442117"}],"version-history":[{"count":0,"href":"https:\/\/www.europesays.com\/fr\/wp-json\/wp\/v2\/posts\/442117\/revisions"}],"wp:featuredmedia":[{"embeddable":true,"href":"https:\/\/www.europesays.com\/fr\/wp-json\/wp\/v2\/media\/442118"}],"wp:attachment":[{"href":"https:\/\/www.europesays.com\/fr\/wp-json\/wp\/v2\/media?parent=442117"}],"wp:term":[{"taxonomy":"category","embeddable":true,"href":"https:\/\/www.europesays.com\/fr\/wp-json\/wp\/v2\/categories?post=442117"},{"taxonomy":"post_tag","embeddable":true,"href":"https:\/\/www.europesays.com\/fr\/wp-json\/wp\/v2\/tags?post=442117"}],"curies":[{"name":"wp","href":"https:\/\/api.w.org\/{rel}","templated":true}]}}