{"id":442123,"date":"2025-10-06T04:45:15","date_gmt":"2025-10-06T04:45:15","guid":{"rendered":"https:\/\/www.europesays.com\/fr\/442123\/"},"modified":"2025-10-06T04:45:15","modified_gmt":"2025-10-06T04:45:15","slug":"ligne-c-du-metro-je-ne-sais-pas-comment-je-vais-retrouver-mon-appartement-lattente-interminable-des-sinistres-suspendus-a-lavis-des-experts","status":"publish","type":"post","link":"https:\/\/www.europesays.com\/fr\/442123\/","title":{"rendered":"Ligne C du m\u00e9tro\u00a0: \u00ab\u00a0Je ne sais pas comment je vais retrouver mon appartement\u00a0\u00bb\u00a0: l\u2019attente interminable des sinistr\u00e9s suspendus \u00e0 l\u2019avis des experts"},"content":{"rendered":"<p>\n                                                                    l&rsquo;essentiel<br \/>\n                                                                Apr\u00e8s l\u2019\u00e9vacuation de plusieurs logements suite au passage du tunnelier de la ligne C, l\u2019attente des habitants du quartier Bonnefoy s\u2019\u00e9ternise, entre relogements temporaires et incertitudes. Les experts mandat\u00e9s doivent inspecter les maisons du 8 au 10\u00a0octobre. Leur verdict pourrait sceller l\u2019avenir de plusieurs logements.\n                            <\/p>\n<p>Jeudi, apr\u00e8s le passage du tunnelier de la ligne C, de nouvelles cavit\u00e9s \u00ab\u00a0de petite taille tr\u00e8s localis\u00e9es\u00a0\u00bb ont \u00e9t\u00e9 d\u00e9tect\u00e9es lors d\u2019une op\u00e9ration de contr\u00f4le au niveau de la rue Fr\u00e9d\u00e9ric Petit, en plein c\u0153ur de Toulouse. Imm\u00e9diatement, des op\u00e9rations de comblement ont \u00e9t\u00e9 op\u00e9r\u00e9es via des injections dans le sous-sol aux fins de stabilisation.<\/p>\n<p>Depuis l\u2019effondrement du plancher d\u2019une maison de la rue Louis-Mass\u00e9, le 20\u00a0juin dernier, le quartier du Faubourg-Bonnefoy vit au rythme de ces interventions, certains croisant les doigts pour que les fissures de leurs habitations ne d\u00e9g\u00e9n\u00e8rent pas. \u00ab\u00a0Les premi\u00e8res fissures pour cette maison sont apparues en avril, la propri\u00e9taire de 88 ans \u00e9tait dans sa cuisine quand sa salle \u00e0 manger s\u2019est effondr\u00e9e, raconte \u00c9ric Muller, un autre sinistr\u00e9 du quartier.\u00a0\u00bb<\/p>\n<p>De Airbnb en Airbnb<\/p>\n<p>Lui vivait jusqu\u2019\u00e0 cette date-l\u00e0 dans un petit collectif de la rue B\u00e9teille, adjacente \u00e0 la rue Mass\u00e9. Il a laiss\u00e9 derri\u00e8re lui tous ses habits et objets du quotidien. Depuis, il encha\u00eene les locations temporaires, passant de Airbnb en Airbnb. \u00ab\u00a0Toutes les trois semaines je change de logement, j\u2019en suis \u00e0 mon 4e d\u00e9m\u00e9nagement, d\u00e9but d\u00e9cembre je serai au cinqui\u00e8me, mais cette fois j\u2019ai demand\u00e9 un logement plus p\u00e9renne m\u00eame si je ne sais pas o\u00f9 j\u2019habiterai dans un mois\u00a0\u00bb, raconte celui qui n\u2019a pas pu acc\u00e9der \u00e0 son appartement depuis le sinistre, laissant derri\u00e8re lui ses centaines de CD et vinyles.<\/p>\n<p class=\"std-elt__inline\">\n        <strong>\u00c0 lire aussi :<\/strong><br \/>\n        <a href=\"https:\/\/www.ladepeche.fr\/2025\/07\/17\/chantier-du-metro-de-la-ligne-c-apres-les-fissures-et-effondrement-dans-le-quartier-bonnefoy-tisseo-sollicite-une-expertise-judiciaire-independante-12831259.php\" rel=\"nofollow noopener\" target=\"_blank\">Chantier du m\u00e9tro de la ligne C\u00a0: apr\u00e8s les fissures et effondrement dans le quartier Bonnefoy, Tiss\u00e9o sollicite une expertise judiciaire ind\u00e9pendante<\/a>\n    <\/p>\n<p>Comme la vingtaine de m\u00e9nages qui a d\u00fb \u00e9vacuer en urgence le 20\u00a0juin, il est tenu au courant toutes les trois semaines des avanc\u00e9es par Tiss\u00e9o.\u00a0Mais les derni\u00e8res r\u00e9unions ne lui ont pas forc\u00e9ment apport\u00e9 les r\u00e9ponses qu\u2019il attendait. \u00ab\u00a0On devait rentrer fin septembre, puis fin novembre et maintenant c\u2019est fin janvier\u00a0\u00bb, rel\u00e8ve ce Toulousain. Un temps, <a href=\"https:\/\/www.ladepeche.fr\/2025\/08\/29\/plancher-effondre-puis-chantier-suspendu-dans-ce-quartier-de-toulouse-tisseo-vise-un-retour-a-la-normale-autour-du-8-octobre-12899667.php\" target=\"_self\" rel=\"nofollow noopener\">la date du 8\u00a0octobre avait m\u00eame \u00e9t\u00e9 avanc\u00e9e<\/a>. \u00ab\u00a0Nous sommes condamn\u00e9s \u00e0 l\u2019incertitude et ballott\u00e9s au gr\u00e9 des probl\u00e8mes techniques. Je ne sais pas comment je vais retrouver mon appartement\u00a0\u00bb, s\u2019interroge Eric Muller qui, avant l\u2019\u00e9vacuation, avait lanc\u00e9 les d\u00e9marches pour mettre en vente son logement.<\/p>\n<p>M\u00eame si, avec du recul, il se demande s\u2019il a vraiment envie de\u00a0retourner dans sa r\u00e9sidence \u00ab\u00a0sans voisins ni garage\u00a0\u00bb. Sauf que \u00ab\u00a0la vie dans un appartement impersonnel devient \u00e9puisante\u00a0\u00bb, assure-t-il, d\u00e9sabus\u00e9.<\/p>\n<p>Les experts sur le chantier cette semaine<\/p>\n<p>Apr\u00e8s cette semaine, il sera certainement un peu plus fix\u00e9. Du 8 au 10\u00a0octobre, les experts ind\u00e9pendants mandat\u00e9s par le tribunal administratif seront sur le terrain pour inspecter les b\u00e2tis.<\/p>\n<p>\u00ab\u00a0Lors de la premi\u00e8re r\u00e9union, l\u2019expert a \u00e9t\u00e9 clair\u00a0: il faut envisager tous les sc\u00e9narios possibles, y compris la d\u00e9molition si une maison est trop d\u00e9grad\u00e9e et que la remise en \u00e9tat co\u00fbterait plus cher qu\u2019une reconstruction. Nous l\u2019avons indiqu\u00e9 aux propri\u00e9taires et locataires, mais \u00e0 ce stade, l\u2019expert n\u2019\u00e9tait pas en mesure de donner une orientation pr\u00e9cise. Il a volontairement expos\u00e9 le champ des possibles\u00a0\u00bb, explique Jean-Jacques Laporte, directeur Grands projets chez Tiss\u00e9o Ing\u00e9nierie, en charge du chantier de la ligne C.<\/p>\n<p>Autour du 14\u00a0octobre, une nouvelle r\u00e9union sera organis\u00e9e afin de faire un point avec les riverains concern\u00e9s. Mais pour certains, le retour n\u2019est d\u2019ores et d\u00e9j\u00e0 pas envisageable avant plusieurs mois, quelle que soit la d\u00e9cision des experts concernant leur logement.<\/p>\n<p>\u00ab\u00a0Pour les maisons du 4, du 6 et du 8 rue Mass\u00e9, nous avons d\u00e9j\u00e0 mis en place un relogement de longue dur\u00e9e, en concertation avec les riverains. Nous savons que les travaux seront cons\u00e9quents et prendront probablement autour d\u2019un an, un peu moins ou un peu plus. Les quatre m\u00e9nages concern\u00e9s sont donc relog\u00e9s sur cette base\u00a0\u00bb, rappelle Jean-Jacques Laporte.<\/p>\n<p>Quant \u00e0 ceux des deux petits collectifs de la rue B\u00e9teille, ils devront encore attendre un peu. \u00ab\u00a0Fin ao\u00fbt, nous esp\u00e9rions un retour courant septembre, mais avec l\u2019expertise en cours et la complexit\u00e9 des travaux, nous n\u2019avons pas pu fixer de date. Plut\u00f4t que de donner de fausses \u00e9ch\u00e9ances, nous avons stabilis\u00e9 leur situation sur une p\u00e9riode plus longue, au moins jusqu\u2019aux vacances de fin d\u2019ann\u00e9e. Cela ne veut pas dire qu\u2019ils ne r\u00e9int\u00e9greront pas avant, mais cela \u00e9vite des d\u00e9m\u00e9nagements successifs tous les 15 jours ou trois semaines, ce qui \u00e9tait tr\u00e8s p\u00e9nible\u00a0\u00bb, reconna\u00eet le responsable du chantier pour Tiss\u00e9o.<\/p>\n<p>    R\u00e9ouverture \u00e0 Bonnefoy mi-novembre<\/p>\n<p>Le chantier de la ligne C se poursuit et plusieurs \u00e9tapes importantes vont avoir lieu d\u2019ici \u00e0 la fin de l\u2019ann\u00e9e.\u00a0\u00ab\u00a0Avant mi-octobre, le tunnelier Marguerite de Catellan arrivera \u00e0 Port-Saint-Sauveur et sera un \u00e9v\u00e9nement important\u00a0: ce sera le premier \u00e0 achever son parcours\u00a0\u00bb, indique Jean-Jacques Laporte, responsable du chantier 3e ligne chez Tiss\u00e9o Ing\u00e9nierie. Ce tunnelier sera ensuite d\u00e9mont\u00e9. D\u2019ici la fin d\u2019ann\u00e9e, le viaduc c\u00f4t\u00e9 Lab\u00e8ge sera aussi achev\u00e9. Pour les Toulousains, une information qui fera plaisir \u00e0 nombre d\u2019entre eux\u00a0: mi-novembre, la circulation \u00e0 double sens sur le faubourg Bonnefoy, avec la fin des travaux li\u00e9s \u00e0 l\u2019ouvrage. \u00ab\u00a0Cela ne signifie pas la disparition du chantier, mais la vie du quartier retrouvera un fonctionnement plus normal. Nous avions promis une r\u00e9ouverture pour fin 2025, et nous tenons ce calendrier\u00a0\u00bb, indique le responsable de Tiss\u00e9o.<\/p>\n","protected":false},"excerpt":{"rendered":"l&rsquo;essentiel Apr\u00e8s l\u2019\u00e9vacuation de plusieurs logements suite au passage du tunnelier de la ligne C, l\u2019attente des habitants&hellip;\n","protected":false},"author":2,"featured_media":442124,"comment_status":"","ping_status":"","sticky":false,"template":"","format":"standard","meta":{"footnotes":""},"categories":[2816],"tags":[1111,11,1777,674,1011,27,12,2680,25,2312],"class_list":{"0":"post-442123","1":"post","2":"type-post","3":"status-publish","4":"format-standard","5":"has-post-thumbnail","7":"category-toulouse","8":"tag-actu","9":"tag-actualites","10":"tag-eu","11":"tag-europe","12":"tag-fr","13":"tag-france","14":"tag-news","15":"tag-occitanie","16":"tag-republique-francaise","17":"tag-toulouse"},"share_on_mastodon":{"url":"https:\/\/pubeurope.com\/@fr\/115325404679376570","error":""},"_links":{"self":[{"href":"https:\/\/www.europesays.com\/fr\/wp-json\/wp\/v2\/posts\/442123","targetHints":{"allow":["GET"]}}],"collection":[{"href":"https:\/\/www.europesays.com\/fr\/wp-json\/wp\/v2\/posts"}],"about":[{"href":"https:\/\/www.europesays.com\/fr\/wp-json\/wp\/v2\/types\/post"}],"author":[{"embeddable":true,"href":"https:\/\/www.europesays.com\/fr\/wp-json\/wp\/v2\/users\/2"}],"replies":[{"embeddable":true,"href":"https:\/\/www.europesays.com\/fr\/wp-json\/wp\/v2\/comments?post=442123"}],"version-history":[{"count":0,"href":"https:\/\/www.europesays.com\/fr\/wp-json\/wp\/v2\/posts\/442123\/revisions"}],"wp:featuredmedia":[{"embeddable":true,"href":"https:\/\/www.europesays.com\/fr\/wp-json\/wp\/v2\/media\/442124"}],"wp:attachment":[{"href":"https:\/\/www.europesays.com\/fr\/wp-json\/wp\/v2\/media?parent=442123"}],"wp:term":[{"taxonomy":"category","embeddable":true,"href":"https:\/\/www.europesays.com\/fr\/wp-json\/wp\/v2\/categories?post=442123"},{"taxonomy":"post_tag","embeddable":true,"href":"https:\/\/www.europesays.com\/fr\/wp-json\/wp\/v2\/tags?post=442123"}],"curies":[{"name":"wp","href":"https:\/\/api.w.org\/{rel}","templated":true}]}}