{"id":442125,"date":"2025-10-06T04:46:12","date_gmt":"2025-10-06T04:46:12","guid":{"rendered":"https:\/\/www.europesays.com\/fr\/442125\/"},"modified":"2025-10-06T04:46:12","modified_gmt":"2025-10-06T04:46:12","slug":"une-autoroute-et-un-echangeur-du-peripherique-fermes-cette-semaine-ce-quil-faut-savoir","status":"publish","type":"post","link":"https:\/\/www.europesays.com\/fr\/442125\/","title":{"rendered":"une autoroute et un \u00e9changeur du p\u00e9riph\u00e9rique ferm\u00e9s cette semaine, ce qu&rsquo;il faut savoir"},"content":{"rendered":"<p>            Par<br \/>\n        <strong><br \/>\n            <a href=\"https:\/\/actu.fr\/auteur\/guillaume-laurens\" title=\"Consulter tous les articles de Guillaume Laurens\" target=\"_blank\" rel=\"noopener\">Guillaume Laurens<\/a><br \/>\n        <\/strong><\/p>\n<p>        Publi\u00e9 le<\/p>\n<p>            6 oct. 2025 \u00e0 6h32        <\/p>\n<p>Prudence sur les routes de l\u2019agglom\u00e9ration de <strong>Toulouse<\/strong>, cette semaine, o\u00f9 Vinci Autoroutes et Toulouse M\u00e9tropole vont parall\u00e8lement proc\u00e9der \u00e0 <strong>plusieurs chantiers<\/strong> de maintenance sur de <strong>grands axes<\/strong> du territoire. <strong><a href=\"https:\/\/actu.fr\/tag\/autoroute-64-a64\" target=\"_blank\" rel=\"noopener\">L\u2019autoroute A64<\/a>\u00a0<\/strong>et une <strong>sortie du <a href=\"https:\/\/actu.fr\/tag\/peripherique-de-toulouse\" target=\"_blank\" rel=\"noopener\">p\u00e9riph\u00e9rique<\/a><\/strong> seront (momentan\u00e9ment) ferm\u00e9s du lundi 6 au jeudi 9 octobre 2025. Tous les d\u00e9tails.<\/p>\n<p>Des travaux de maintenance sur l\u2019A64\u2026 et le p\u00e9riph\u2019<\/p>\n<p class=\" wall-content\">Dans le cadre de son \u00ab\u00a0programme d\u2019entretien du r\u00e9seau\u00a0\u00bb, Vinci Autoroutes va proc\u00e9der du lundi 6 au jeudi 9 octobre 2025\u00a0\u00e0 des <strong>travaux de <\/strong><strong>maintenance <\/strong>sur <strong>l\u2019autoroute A64<\/strong> <strong>nord, <\/strong>aux portes de la Ville rose. \u00ab\u00a0Pour limiter la g\u00eane occasionn\u00e9e\u00a0\u00bb, ces chantiers se d\u00e9rouleront en soir\u00e9e et de nuit, entre <strong>21 heures<\/strong> et <strong>6 heures <\/strong>le lendemain, \u00ab\u00a0n\u00e9cessitant sur cette p\u00e9riode des fermetures ponctuelles de l\u2019A64\u00a0\u00bb, explique Vinci Autoroutes.<\/p>\n<p class=\" wall-content\">Dans le m\u00eame temps, Toulouse M\u00e9tropole r\u00e9alise des <strong>travaux d\u2019entretien<\/strong> qui vont n\u00e9cessiter la <strong>fermeture<\/strong> ponctuelle de <strong>l\u2019\u00e9changeur de Croix-Daurade<\/strong> (n\u00b014) sur le p\u00e9riph\u00e9rique, au nord de la Ville rose.<\/p>\n<p>L\u2019\u00e9changeur de Croix-Daurade ferm\u00e9 toute la semaine en soir\u00e9e et nuit<\/p>\n<p class=\" wall-content\">En ce qui concerne le p\u00e9riph\u00e9rique, pendant les <strong>quatre soir\u00e9es et nuits<\/strong> du lundi 6, mardi 7, mercredi 8 et jeudi 9 octobre, <strong>l\u2019\u00e9changeur de Croix-Daurade<\/strong>\u00a0sera ferm\u00e9 <strong>dans les deux sens<\/strong> de circulation, entre 21 heures et 6 heures le lendemain.<\/p>\n<p class=\" wall-content\">En cons\u00e9quence, les conducteurs en direction de Montpellier seront invit\u00e9s \u00e0 <strong>sortir \u00e0 La Roseraie<\/strong> (n\u00b015) et ceux en direction de Bordeaux \u00e0 <strong>sortir \u00e0 Borderouge<\/strong> (n\u00b013).<\/p>\n<p>Vid\u00e9os : en ce moment sur ActuL\u2019A64 ferm\u00e9e entre Bordelongue et Francazal lundi soir<\/p>\n<p class=\" wall-content\">Pour ce qui est de l\u2019A64, la nuit du <strong>lundi 6<\/strong> <strong>octobre<\/strong>, entre 21 heures et 6 heures le lendemain, l\u2019autoroute sera <strong>ferm\u00e9e \u00e0 Toulouse, en direction de Tarbes<\/strong> entre la bifurcation de <strong>Bordelongue<\/strong> (A64\/A620) et l\u2019\u00e9changeur de <strong>Francazal<\/strong> (n\u00b037). L\u2019entr\u00e9e Le Chapitre (n\u00b038) en direction de Tarbes sera \u00e9galement ferm\u00e9e, aux m\u00eames heures. Pour circuler :<\/p>\n<ul class=\" wall-content\">\n<li>depuis le p\u00e9riph\u00e9rique int\u00e9rieur, les conducteurs en direction de Tarbes seront invit\u00e9s \u00e0 <strong>sortir \u00e0 La Faourette<\/strong> (n\u00b026) pour rejoindre l\u2019A64 \u00e0 Francazal par le r\u00e9seau local ;<\/li>\n<li>depuis le p\u00e9riph\u00e9rique ext\u00e9rieur, les conducteurs en direction de Tarbes seront invit\u00e9s \u00e0 <strong>faire demi-tour \u00e0 Rangueil<\/strong> (n\u00b023) afin de sortir \u00e0 Langlade (n\u00b025) et rejoindre l\u2019A64 \u00e0 Francazal par le r\u00e9seau local.<\/li>\n<\/ul>\n<p>Votre r\u00e9gion, votre actu !<\/p>\n<p>Recevez chaque jour les infos qui comptent pour vous.<\/p>\n<p>\t<a href=\"https:\/\/actu.fr\/newsletter\" class=\"ac-btn ac-btn--corner ac-btn--medium ac-btn--blue800\" target=\"_blank\" rel=\"noopener\">S&rsquo;incrire<\/a><br \/>\nL\u2019A64 ferm\u00e9e entre Francazal et Bordelongue mardi soir<\/p>\n<p class=\" wall-content\">La nuit du <strong>mardi 7 octobre<\/strong>, entre 21 heures et 6 heures le lendemain, <strong>l\u2019A64<\/strong> sera ferm\u00e9e <strong>en direction de Toulouse<\/strong> cette fois (dans l\u2019autre sens, donc), entre l\u2019\u00e9changeur de <strong>Francazal<\/strong> et la bifurcation de <strong>Bordelongue<\/strong> (A64\/A620). Les entr\u00e9es de <strong>Francazal<\/strong>\u00a0et <strong>Le Chapitre<\/strong> en direction de Toulouse seront \u00e9galement ferm\u00e9es, aux m\u00eames heures. En cons\u00e9quence :<\/p>\n<ul class=\" wall-content\">\n<li>depuis l\u2019A64, les conducteurs en direction de Toulouse seront invit\u00e9s \u00e0 <strong>sortir \u00e0 Francazal<\/strong> pour rejoindre le p\u00e9riph\u00e9rique ext\u00e9rieur par le r\u00e9seau local jusqu\u2019\u00e0 l\u2019\u00e9changeur de Langlade ;<\/li>\n<li>pour rejoindre le p\u00e9riph\u00e9rique int\u00e9rieur, les conducteurs seront invit\u00e9s \u00e0 suivre le m\u00eame<br \/>itin\u00e9raire puis \u00e0 faire <strong>demi-tour <\/strong>\u00e0 l\u2019\u00e9changeur de<strong> Rangueil<\/strong>.<\/li>\n<\/ul>\n<p>L\u2019A64 ferm\u00e9e entre Francazal et Muret-Nord mercredi soir<\/p>\n<p class=\" wall-content\">La nuit du <strong>mercredi 8 octobre<\/strong>, entre 21 heures et 6 heures le lendemain, <strong>l\u2019A64<\/strong> sera ferm\u00e9e <strong>en direction de Tarbes<\/strong> entre les \u00e9changeurs de <strong>Francazal<\/strong> et <strong>Muret-Nord<\/strong> (n\u00b035).<\/p>\n<p class=\" wall-content\">En cons\u00e9quence, les conducteurs en direction de Tarbes seront invit\u00e9s \u00e0 <strong>sortir \u00e0 Francazal<\/strong> pour reprendre l\u2019A64 \u00e0 Muret-Nord.<\/p>\n<p>L\u2019A64 ferm\u00e9e entre Muret-Nord et Francazal jeudi soir<\/p>\n<p class=\" wall-content\">Enfin, pendant la nuit du jeudi 9 octobre, entre 21 heures et 6 heures le lendemain, <strong>l\u2019A64<\/strong> sera ferm\u00e9e <strong>en direction de <\/strong><strong>Toulouse<\/strong> entre les \u00e9changeurs de <strong>Muret-Nord<\/strong> et <strong>Francazal <\/strong>(dans l\u2019autre sens). Les entr\u00e9es de Muret-Nord et Roques-sur-Garonne (n\u00b036) en direction de Toulouse seront \u00e9galement ferm\u00e9es, aux m\u00eames heures. En cons\u00e9quence :<\/p>\n<ul class=\" wall-content\">\n<li>les conducteurs en direction de Toulouse seront invit\u00e9s \u00e0 <strong>sortir \u00e0 Muret-Nord<\/strong> pour reprendre l\u2019A64 \u00e0 Francazal ;<\/li>\n<li>les conducteurs circulant sur la D820 en provenance de Foix et voulant emprunter l\u2019A64 en direction de Toulouse seront d\u00e9vi\u00e9s par une sortie obligatoire \u00e0 l\u2019\u00e9changeur de Roques, pour emprunter la RD120 et la RD63 jusqu\u2019\u00e0 l\u2019\u00e9changeur de Francazal.<\/li>\n<\/ul>\n<p class=\" wall-content\">Personnalisez votre actualit\u00e9 en ajoutant vos villes et m\u00e9dias en favori avec <a href=\"https:\/\/moncompte.actu.fr\" title=\"D\u00e9couvez Mon Actu\" rel=\"nofollow noopener\" data-trk=\"{&quot;cta&quot;:{&quot;action&quot;:&quot;https:\\\/\\\/moncompte.actu.fr&quot;,&quot;category&quot;:&quot;mon compte&quot;,&quot;from&quot;:&quot;article footer&quot;,&quot;name&quot;:&quot;Mon actu&quot;,&quot;type&quot;:&quot;cta&quot;}}\" target=\"_blank\">Mon Actu<\/a>.<\/p>\n","protected":false},"excerpt":{"rendered":"Par Guillaume Laurens Publi\u00e9 le 6 oct. 2025 \u00e0 6h32 Prudence sur les routes de l\u2019agglom\u00e9ration de Toulouse,&hellip;\n","protected":false},"author":2,"featured_media":442126,"comment_status":"","ping_status":"","sticky":false,"template":"","format":"standard","meta":{"footnotes":""},"categories":[2816],"tags":[1111,11,4799,1777,674,1011,27,12,2680,4800,25,104,2312,2086],"class_list":{"0":"post-442125","1":"post","2":"type-post","3":"status-publish","4":"format-standard","5":"has-post-thumbnail","7":"category-toulouse","8":"tag-actu","9":"tag-actualites","10":"tag-autoroute-64-a64","11":"tag-eu","12":"tag-europe","13":"tag-fr","14":"tag-france","15":"tag-news","16":"tag-occitanie","17":"tag-peripherique-de-toulouse","18":"tag-republique-francaise","19":"tag-societe","20":"tag-toulouse","21":"tag-travaux"},"share_on_mastodon":{"url":"https:\/\/pubeurope.com\/@fr\/115325408577826084","error":""},"_links":{"self":[{"href":"https:\/\/www.europesays.com\/fr\/wp-json\/wp\/v2\/posts\/442125","targetHints":{"allow":["GET"]}}],"collection":[{"href":"https:\/\/www.europesays.com\/fr\/wp-json\/wp\/v2\/posts"}],"about":[{"href":"https:\/\/www.europesays.com\/fr\/wp-json\/wp\/v2\/types\/post"}],"author":[{"embeddable":true,"href":"https:\/\/www.europesays.com\/fr\/wp-json\/wp\/v2\/users\/2"}],"replies":[{"embeddable":true,"href":"https:\/\/www.europesays.com\/fr\/wp-json\/wp\/v2\/comments?post=442125"}],"version-history":[{"count":0,"href":"https:\/\/www.europesays.com\/fr\/wp-json\/wp\/v2\/posts\/442125\/revisions"}],"wp:featuredmedia":[{"embeddable":true,"href":"https:\/\/www.europesays.com\/fr\/wp-json\/wp\/v2\/media\/442126"}],"wp:attachment":[{"href":"https:\/\/www.europesays.com\/fr\/wp-json\/wp\/v2\/media?parent=442125"}],"wp:term":[{"taxonomy":"category","embeddable":true,"href":"https:\/\/www.europesays.com\/fr\/wp-json\/wp\/v2\/categories?post=442125"},{"taxonomy":"post_tag","embeddable":true,"href":"https:\/\/www.europesays.com\/fr\/wp-json\/wp\/v2\/tags?post=442125"}],"curies":[{"name":"wp","href":"https:\/\/api.w.org\/{rel}","templated":true}]}}