{"id":442127,"date":"2025-10-06T04:48:12","date_gmt":"2025-10-06T04:48:12","guid":{"rendered":"https:\/\/www.europesays.com\/fr\/442127\/"},"modified":"2025-10-06T04:48:12","modified_gmt":"2025-10-06T04:48:12","slug":"psg-script-de-fou-ethan-et-kylian-mbappe-ont-vecu-une-soiree-memorable","status":"publish","type":"post","link":"https:\/\/www.europesays.com\/fr\/442127\/","title":{"rendered":"PSG\u00a0: \u00ab\u00a0Script de fou\u00a0\u00bb\u2026 Ethan et Kylian Mbapp\u00e9 ont v\u00e9cu une soir\u00e9e m\u00e9morable"},"content":{"rendered":"<p>Dire qu\u2019on pensait avant tout dimanche soir aux retrouvailles entre <a href=\"https:\/\/www.20minutes.fr\/sport\/football\/lucas-chevalier\/\" class=\"c-link c-link--is-underlined\" target=\"_blank\" rel=\"noopener\">Lucas Chevalier<\/a> et le stade Pierre Mauroy, \u00e0 l\u2019occasion de <a href=\"https:\/\/www.20minutes.fr\/sport\/football\/ligue-1\/4176993-20251005-direct-lille-psg-voila-choc-fait-saliver-entre-deux-heros-europeens-semaine-suivez-match-20h15\" class=\"c-link c-link--is-underlined\" target=\"_blank\" rel=\"noopener\">l\u2019affiche Losc-PSG (1-1)<\/a>. Notre Ligue des talents nous offrait pourtant sur un plateau un divertissement bien plus prononc\u00e9. Imaginez donc qu\u2019Ethan Mbapp\u00e9 (18 ans), form\u00e9 au <a href=\"https:\/\/www.20minutes.fr\/sport\/psg\/\" class=\"c-link c-link--is-underlined\" target=\"_blank\" rel=\"noopener\">PSG<\/a> de\u00a02017 \u00e0\u00a02024 avant de quitter le club sans s\u2019y voir proposer un premier contrat professionnel, ne se montre d\u00e9cisif. Et plus encore avec en premier supporteur en tribunes sa superstar de grand fr\u00e8re <a href=\"https:\/\/www.20minutes.fr\/sport\/kylian-mbappe\/\" class=\"c-link c-link--is-underlined\" target=\"_blank\" rel=\"noopener\">Kylian<\/a>, toujours <a href=\"https:\/\/www.20minutes.fr\/sport\/football\/4153113-20250512-litige-mbappe-psg-joueur-recupere-14-millions-55-reclames\" class=\"c-link c-link--is-underlined\" target=\"_blank\" rel=\"noopener\">en litige financier avec la direction du PSG<\/a>.<\/p>\n<p>Le hasard du calendrier a rendu ce sc\u00e9nario possible, entre un match du <a href=\"https:\/\/www.20minutes.fr\/sport\/real_madrid\/\" class=\"c-link c-link--is-underlined\" target=\"_blank\" rel=\"noopener\">Real Madrid<\/a> programm\u00e9 samedi (3-1 contre Villarreal, avec d\u00e9j\u00e0 le 14e but du \u00ab\u00a0Kyk\u2019s\u00a0\u00bb cette saison) et le rassemblement de l\u2019<a href=\"https:\/\/www.20minutes.fr\/sport\/equipe-de-france-de-football\/\" class=\"c-link c-link--is-underlined\" target=\"_blank\" rel=\"noopener\">\u00e9quipe de France<\/a>, ce lundi \u00e0 <a href=\"https:\/\/www.20minutes.fr\/sport\/clairefontaine\/\" class=\"c-link c-link--is-underlined\" target=\"_blank\" rel=\"noopener\">Clairefontaine<\/a>, pour une \u00e9ni\u00e8me tr\u00eave internationale. Mais \u00e0 quoi tenait donc notre belle histoire de cette 7e journ\u00e9e de Ligue\u00a01\u00a0? A une balle de break myst\u00e9rieusement croqu\u00e9e par Achraf Hakimi \u00e0 la 83e minute de jeu, sur un caviar de Nuno Mendes, buteur plus t\u00f4t sur <a href=\"https:\/\/x.com\/PSG_inside\/status\/1974970479917388084\" rel=\"nofollow\" target=\"_blank\" class=\"c-link c-link--is-underlined\">un merveilleux coup franc<\/a> (0-1, 66e).<\/p>\n<p class=\"mb-xxl@xs color-ultramarine font-weight-semi-bold@xs font-source-serif-pro heading-s@xs\">L\u2019acc\u00e8s \u00e0 ce contenu a \u00e9t\u00e9 bloqu\u00e9 afin de respecter votre choix de consentement<\/p>\n<p class=\"mb-m@xs text-l@xs\">En cliquant sur\u00ab J\u2019accepte \u00bb, vous acceptez le d\u00e9p\u00f4t de cookies par des services externes et aurez ainsi acc\u00e8s aux contenus de nos partenaires.<\/p>\n<p class=\"mb-xl@xs text-s@xs\">Plus d\u2019informations sur la page<a href=\"https:\/\/www.20minutes.fr\/gestion-cookies\" class=\"mx-xxs@xs color-ultramarine\" target=\"_blank\" rel=\"noopener\">Politique de gestion des cookies<\/a><\/p>\n<p>J\u2019accepteUn apport hyper rentable en ce d\u00e9but de saison<\/p>\n<p>Seulement quatre minutes apr\u00e8s son entr\u00e9e en jeu \u00e0 la place de Matias Fernandez-Pardo (81e), Ethan Mbapp\u00e9 a \u00e9t\u00e9 d\u00e9cal\u00e9 par Hamza Igamane sur le c\u00f4t\u00e9 droit de la surface parisienne. Profitant du bel appel de Thiago Santos, le jeune milieu offensif a alors feint\u00e9 Willian Pacho pour repiquer sur son pied gauche et <a href=\"https:\/\/x.com\/Ligue1\/status\/1974961545982492694\" rel=\"nofollow\" target=\"_blank\" class=\"c-link c-link--is-underlined\">d\u00e9clencher une frappe<\/a>. Celle-ci a \u00e9chapp\u00e9 de peu au taulier ultime \u00e9quatorien avant de passer entre les jambes de Lucas Beraldo, qui a fortement g\u00ean\u00e9 un Lucas Chevalier pas imp\u00e9rial sur le coup (1-1, 85e).<\/p>\n<p>Un but synonyme de match nul heureux arrach\u00e9 (9 tirs \u00e0 17, 37\u00a0% de possession de balle), et \u00e0 titre personnel d\u2019une carri\u00e8re professionnelle en train de d\u00e9coller. Trois semaines plus t\u00f4t, <a href=\"https:\/\/www.20minutes.fr\/sport\/football\/ligue-1\/4173002-20250914-losc-toulouse-kylian-mbappe-qualifie-frere-ethan-starboy-apres-premier-but-professionnel-decisif\" class=\"c-link c-link--is-underlined\" target=\"_blank\" rel=\"noopener\">Ethan Mbapp\u00e9 avait ainsi d\u00e9livr\u00e9 tout le stade Pierre Mauroy<\/a> au bout du temps additionnel (90e+8), via une vol\u00e9e parfaite pour son premier but en <a href=\"https:\/\/www.20minutes.fr\/sport\/ligue-1\/\" class=\"c-link c-link--is-underlined\" target=\"_blank\" rel=\"noopener\">Ligue 1<\/a>, avec succ\u00e8s \u00e0 la cl\u00e9 contre Toulouse (2-1). En quatre apparitions et une cinquantaine de minutes cumul\u00e9es cette saison, le cadet Mbapp\u00e9 a donc trouv\u00e9 le moyen de marquer \u00e0 deux reprises. Restait \u00e0 voir, dans ce sc\u00e9nario insens\u00e9, comment l\u2019int\u00e9ress\u00e9 allait r\u00e9agir apr\u00e8s son coup d\u2019\u00e9clat.<\/p>\n<p>Une c\u00e9l\u00e9bration \u00ab\u00a0kylianesque\u00a0\u00bb<\/p>\n<p>S\u2019il a tenu \u00e0 ne pas r\u00e9ellement c\u00e9l\u00e9brer son but, Ethan Mbapp\u00e9 a vite point\u00e9 du doigt la zone dans laquelle se trouvaient ses proches, en premier lieu son fr\u00e8re et son p\u00e8re, avant de d\u00e9gainer <a href=\"https:\/\/x.com\/ActuFoot_\/status\/1974957991876284547\" rel=\"nofollow\" target=\"_blank\" class=\"c-link c-link--is-underlined\">LA c\u00e9l\u00e9bration \u00ab\u00a0kylianesque\u00a0\u00bb<\/a>. Un sacr\u00e9 clin d\u2019\u0153il accueilli par un Kylian Mbapp\u00e9 euphorique et hilare \u00e0 Villeneuve-d&rsquo;Ascq. Peu avant minuit, l\u2019attaquant madril\u00e8ne y est all\u00e9 d\u2019une <a href=\"https:\/\/x.com\/ActuFoot_\/status\/1974956635438346689\" rel=\"nofollow\" target=\"_blank\" class=\"c-link c-link--is-underlined\">story Instagram d\u00e9di\u00e9e \u00e0 Ethan<\/a>, avec la fameuse pose post-but et le texte \u00ab\u00a0Script de fou\u2026 Mon starboy\u00a0\u00bb.<\/p>\n<p>Avec un peu de recul, cet \u00e9pilogue semblait effectivement script\u00e9, tant il y avait d\u2019histoires dans l\u2019histoire. Qu\u2019il s\u2019agisse du rat\u00e9 d\u2019<a href=\"https:\/\/www.20minutes.fr\/sport\/achraf-hakimi\/\" class=\"c-link c-link--is-underlined\" target=\"_blank\" rel=\"noopener\">Achraf Hakimi<\/a>, tr\u00e8s ami avec les Mbapp\u00e9 comme on a pu le voir sur la pelouse au coup de sifflet final, ou de l\u2019intervention insuffisante de l\u2019ex-Lillois Lucas Chevalier sur le but, ce Losc-PSG du 5\u00a0octobre 2025 n\u2019est pas pr\u00e8s de tomber aux oubliettes.<\/p>\n<p>Et surtout, tout le monde semblait \u00eatre sinc\u00e8rement ravi de l\u2019\u00e9closion actuelle d\u2019Ethan Mbapp\u00e9, y compris <a href=\"https:\/\/www.20minutes.fr\/dossier\/luis_enrique\" class=\"c-link c-link--is-underlined\" target=\"_blank\" rel=\"noopener\">Luis Enrique<\/a>. Apr\u00e8s l\u2019avoir chaleureusement salu\u00e9 avant le coup d\u2019envoi puis en fin de soir\u00e9e, l\u2019entra\u00eeneur parisien a ainsi confi\u00e9 sur Ligue 1 +\u00a0: \u00ab\u00a0Je dois f\u00e9liciter Ethan, c\u2019est un tr\u00e8s bon joueur et je suis tr\u00e8s content pour lui\u00a0\u00bb. Si le jeune Lillois ne s\u2019est pas pr\u00e9sent\u00e9 face aux micros, on a pu le voir \u00e9changer quelques instants avec Senny Mayulu, son ancien comp\u00e8re de la g\u00e9n\u00e9ration 2006 du PSG.<\/p>\n<\/p>\n<p>Non qualifi\u00e9 pour les matchs de Ligue Europa<\/p>\n<p>Longtemps contrari\u00e9 par des blessures pour sa premi\u00e8re v\u00e9ritable saison professionnelle avec le Losc en 2024-2025 (0 but en 14 matchs), Ethan Mbapp\u00e9 a eu droit \u00e0 des compliments au sein de son vestiaire apr\u00e8s sa folle soir\u00e9e. \u00ab\u00a0C\u2019est un jeune joueur qui a beaucoup de qualit\u00e9s, a indiqu\u00e9 le lat\u00e9ral gauche Romain Perraud. A chaque fois qu\u2019il a du temps de jeu, il marque des points. Il travaille tr\u00e8s bien \u00e0 l\u2019entra\u00eenement et il est important pour nous.\u00a0\u00bb <a href=\"https:\/\/www.20minutes.fr\/dossier\/bruno_genesio\" class=\"c-link c-link--is-underlined\" target=\"_blank\" rel=\"noopener\">Bruno Genesio<\/a> \u00e9tait sur la m\u00eame ligne dimanche soir.<\/p>\n<blockquote class=\"mx-m@xs mx-xxl@md color-ultramarine c-citation\">\n<p class=\"font-weight-regular@xs text-italic font-source-serif-pro text-l@xs c-citation__content\">\u00ab\u00a0Il a une personnalit\u00e9, de la confiance en lui, de la bonne confiance. Mais \u00e7a ne se r\u00e9sume pas seulement \u00e0 du caract\u00e8re, parce que cet encha\u00eenement, il faut le faire. C\u2019est un joueur qui a des qualit\u00e9s pour le haut niveau, notamment sur le c\u00f4t\u00e9 droit gr\u00e2ce \u00e0 sa vitesse et sa technique, mais aussi sa finition. \u00c0 chaque fois qu\u2019il entre en jeu, soit il se cr\u00e9e une occasion, soit il la concr\u00e9tise, soit les deux, donc c\u2019est int\u00e9ressant.\u00a0\u00bb<\/p>\n<\/blockquote>\n<p>Des louanges qui tranchent avec le choix de l\u2019entra\u00eeneur nordiste de ne pas l\u2019inscrire en septembre (avant son retour de blessure) sur la liste des joueurs pouvant participer \u00e0 la <a href=\"https:\/\/www.20minutes.fr\/sport\/ligue_europa\/\" class=\"c-link c-link--is-underlined\" target=\"_blank\" rel=\"noopener\">Ligue Europa<\/a>.<\/p>\n<p><a href=\"https:\/\/www.20minutes.fr\/sport\/kylian-mbappe\/\" class=\"c-link c-btn c-btn--primary\" target=\"_blank\" rel=\"noopener\">Notre dossier sur Kylian Mbapp\u00e9<\/a><\/p>\n<p>\u00ab\u00a0On s\u2019est dit qu\u2019il valait peut-\u00eatre mieux qu\u2019il n\u2019ait que le championnat \u00e0 jouer pour l\u2019instant parce qu\u2019il a encore du travail \u00e0 faire pour \u00e9viter tous les p\u00e9pins physiques qu\u2019il a d\u00e9j\u00e0 connus, justifiait Bruno Genesio apr\u00e8s Lille-Toulouse (2-1). Je ne regrette pas, je lui ai expliqu\u00e9 et il a compris. C\u2019est un gar\u00e7on intelligent. Il ne parle pas beaucoup, il travaille et il m\u00e9rite sa r\u00e9ussite.\u00a0\u00bb Celle-ci a \u00e9clat\u00e9 aux yeux du grand public dimanche, avec ce Losc-PSG \u00e0 m\u00eame de lancer sa carri\u00e8re de \u00ab\u00a0starboy\u00a0\u00bb.<\/p>\n","protected":false},"excerpt":{"rendered":"Dire qu\u2019on pensait avant tout dimanche soir aux retrouvailles entre Lucas Chevalier et le stade Pierre Mauroy, \u00e0&hellip;\n","protected":false},"author":2,"featured_media":442128,"comment_status":"","ping_status":"","sticky":false,"template":"","format":"standard","meta":{"footnotes":""},"categories":[2815],"tags":[1111,11,8095,1777,674,63,1011,27,811,6477,66,1307,2854,921,12,1308,1309,2332,25,517],"class_list":{"0":"post-442127","1":"post","2":"type-post","3":"status-publish","4":"format-standard","5":"has-post-thumbnail","7":"category-lille","8":"tag-actu","9":"tag-actualites","10":"tag-bruno-genesio","11":"tag-eu","12":"tag-europe","13":"tag-football","14":"tag-fr","15":"tag-france","16":"tag-hauts-de-france","17":"tag-kylian-mbappe","18":"tag-ligue-1","19":"tag-lille","20":"tag-losc-lille","21":"tag-luis-enrique","22":"tag-news","23":"tag-nord","24":"tag-nord-pas-de-calais","25":"tag-paris-saint-germain-psg","26":"tag-republique-francaise","27":"tag-sport"},"share_on_mastodon":{"url":"https:\/\/pubeurope.com\/@fr\/115325416505745190","error":""},"_links":{"self":[{"href":"https:\/\/www.europesays.com\/fr\/wp-json\/wp\/v2\/posts\/442127","targetHints":{"allow":["GET"]}}],"collection":[{"href":"https:\/\/www.europesays.com\/fr\/wp-json\/wp\/v2\/posts"}],"about":[{"href":"https:\/\/www.europesays.com\/fr\/wp-json\/wp\/v2\/types\/post"}],"author":[{"embeddable":true,"href":"https:\/\/www.europesays.com\/fr\/wp-json\/wp\/v2\/users\/2"}],"replies":[{"embeddable":true,"href":"https:\/\/www.europesays.com\/fr\/wp-json\/wp\/v2\/comments?post=442127"}],"version-history":[{"count":0,"href":"https:\/\/www.europesays.com\/fr\/wp-json\/wp\/v2\/posts\/442127\/revisions"}],"wp:featuredmedia":[{"embeddable":true,"href":"https:\/\/www.europesays.com\/fr\/wp-json\/wp\/v2\/media\/442128"}],"wp:attachment":[{"href":"https:\/\/www.europesays.com\/fr\/wp-json\/wp\/v2\/media?parent=442127"}],"wp:term":[{"taxonomy":"category","embeddable":true,"href":"https:\/\/www.europesays.com\/fr\/wp-json\/wp\/v2\/categories?post=442127"},{"taxonomy":"post_tag","embeddable":true,"href":"https:\/\/www.europesays.com\/fr\/wp-json\/wp\/v2\/tags?post=442127"}],"curies":[{"name":"wp","href":"https:\/\/api.w.org\/{rel}","templated":true}]}}