{"id":442135,"date":"2025-10-06T04:52:23","date_gmt":"2025-10-06T04:52:23","guid":{"rendered":"https:\/\/www.europesays.com\/fr\/442135\/"},"modified":"2025-10-06T04:52:23","modified_gmt":"2025-10-06T04:52:23","slug":"a-lyon-les-territoires-zero-chomeur-attendent-detre-perennises","status":"publish","type":"post","link":"https:\/\/www.europesays.com\/fr\/442135\/","title":{"rendered":"\u00c0 Lyon, les Territoires z\u00e9ro ch\u00f4meur attendent d&rsquo;\u00eatre p\u00e9rennis\u00e9s"},"content":{"rendered":"<p class=\"wp-block-post-excerpt__excerpt\">Alors que la France n\u2019a toujours pas de gouvernement, les territoires z\u00e9ro ch\u00f4meur de longue dur\u00e9e attendent une loi qui statuera sur leur p\u00e9rennisation. Le dispositif, exp\u00e9riment\u00e9 depuis 2016, emploie actuellement\u00a0250 personnes dans la M\u00e9tropole de Lyon. <\/p>\n<p>Margot Hemmerich<\/p>\n<p>Publi\u00e9 le 6 octobre 2025\u00a0\u00a0\u00b7\u00a0\u00a0<\/p>\n<p>Imprim\u00e9 le 6 octobre 2025 \u00e0 06h52\u00a0\u00a0\u00b7\u00a0\u00a0<\/p>\n<p>\t\t\t\t\t6\u00a0minutes\n<\/p>\n<p><a href=\"https:\/\/www.rue89lyon.fr\/abonnement\/paiement\/?sub=2&amp;discount=RENTREE2025\" target=\"_blank\" rel=\" noreferrer noopener\"><img loading=\"lazy\" decoding=\"async\" width=\"792\" height=\"194\" src=\"https:\/\/www.europesays.com\/fr\/wp-content\/uploads\/2025\/09\/cap-sur-les-municipales1-792x194.png\" alt=\"\" class=\"wp-image-238373\" style=\"width:792px\"  \/><\/a><\/p>\n<p>Derri\u00e8re sa machine \u00e0 coudre, Lydie, m\u00e8re de famille \u00e0 Villeurbanne, a retrouv\u00e9 un peu de s\u00e9r\u00e9nit\u00e9 gr\u00e2ce au dispositif Territoires z\u00e9ro ch\u00f4meur longue dur\u00e9e (TZCLD). \u201cAvec quatre enfants \u00e0 charge, c\u2019\u00e9tait compliqu\u00e9 de travailler \u00e0 temps plein, mais encha\u00eener les petits contrats pr\u00e9caires ne me permettait pas de vivre, raconte-t-elle. Ici, on m\u2019a enfin laiss\u00e9 une chance de montrer ce que je savais faire\u201d.<\/p>\n<p>Lanc\u00e9 en 2017 \u00e0 l\u2019initiative d\u2019ATD Quart Monde, le projet se donne pour mission d\u2019inverser la logique du march\u00e9 en offrant \u00e0 toute personne volontaire un emploi en CDI, au Smic et \u00e0 temps choisi, gr\u00e2ce \u00e0 des entreprises \u00e0 but d\u2019emploi (EBE). Le tout, financ\u00e9 par l\u2019\u00c9tat et les d\u00e9partements.<\/p>\n<p>Dans la m\u00e9tropole de Lyon, trois zones b\u00e9n\u00e9ficient du dispositif : les quartiers Saint-Jean et les Brosses \u00e0 Villeurbanne, et le quartier de la Plainte-Santy, entre Saint-Fons et le 8\u1d49 arrondissement.<\/p>\n<p>En France, le projet a d\u2019abord \u00e9t\u00e9 d\u00e9ploy\u00e9 sur dix territoires pilotes \u2014 dont le quartier <a href=\"https:\/\/www.lelabo-ess.org\/system\/files\/inline-files\/Monographie_TZC%20Villeurbane.pdf\" target=\"_blank\" rel=\"noreferrer noopener\">Saint-Jean \u00e0 Villeurbanne<\/a> \u2014 puis \u00e9largi \u00e0 de nouvelles zones en 2021. L\u2019exp\u00e9rimentation, qui a fait l\u2019objet de deux lois successives vot\u00e9es \u00e0 l\u2019unanimit\u00e9 en 2016 et 2020, doit prendre fin le 30 juin 2026. Mais elle attend toujours un texte validant sa p\u00e9rennisation.<\/p>\n<p><img loading=\"lazy\" decoding=\"async\" width=\"2048\" height=\"1781\" src=\"https:\/\/www.europesays.com\/fr\/wp-content\/uploads\/2025\/06\/23-paywall.png\" alt=\"Abonnez-vous\" class=\"wp-image-207192\" style=\"aspect-ratio:1.149915777653004;width:237px;height:auto\"  \/><\/p>\n<p>Cet article fait partie de l\u2019\u00e9dition abonn\u00e9s. Pour lire la suite, profitez d\u2019une offre d\u00e9couverte \u00e0 1\u20ac. Contribuez \u00e0 consolider un m\u00e9dia ind\u00e9pendant \u00e0 Lyon, en capacit\u00e9 d\u2019enqu\u00eater sur les enjeux locaux.<\/p>\n<p>\t\t\t<a href=\"https:\/\/www.rue89lyon.fr\/\" class=\"custom-logo-link\" rel=\"home noopener\" target=\"_blank\"><img loading=\"lazy\" decoding=\"async\" width=\"290\" height=\"89\" src=\"https:\/\/www.europesays.com\/fr\/wp-content\/uploads\/2025\/04\/1745556146_356_logo.png\" class=\"custom-logo\" alt=\"Rue89Lyon Infos, enqu\u00eates \u00e0 Lyon et dans la r\u00e9gion\"  \/><\/a><\/p>\n<p>\n\t\t\t\tAbonnez-vous maintenant pour suivre l\u2019actualit\u00e9 locale.\t\t\t<\/p>\n<p class=\"font-bold font-serif-heading mb-2 text-4xl\">\n\t\t\t\t\t\tL\u2019investigation locale \u00e0 port\u00e9e de main.\n\t\t\t\t\t<\/p>\n<p>\n\t\t\t\t\t\tAbonnez-vous et profitez d\u2019un acc\u00e8s illimit\u00e9 \u00e0 Rue89 Lyon. Annulez quand vous voulez.\n\t\t\t\t\t<\/p>\n<p class=\"xl:text-sm\">\n\t\t\t\t\tD\u00e9j\u00e0 abonn\u00e9\u00a0?<br \/>\n\t\t\t\t\t<a class=\"border border-transparent text-center transition-colors duration-instant focus:border-info focus:rounded focus:shadow-focus cursor-pointer text-black hover:text-gray-700 active:bg-black-700 font-semibold inline-block\" href=\"https:\/\/www.rue89lyon.fr\/user\/login\/?redirect=\/2025\/10\/06\/metropole-lyon-territoires-zero-chomeurs-attendent-perennises\/\" target=\"_blank\" rel=\"noopener\">Connectez-vous<\/a>\t\t\t\t<\/p>\n<p>\n\t\t\t\tChoisissez votre formule\u00a0:\n\t\t\t<\/p>\n<p>\t\t\t\tFermer<\/p>\n","protected":false},"excerpt":{"rendered":"Alors que la France n\u2019a toujours pas de gouvernement, les territoires z\u00e9ro ch\u00f4meur de longue dur\u00e9e attendent une&hellip;\n","protected":false},"author":2,"featured_media":442136,"comment_status":"","ping_status":"","sticky":false,"template":"","format":"standard","meta":{"footnotes":""},"categories":[1889],"tags":[1111,11,2430,56852,1777,674,1011,27,2428,12,25,801,104,3847],"class_list":{"0":"post-442135","1":"post","2":"type-post","3":"status-publish","4":"format-standard","5":"has-post-thumbnail","7":"category-lyon","8":"tag-actu","9":"tag-actualites","10":"tag-auvergne-rhone-alpes","11":"tag-emeline-baume","12":"tag-eu","13":"tag-europe","14":"tag-fr","15":"tag-france","16":"tag-lyon","17":"tag-news","18":"tag-republique-francaise","19":"tag-social","20":"tag-societe","21":"tag-travail"},"share_on_mastodon":{"url":"https:\/\/pubeurope.com\/@fr\/115325433017613441","error":""},"_links":{"self":[{"href":"https:\/\/www.europesays.com\/fr\/wp-json\/wp\/v2\/posts\/442135","targetHints":{"allow":["GET"]}}],"collection":[{"href":"https:\/\/www.europesays.com\/fr\/wp-json\/wp\/v2\/posts"}],"about":[{"href":"https:\/\/www.europesays.com\/fr\/wp-json\/wp\/v2\/types\/post"}],"author":[{"embeddable":true,"href":"https:\/\/www.europesays.com\/fr\/wp-json\/wp\/v2\/users\/2"}],"replies":[{"embeddable":true,"href":"https:\/\/www.europesays.com\/fr\/wp-json\/wp\/v2\/comments?post=442135"}],"version-history":[{"count":0,"href":"https:\/\/www.europesays.com\/fr\/wp-json\/wp\/v2\/posts\/442135\/revisions"}],"wp:featuredmedia":[{"embeddable":true,"href":"https:\/\/www.europesays.com\/fr\/wp-json\/wp\/v2\/media\/442136"}],"wp:attachment":[{"href":"https:\/\/www.europesays.com\/fr\/wp-json\/wp\/v2\/media?parent=442135"}],"wp:term":[{"taxonomy":"category","embeddable":true,"href":"https:\/\/www.europesays.com\/fr\/wp-json\/wp\/v2\/categories?post=442135"},{"taxonomy":"post_tag","embeddable":true,"href":"https:\/\/www.europesays.com\/fr\/wp-json\/wp\/v2\/tags?post=442135"}],"curies":[{"name":"wp","href":"https:\/\/api.w.org\/{rel}","templated":true}]}}