{"id":442137,"date":"2025-10-06T04:53:14","date_gmt":"2025-10-06T04:53:14","guid":{"rendered":"https:\/\/www.europesays.com\/fr\/442137\/"},"modified":"2025-10-06T04:53:14","modified_gmt":"2025-10-06T04:53:14","slug":"la-facture-astronomique-qui-saigne-lile-de-france","status":"publish","type":"post","link":"https:\/\/www.europesays.com\/fr\/442137\/","title":{"rendered":"la facture astronomique qui saigne l\u2019\u00cele-de-France"},"content":{"rendered":"<p>La pollution de l\u2019air en \u00cele-de-France fait peser sur la r\u00e9gion une facture \u00e9conomique d\u2019environ <strong>28 milliards d\u2019euros par an<\/strong>. Pour chaque habitant, cela revient \u00e0 plus de <strong>2 200 euros<\/strong>. Ce probl\u00e8me ne se limite pas \u00e0 la sant\u00e9 publique, il touche aussi de nombreux secteurs \u00e9conomiques et sociaux.<\/p>\n<p>Cons\u00e9quences \u00e9conomiques sur la sant\u00e9<\/p>\n<p><a href=\"https:\/\/www.airparif.fr\/actualite\/2025\/pollution-de-lair-en-ile-de-france-un-impact-economique-majeur-mais-des-actions\" rel=\"noopener noreferrer nofollow\" target=\"_blank\">Airparif<\/a>, organisme ind\u00e9pendant, a r\u00e9alis\u00e9 une \u00e9tude d\u00e9taill\u00e9e sur les r\u00e9percussions \u00e9conomiques de la <a href=\"https:\/\/www.rse-magazine.com\/a-fos-sur-mer-letude-choc-qui-accuse-arcelormittal-de-nuages-de-particules\/\" rel=\"noopener noreferrer nofollow\" target=\"_blank\">pollution dans la r\u00e9gion<\/a>. Selon les r\u00e9sultats, les effets sur la sant\u00e9 repr\u00e9sentent <strong>93 % du co\u00fbt total<\/strong>. Parmi ces co\u00fbts, les d\u00e9c\u00e8s pr\u00e9matur\u00e9s li\u00e9s \u00e0 la pollution p\u00e8sent pr\u00e8s de <strong>23 milliards d\u2019euros<\/strong>. Ces pertes humaines ont des retomb\u00e9es directes sur le tissu social et \u00e9conomique de l\u2019\u00cele-de-France.<\/p>\n<p>Les cons\u00e9quences de la morbidit\u00e9 se font sentir de plusieurs fa\u00e7ons. On note une augmentation des consultations m\u00e9dicales pour soigner les maladies respiratoires et cardiovasculaires li\u00e9es \u00e0 la mauvaise qualit\u00e9 de l\u2019air et aux <a href=\"https:\/\/www.rse-magazine.com\/respirer-pourrait-vous-rendre-fou-la-decouverte-qui-inquiete-les-chercheurs\/\" rel=\"noopener noreferrer nofollow\" target=\"_blank\">polluants atmosph\u00e9riques<\/a>. Les traitements pour ces affections chroniques viennent alourdir les charges des familles ainsi que du syst\u00e8me de sant\u00e9, tout comme la mauvaise <a href=\"https:\/\/www.rse-magazine.com\/ces-objets-du-quotidien-qui-empoisonnent-votre-sante-sans-que-vous-le-sachiez\/\" rel=\"noopener noreferrer nofollow\" target=\"_blank\">qualit\u00e9 de l\u2019air int\u00e9rieur<\/a>. Les hospitalisations, souvent longues, g\u00e9n\u00e8rent aussi des frais importants.<\/p>\n<p>Par ailleurs, les besoins en accompagnement social progressent, avec notamment des am\u00e9nagements \u00e0 pr\u00e9voir au domicile des personnes aux probl\u00e8mes respiratoires s\u00e9v\u00e8res. De plus, les absences au travail se multiplient, ce qui affecte la productivit\u00e9 des entreprises et conduit certains travailleurs \u00e0 partir plus t\u00f4t en retraite. La moins bonne sant\u00e9 rend d\u2019ailleurs l\u2019acc\u00e8s \u00e0 l\u2019emploi plus difficile, compliquant encore la situation.<\/p>\n<p>Effets \u00e9conomiques non li\u00e9s directement \u00e0 la sant\u00e9<\/p>\n<p>Airparif attire \u00e9galement l\u2019attention sur les cons\u00e9quences \u00e9conomiques qui ne sont pas directement sanitaires mais qui restent largement sous-estim\u00e9es, notamment en raison des <a href=\"https:\/\/www.rse-magazine.com\/pollution-invisible-decouvrez-si-votre-maison-est-dans-la-zone-rouge\/\" rel=\"noopener noreferrer nofollow\" target=\"_blank\">super-\u00e9metteurs<\/a>. Par exemple, le secteur agricole souffre, avec des rendements en baisse dus \u00e0 une mauvaise croissance des plantes expos\u00e9es \u00e0 l\u2019ozone pr\u00e9sent dans l\u2019air. Cette situation met en p\u00e9ril l\u2019approvisionnement alimentaire local et accro\u00eet la d\u00e9pendance aux importations.<\/p>\n<p>La d\u00e9gradation des b\u00e2timents constitue un autre probl\u00e8me. Le dioxyde de soufre et les particules fines d\u00e9t\u00e9riorent les fa\u00e7ades des immeubles modernes ainsi que celles des monuments historiques, v\u00e9ritable patrimoine r\u00e9gional. Les infrastructures urbaines subissent \u00e9galement cette usure, ce qui se traduit par des frais de maintenance et de restauration en hausse.<\/p>\n<p>Enfin, la diminution de la biodiversit\u00e9 entra\u00eene la perte de services environnementaux comme la pollinisation, indispensable \u00e0 l\u2019agriculture, ou encore la purification naturelle de l\u2019eau et la r\u00e9gulation du climat. Ces services, une fois perdus, laissent des traces durables sur notre environnement et la qualit\u00e9 de vie.<\/p>\n<p>R\u00e9percussions sur le march\u00e9 immobilier<\/p>\n<p>La qualit\u00e9 de l\u2019air a aussi son mot \u00e0 dire sur le march\u00e9 immobilier francilien. Dans les zones les plus touch\u00e9es, la valeur des biens chute nettement, rendant ces secteurs moins attractifs pour les acheteurs et freinant le dynamisme \u00e9conomique local.<\/p>\n<p>Airparif n\u2019h\u00e9site pas \u00e0 le rappeler : \u00ab Les retomb\u00e9es \u00e9conomiques non sanitaires ne doivent pas \u00eatre n\u00e9glig\u00e9es, elles sont aujourd\u2019hui largement sous-\u00e9valu\u00e9es \u00bb. Cette remarque souligne l\u2019importance d\u2019une prise de conscience collective face aux difficult\u00e9s engendr\u00e9es par la pollution atmosph\u00e9rique.<\/p>\n","protected":false},"excerpt":{"rendered":"La pollution de l\u2019air en \u00cele-de-France fait peser sur la r\u00e9gion une facture \u00e9conomique d\u2019environ 28 milliards d\u2019euros&hellip;\n","protected":false},"author":2,"featured_media":442138,"comment_status":"","ping_status":"","sticky":false,"template":"","format":"standard","meta":{"footnotes":""},"categories":[1592],"tags":[1111,11,1777,674,1011,27,662,12,626,25],"class_list":{"0":"post-442137","1":"post","2":"type-post","3":"status-publish","4":"format-standard","5":"has-post-thumbnail","7":"category-ile-de-france","8":"tag-actu","9":"tag-actualites","10":"tag-eu","11":"tag-europe","12":"tag-fr","13":"tag-france","14":"tag-ile-de-france","15":"tag-news","16":"tag-paris","17":"tag-republique-francaise"},"share_on_mastodon":{"url":"https:\/\/pubeurope.com\/@fr\/115325436090366855","error":""},"_links":{"self":[{"href":"https:\/\/www.europesays.com\/fr\/wp-json\/wp\/v2\/posts\/442137","targetHints":{"allow":["GET"]}}],"collection":[{"href":"https:\/\/www.europesays.com\/fr\/wp-json\/wp\/v2\/posts"}],"about":[{"href":"https:\/\/www.europesays.com\/fr\/wp-json\/wp\/v2\/types\/post"}],"author":[{"embeddable":true,"href":"https:\/\/www.europesays.com\/fr\/wp-json\/wp\/v2\/users\/2"}],"replies":[{"embeddable":true,"href":"https:\/\/www.europesays.com\/fr\/wp-json\/wp\/v2\/comments?post=442137"}],"version-history":[{"count":0,"href":"https:\/\/www.europesays.com\/fr\/wp-json\/wp\/v2\/posts\/442137\/revisions"}],"wp:featuredmedia":[{"embeddable":true,"href":"https:\/\/www.europesays.com\/fr\/wp-json\/wp\/v2\/media\/442138"}],"wp:attachment":[{"href":"https:\/\/www.europesays.com\/fr\/wp-json\/wp\/v2\/media?parent=442137"}],"wp:term":[{"taxonomy":"category","embeddable":true,"href":"https:\/\/www.europesays.com\/fr\/wp-json\/wp\/v2\/categories?post=442137"},{"taxonomy":"post_tag","embeddable":true,"href":"https:\/\/www.europesays.com\/fr\/wp-json\/wp\/v2\/tags?post=442137"}],"curies":[{"name":"wp","href":"https:\/\/api.w.org\/{rel}","templated":true}]}}