{"id":442139,"date":"2025-10-06T04:55:10","date_gmt":"2025-10-06T04:55:10","guid":{"rendered":"https:\/\/www.europesays.com\/fr\/442139\/"},"modified":"2025-10-06T04:55:10","modified_gmt":"2025-10-06T04:55:10","slug":"a-paris-des-services-penitentiaires-vont-manifester","status":"publish","type":"post","link":"https:\/\/www.europesays.com\/fr\/442139\/","title":{"rendered":"\u00e0 Paris, des services p\u00e9nitentiaires vont manifester"},"content":{"rendered":"<p>            Par<br \/>\n        <strong><br \/>\n            <a href=\"https:\/\/actu.fr\/auteur\/augustin-delaporte\" title=\"Consulter tous les articles de Augustin Delaporte\" target=\"_blank\" rel=\"noopener\">Augustin Delaporte<\/a><br \/>\n        <\/strong><\/p>\n<p>        Publi\u00e9 le<\/p>\n<p>            6 oct. 2025 \u00e0 6h48        <\/p>\n<p>Les personnels des <a href=\"https:\/\/actu.fr\/ile-de-france\/paris_75056\/des-detenus-de-la-sante-a-paris-formes-a-la-photo-lors-de-rencontres-uniques-c-est-un-projet-enorme_61982124.html\" target=\"_blank\" rel=\"noopener\">services p\u00e9nitentiaires d\u2019insertion et de probation (SPIP)<\/a> se mobilisent \u00e0 <a href=\"https:\/\/actu.fr\/paris\/\" target=\"_blank\" rel=\"noopener\">Paris<\/a>, jeudi 9\u00a0octobre 2025, \u00e0 l\u2019appel des organisations syndicales CGT et SNEPAP-FSU. Ils d\u00e9noncent une invisibilisation de leurs m\u00e9tiers et une <strong>politique \u00ab\u2009s\u00e9curitaire et stigmatisante\u2009\u00bb <\/strong>men\u00e9e par l\u2019\u00c9tat, surfant sur des <strong>id\u00e9es de l\u2019extr\u00eame droite<\/strong> plut\u00f4t que de se baser sur la recherche internationale.<\/p>\n<p>\u00ab\u2009Le gouvernement surfe sur la vague des id\u00e9es re\u00e7ues\u2009\u00bb<\/p>\n<p class=\" wall-content\">Apr\u00e8s le 6\u00a0mai et le 17\u00a0juin, il s\u2019agira du troisi\u00e8me acte d\u2019une bataille \u2013 d\u2019abord id\u00e9ologique \u2013 dont l\u2019origine remonte au 17\u00a0f\u00e9vrier dernier quand le garde des Sceaux, <a href=\"https:\/\/actu.fr\/tag\/gerald-darmanin\" target=\"_blank\" rel=\"noopener\">G\u00e9rald Darmanin<\/a>, qualifiait des <strong>activit\u00e9s du SPIP de \u00ab\u2009ludiques ou provocantes\u2009\u00bb<\/strong>. Une r\u00e9action \u00e0 l\u2019emporte-pi\u00e8ce du ministre de la Justice \u00e0 la rumeur fallacieuse lanc\u00e9e par un syndicat de surveillants, \u00e9voquant une \u00ab\u2009s\u00e9ance de massage aux frais du contribuable pour la Saint-Valentin\u2009\u00bb \u00e0 destination de d\u00e9tenus.<\/p>\n<p class=\" wall-content\">\u00ab\u2009Plut\u00f4t que d\u2019expliquer nos objectifs \u2013 qui ne sont pas toujours compr\u00e9hensibles pour ceux qui n\u2019appartiennent pas au monde carc\u00e9ral -, de rappeler qu\u2019ils sont <strong>bas\u00e9s sur des \u00e9tudes solides<\/strong>, le gouvernement surfe sur la vague des id\u00e9es re\u00e7ues et fait le jeu de l\u2019extr\u00eame droite\u2009\u00bb, juge aupr\u00e8s d\u2019actu Paris une repr\u00e9sentante des personnels SNEPAP-FSU.<\/p>\n<p class=\" wall-content\">Avant d\u2019ajouter\u2009: \u00ab\u2009Si l\u2019on creuse un peu, on se rend compte que l\u2019activit\u00e9 consistait, en r\u00e9alit\u00e9, \u00e0 prodiguer des conseils en soins du visage \u00e0 une vingtaine de personnes d\u00e9tenues, qu\u2019en travaillant sur l\u2019image qu\u2019ils ont d\u2019eux, on peut <strong>avancer dans le processus de r\u00e9insertion<\/strong>\u2026\u2009\u00bb Selon le syndicat, quelque 150 activit\u00e9s dans au moins 74 \u00e9tablissements p\u00e9nitentiaires auraient \u00e9t\u00e9 annul\u00e9es ou report\u00e9es apr\u00e8s la d\u00e9claration de G\u00e9rald Darmanin. \u00ab\u2009Le yoga ou l\u2019\u00e9quith\u00e9rapie ont notamment \u00e9t\u00e9 sacrifi\u00e9s alors que leur efficacit\u00e9 est prouv\u00e9e\u2009\u00bb, regrette-t-elle encore.<\/p>\n<p>\u00ab\u2009Plus on cr\u00e9e d\u2019\u00e9tablissements p\u00e9nitentiaires, plus il y a de peines de prison prononc\u00e9es\u2009\u00bb<\/p>\n<p class=\" wall-content\">\u00ab\u2009Nous ne sommes par contre la prison. Nous sommes contre la prison comme seule peine, comme peine de r\u00e9f\u00e9rence, poursuit-elle. Cela s\u00e9curise la population de mani\u00e8re illusoire et, dans bien des cas, <strong>cela exacerbe des \u00e9l\u00e9ments favorisant la r\u00e9cidive<\/strong>. Au lieu de surfer sur l\u2019id\u00e9e port\u00e9e d\u2019une justice laxiste, de privil\u00e9gier l\u2019enfermement parce que cela rassure le grand public\u2009; souvent \u00e0 tort puisqu\u2019il s\u2019agit de courtes peines\u2009; il faut se demander ce qu\u2019on met en place pour favoriser la r\u00e9insertion. Pour qu\u2019il n\u2019y ait plus de victimes dehors, justement. Cela marche ailleurs, comme dans les pays nordiques, pourquoi pas chez nous\u2009?\u2009\u00bb<\/p>\n<p class=\" wall-content\">En d\u00e9filant de la cour d\u2019appel de Paris \u00e0 la place Vend\u00f4me, de 13\u00a0heures \u00e0 13\u00a0heures 30, jeudi, les SPIP disent vouloir, avant tout, d\u00e9fendre des valeurs. \u00ab\u2009Aujourd\u2019hui, l\u2019administration favorise la cr\u00e9ation d\u2019\u00e9tablissements p\u00e9nitentiaires, le contr\u00f4le, etc. Mais les chiffres montrent que plus il y a de nouveaux \u00e9tablissements, plus il y a de peines de prison prononc\u00e9es. Que les juges sont de plus en plus s\u00e9v\u00e8res. Que fait-on de la surpopulation en d\u00e9tention\u2009? Des conditions indignes dans lesquelles les personnes sont d\u00e9tenues\u2009?\u2009\u00bb, clament les syndicats.<\/p>\n<p class=\" wall-content\">Ils demandent aussi <strong>un r\u00e9arbitrage de l\u2019utilisation du budget<\/strong> de la justice, \u00ab\u2009d\u00e9j\u00e0 bien inf\u00e9rieur \u00e0 ce qu\u2019il est ailleurs\u2009\u00bb\u2009: \u00ab\u2009Une personne en d\u00e9tention, c\u2019est 100\u00a0euros par jour, tandis que sous bracelet c\u2019est 10\u00a0euros\u2009! Dans le m\u00eame temps, certains coll\u00e8gues piochent dans leurs salaires pour mettre en place des ateliers parce qu\u2019ils savent que \u00e7a marche\u2026 Depuis trois ans, plus aucun poste n\u2019est ouvert dans les SPIP. Psys, coordinateurs culturels, personnel administratif, etc. plus de 1\u2009200 postes manquent \u00e0 l\u2019appel\u2026\u2009\u00bb<\/p>\n<p>Votre r\u00e9gion, votre actu !<\/p>\n<p>Recevez chaque jour les infos qui comptent pour vous.<\/p>\n<p>\t<a href=\"https:\/\/actu.fr\/newsletter\" class=\"ac-btn ac-btn--corner ac-btn--medium ac-btn--blue800\" target=\"_blank\" rel=\"noopener\">S&rsquo;incrire<\/a><br \/>\nPlus de 170\u2009000\u00a0personnes plac\u00e9es sous main de justice en milieu ouvert<\/p>\n<p class=\" wall-content\">Les syndicats ont, \u00e9galement, dans le viseur l\u2019ouverture des quartiers de lutte contre la criminalit\u00e9 organis\u00e9e, qu\u2019ils estiment \u00ab\u2009ax\u00e9s sur l\u2019isolement\u2009\u00bb, et le projet de cr\u00e9ation d\u2019un corps d\u2019officier de probation, \u00ab\u2009uniquement focalis\u00e9 sur le contr\u00f4le\u2009\u00bb, selon eux.<\/p>\n<p class=\" wall-content\">La mobilisation aura, enfin, vocation \u00e0 rappeler les missions du SPIP, largement m\u00e9connues du grand public\u2009: \u00ab\u2009D\u00e8s qu\u2019il y a un cas de r\u00e9cidive, il fait les gros titres, mais personne ne parle de toutes les fois o\u00f9 cela fonctionne. Pr\u00e8s de 84\u2009000\u00a0personnes sont d\u00e9tenues, mais quasiment <strong>175\u2009000 sont sous main de justice en milieu ouvert<\/strong>. Il est n\u00e9cessaire d\u2019\u00e9duquer le public, d\u2019expliquer ce que nous faisons et ne pas c\u00e9der \u00e0 la d\u00e9magogie\u2009\u00bb.<\/p>\n<p class=\" wall-content\">Personnalisez votre actualit\u00e9 en ajoutant vos villes et m\u00e9dias en favori avec <a href=\"https:\/\/moncompte.actu.fr\" title=\"D\u00e9couvez Mon Actu\" rel=\"nofollow noopener\" data-trk=\"{&quot;cta&quot;:{&quot;action&quot;:&quot;https:\\\/\\\/moncompte.actu.fr&quot;,&quot;category&quot;:&quot;mon compte&quot;,&quot;from&quot;:&quot;article footer&quot;,&quot;name&quot;:&quot;Mon actu&quot;,&quot;type&quot;:&quot;cta&quot;}}\" target=\"_blank\">Mon Actu<\/a>.<\/p>\n","protected":false},"excerpt":{"rendered":"Par Augustin Delaporte Publi\u00e9 le 6 oct. 2025 \u00e0 6h48 Les personnels des services p\u00e9nitentiaires d\u2019insertion et de&hellip;\n","protected":false},"author":2,"featured_media":279179,"comment_status":"","ping_status":"","sticky":false,"template":"","format":"standard","meta":{"footnotes":""},"categories":[1888],"tags":[1111,1928,11,1927,1777,674,1011,27,432,303,12,1926,626,1925,899,25,104],"class_list":{"0":"post-442139","1":"post","2":"type-post","3":"status-publish","4":"format-standard","5":"has-post-thumbnail","7":"category-paris","8":"tag-actu","9":"tag-actu-paris","10":"tag-actualites","11":"tag-actualites-paris","12":"tag-eu","13":"tag-europe","14":"tag-fr","15":"tag-france","16":"tag-gerald-darmanin","17":"tag-justice","18":"tag-news","19":"tag-news-paris","20":"tag-paris","21":"tag-paris-news","22":"tag-prisons","23":"tag-republique-francaise","24":"tag-societe"},"share_on_mastodon":{"url":"https:\/\/pubeurope.com\/@fr\/115325444055706581","error":""},"_links":{"self":[{"href":"https:\/\/www.europesays.com\/fr\/wp-json\/wp\/v2\/posts\/442139","targetHints":{"allow":["GET"]}}],"collection":[{"href":"https:\/\/www.europesays.com\/fr\/wp-json\/wp\/v2\/posts"}],"about":[{"href":"https:\/\/www.europesays.com\/fr\/wp-json\/wp\/v2\/types\/post"}],"author":[{"embeddable":true,"href":"https:\/\/www.europesays.com\/fr\/wp-json\/wp\/v2\/users\/2"}],"replies":[{"embeddable":true,"href":"https:\/\/www.europesays.com\/fr\/wp-json\/wp\/v2\/comments?post=442139"}],"version-history":[{"count":0,"href":"https:\/\/www.europesays.com\/fr\/wp-json\/wp\/v2\/posts\/442139\/revisions"}],"wp:featuredmedia":[{"embeddable":true,"href":"https:\/\/www.europesays.com\/fr\/wp-json\/wp\/v2\/media\/279179"}],"wp:attachment":[{"href":"https:\/\/www.europesays.com\/fr\/wp-json\/wp\/v2\/media?parent=442139"}],"wp:term":[{"taxonomy":"category","embeddable":true,"href":"https:\/\/www.europesays.com\/fr\/wp-json\/wp\/v2\/categories?post=442139"},{"taxonomy":"post_tag","embeddable":true,"href":"https:\/\/www.europesays.com\/fr\/wp-json\/wp\/v2\/tags?post=442139"}],"curies":[{"name":"wp","href":"https:\/\/api.w.org\/{rel}","templated":true}]}}