{"id":442140,"date":"2025-10-06T04:56:11","date_gmt":"2025-10-06T04:56:11","guid":{"rendered":"https:\/\/www.europesays.com\/fr\/442140\/"},"modified":"2025-10-06T04:56:11","modified_gmt":"2025-10-06T04:56:11","slug":"previsions-du-lundi-6-octobre-2025-15","status":"publish","type":"post","link":"https:\/\/www.europesays.com\/fr\/442140\/","title":{"rendered":"pr\u00e9visions du lundi 6 octobre 2025"},"content":{"rendered":"<p class=\"mb-4 text-lg md:leading-8 break-words\"><strong>M\u00e9t\u00e9o &#8211; Le ciel sera assez lumineux, avec quelques \u00e9claircies aujourd&rsquo;hui. Les temp\u00e9ratures seront de 14\u00b0C la matin\u00e9e et de 17\u00b0C l&rsquo;apr\u00e8s-midi&#8230;<\/strong><\/p>\n<p class=\"mb-4 text-lg md:leading-8 break-words\">Dans la journ\u00e9e, les temp\u00e9ratures seront de 14\u00b0C \u00e0 Paris. Un vent de nord-ouest soufflera l\u00e9g\u00e8rement. Le ciel va quelque peu se d\u00e9gager dans la matin\u00e9e avec des \u00e9claircies. On anticipe des temp\u00e9ratures d&rsquo;environ 14\u00b0C. Le soleil se montrerait plus t\u00f4t dans l&rsquo;apr\u00e8s-midi si de petits nuages ne g\u00eanaient pas sa venue. Les valeurs s&rsquo;\u00e9chelonneront de 16 \u00e0 18\u00b0C. On pr\u00e9voit une embellie pour cette soir\u00e9e. Durant la nuit de lundi \u00e0 mardi, le ciel sera clair.<\/p>\n<p class=\"mb-4 text-lg md:leading-8 break-words\">Demain, un grand soleil rayonnera sur Paris. C&rsquo;est une hausse de quelques degr\u00e9s que vont enregistrer les temp\u00e9ratures. Ces valeurs seront comprises entre 12 et 21\u00b0C. Un vent de sud-est rafra\u00eechira un peu l&rsquo;atmosph\u00e8re. Il fera environ 15\u00b0C, le matin. Les temp\u00e9ratures vont conna\u00eetre une augmentation de plusieurs degr\u00e9s dans l&rsquo;apr\u00e8s-midi. Les valeurs afficheront entre 19 et 21\u00b0C. Des \u00e9claircies sont pr\u00e9vues : on passera une soir\u00e9e cl\u00e9mente.<\/p>\n<p class=\"mb-4 text-lg md:leading-8 break-words\">Les jours suivants s&rsquo;annoncent identiques. Une m\u00e9t\u00e9o ensoleill\u00e9e, avec des temp\u00e9ratures de 17\u00b0C en moyenne, est \u00e0 pr\u00e9voir.<\/p>\n<p class=\"mb-4 text-lg md:leading-8 break-words\"><a href=\"https:\/\/www.20minutes.fr\/planete\/previsions-meteo\/4177246-20251006-meteo-paris-previsions-lundi-6-octobre-2025?at_medium=RSS%20feed&amp;at_campaign=ynews&amp;utm_source=yahoo&amp;utm_medium=rss&amp;utm_campaign=news_feed&amp;utm_content=read_more_link&quot;\" rel=\"nofollow noopener\" target=\"_blank\" data-ylk=\"slk:Lire la suite sur 20minutes;elm:context_link;itc:0;sec:content-canvas\" class=\"link \">Lire la suite sur 20minutes<\/a><\/p>\n","protected":false},"excerpt":{"rendered":"M\u00e9t\u00e9o &#8211; Le ciel sera assez lumineux, avec quelques \u00e9claircies aujourd&rsquo;hui. Les temp\u00e9ratures seront de 14\u00b0C la matin\u00e9e&hellip;\n","protected":false},"author":2,"featured_media":442141,"comment_status":"","ping_status":"","sticky":false,"template":"","format":"standard","meta":{"footnotes":""},"categories":[1888],"tags":[1111,1928,11,1927,1777,674,1011,27,51394,29508,2487,12,1926,626,1925,25],"class_list":{"0":"post-442140","1":"post","2":"type-post","3":"status-publish","4":"format-standard","5":"has-post-thumbnail","7":"category-paris","8":"tag-actu","9":"tag-actu-paris","10":"tag-actualites","11":"tag-actualites-paris","12":"tag-eu","13":"tag-europe","14":"tag-fr","15":"tag-france","16":"tag-la-matinee","17":"tag-le-ciel","18":"tag-meteo","19":"tag-news","20":"tag-news-paris","21":"tag-paris","22":"tag-paris-news","23":"tag-republique-francaise"},"share_on_mastodon":{"url":"https:\/\/pubeurope.com\/@fr\/115325447921649558","error":""},"_links":{"self":[{"href":"https:\/\/www.europesays.com\/fr\/wp-json\/wp\/v2\/posts\/442140","targetHints":{"allow":["GET"]}}],"collection":[{"href":"https:\/\/www.europesays.com\/fr\/wp-json\/wp\/v2\/posts"}],"about":[{"href":"https:\/\/www.europesays.com\/fr\/wp-json\/wp\/v2\/types\/post"}],"author":[{"embeddable":true,"href":"https:\/\/www.europesays.com\/fr\/wp-json\/wp\/v2\/users\/2"}],"replies":[{"embeddable":true,"href":"https:\/\/www.europesays.com\/fr\/wp-json\/wp\/v2\/comments?post=442140"}],"version-history":[{"count":0,"href":"https:\/\/www.europesays.com\/fr\/wp-json\/wp\/v2\/posts\/442140\/revisions"}],"wp:featuredmedia":[{"embeddable":true,"href":"https:\/\/www.europesays.com\/fr\/wp-json\/wp\/v2\/media\/442141"}],"wp:attachment":[{"href":"https:\/\/www.europesays.com\/fr\/wp-json\/wp\/v2\/media?parent=442140"}],"wp:term":[{"taxonomy":"category","embeddable":true,"href":"https:\/\/www.europesays.com\/fr\/wp-json\/wp\/v2\/categories?post=442140"},{"taxonomy":"post_tag","embeddable":true,"href":"https:\/\/www.europesays.com\/fr\/wp-json\/wp\/v2\/tags?post=442140"}],"curies":[{"name":"wp","href":"https:\/\/api.w.org\/{rel}","templated":true}]}}