{"id":442146,"date":"2025-10-06T04:59:13","date_gmt":"2025-10-06T04:59:13","guid":{"rendered":"https:\/\/www.europesays.com\/fr\/442146\/"},"modified":"2025-10-06T04:59:13","modified_gmt":"2025-10-06T04:59:13","slug":"en-direct-ukraine-la-russie-tente-de-detruire-nos-infrastructures-civiles-a-lapproche-de-lhiver-denonce-zelensky","status":"publish","type":"post","link":"https:\/\/www.europesays.com\/fr\/442146\/","title":{"rendered":"EN DIRECT &#8211; Ukraine : \u00ab\u00a0La Russie tente de d\u00e9truire nos infrastructures civiles \u00e0 l&rsquo;approche de l&rsquo;hiver\u00a0\u00bb, d\u00e9nonce Zelensky"},"content":{"rendered":"<ul class=\"jsx-862013697 ArticleChapo__List\">\n<li class=\"jsx-862013697 ArticleChapo__List_Item flex\">Dimanche, 5 personnes ont \u00e9t\u00e9 tu\u00e9es \u00e0 cause de bombardements russes sur plusieurs r\u00e9gions d&rsquo;Ukraine, provoquant des pannes \u00e9lectriques massives.<\/li>\n<li class=\"jsx-862013697 ArticleChapo__List_Item flex\">La Russie a intensifi\u00e9 ses frappes sur le r\u00e9seau \u00e9lectrique ukrainien ces derniers jours, faisant craindre une campagne visant \u00e0 plonger le pays dans le noir \u00e0 l&rsquo;approche de l&rsquo;hiver.<\/li>\n<li class=\"jsx-862013697 ArticleChapo__List_Item flex\">Suivez les derni\u00e8res informations.<\/li>\n<\/ul>\n<p><a href=\"https:\/\/www.tf1info.fr\/actualite\/guerre-ukraine-russie-une-rencontre-donald-trump-vladimir-poutine-historique-le-vendredi-15-aout-2025-en-alaska-sans-volodymyr-zelensky-14326\/\" rel=\"noopener\" class=\"jsx-484472199 Link jsx-1428418400 jsx-554215408\" target=\"_blank\"><\/p>\n<p style=\"font-weight:400\" class=\"jsx-1837267516\">Suivez la couverture compl\u00e8te<\/p>\n<p style=\"font-weight:800\" class=\"jsx-1837267516\">Ukraine-Russie : des n\u00e9gociations dans l\u2019impasse<\/p>\n<p><\/a>Minute par minuteLE R\u00c9SEAU \u00c9LECTRIQUE UKRAINIEN CIBL\u00c9 PAR MOSCOU06:36<\/p>\n<p>Cinq personnes ont \u00e9t\u00e9 tu\u00e9es dimanche dans des frappes russes sur plusieurs r\u00e9gions d&rsquo;Ukraine, provoquant des coupures de courant et poussant la Pologne voisine \u00e0 mobiliser des avions et des syst\u00e8mes au sol.<\/p>\n<p>La Russie a intensifi\u00e9 ses frappes sur le r\u00e9seau \u00e9lectrique ukrainien ces derniers jours, faisant craindre une campagne visant \u00e0 plonger le pays dans le noir \u00e0 l&rsquo;approche de l&rsquo;hiver, comme ce fut le cas en 2024. \u00ab\u00a0Les Russes n&rsquo;essaient m\u00eame pas de dissimuler leurs v\u00e9ritables intentions. La grande majorit\u00e9 des cibles \u00e9taient civiles\u00a0\u00bb, a d\u00e9nonc\u00e9 dimanche soir le pr\u00e9sident ukrainien Volodymyr Zelensky.\u00a0<\/p>\n<p>BONJOUR06:33<\/p>\n<p>Bienvenue dans notre direct consacr\u00e9 \u00e0 l&rsquo;actualit\u00e9 de la guerre en Ukraine, d\u00e9but\u00e9e il y a plus de 3 ans apr\u00e8s l&rsquo;invasion des troupes de Vladimir Poutine. Retrouvez ici, tout au long de la journ\u00e9e, les derni\u00e8res informations mais aussi les \u00e9clairages de nos experts.<\/p>\n<p data-module=\"article-paragraph\" class=\"jsx-3046738180 Paragraph Paragraph__End\">Cinq personnes ont \u00e9t\u00e9 tu\u00e9es dimanche dans des frappes russes sur plusieurs r\u00e9gions d&rsquo;Ukraine, provoquant des coupures de courant et poussant la Pologne voisine \u00e0 mobiliser des avions et des syst\u00e8mes au sol. La Russie a intensifi\u00e9 ses frappes sur le r\u00e9seau \u00e9lectrique ukrainien ces derniers jours, faisant craindre une campagne visant \u00e0 plonger le pays dans le noir \u00e0 l&rsquo;approche de l&rsquo;hiver, comme ce fut le cas en 2024. \u00ab\u00a0Les Russes n&rsquo;essaient m\u00eame pas de dissimuler leurs v\u00e9ritables intentions. La grande majorit\u00e9 des cibles \u00e9taient civiles\u00a0\u00bb, a d\u00e9nonc\u00e9 dimanche soir le pr\u00e9sident ukrainien Volodymyr Zelensky. \u00ab\u00a0La Russie tente ouvertement de d\u00e9truire nos infrastructures civiles en ce moment m\u00eame, \u00e0 l&rsquo;approche de l&rsquo;hiver : nos infrastructures gazi\u00e8res, nos installations de production et de transport d&rsquo;\u00e9lectricit\u00e9\u00a0\u00bb, a ajout\u00e9 M. Zelensky, d\u00e9non\u00e7ant \u00ab\u00a0l&rsquo;absence de r\u00e9action internationale\u00a0\u00bb.<\/p>\n<p><a href=\"https:\/\/www.tf1info.fr\/international\/en-direct-guerre-ukraine-russie-la-situation-aujourd-hui-entre-zelensky-poutine-trump-otan-les-informations-du-samedi-4-octobre-2025-2398544.html\" rel=\"noopener\" class=\"jsx-3308031228 Link flex\" target=\"_blank\"><img decoding=\"async\" src=\"https:\/\/www.europesays.com\/fr\/wp-content\/uploads\/2025\/10\/ukraine-lviv-5-octobre-2025-b00b57-0@1x.jpeg\" alt=\"AFP\" loading=\"lazy\" importance=\"low\" fetchpriority=\"low\" class=\"\" aria-hidden=\"true\"\/><\/p>\n<p class=\"jsx-3657663356 ReadMoreArticle__Title\">Lire aussi<\/p>\n<p class=\"jsx-3657663356\">Ukraine : apr\u00e8s la mort d&rsquo;Antoni Lallican, une enqu\u00eate pour \u00ab\u00a0crime de guerre\u00a0\u00bb ouverte par le Pnat<\/p>\n<p><\/a><\/p>\n<p data-module=\"article-paragraph\" class=\"jsx-3046738180 Paragraph\">\u00c0 Lviv, r\u00e9gion qui a \u00e9t\u00e9 plus \u00e9pargn\u00e9e que d&rsquo;autres depuis le d\u00e9but de l&rsquo;invasion russe en 2022, quatre personnes ont \u00e9t\u00e9 tu\u00e9es. Il s&rsquo;agit de la plus grande attaque depuis le d\u00e9but de la guerre contre la r\u00e9gion occidentale de Lviv, selon son gouverneur Maksym Kozytsky.\u00a0<\/p>\n<p data-module=\"article-paragraph\" class=\"jsx-3046738180 Paragraph Paragraph__End\">\u00c0 Zaporijia, une personne a \u00e9t\u00e9 tu\u00e9e et 10 personnes ont \u00e9t\u00e9 bless\u00e9es, selon le gouverneur r\u00e9gional Ivan Fedorov. Une infrastructure \u00e9lectrique a notamment \u00e9t\u00e9 touch\u00e9e, provoquant des coupures de courant chez 73.000 foyers, a-t-il pr\u00e9cis\u00e9. L&rsquo;\u00e9lectricit\u00e9 \u00e9tait r\u00e9tablie dans la soir\u00e9e. Plusieurs autres villes, notamment pr\u00e8s du front dans l&rsquo;est, ont \u00e9t\u00e9 frapp\u00e9es, faisant plusieurs bless\u00e9s, selon les autorit\u00e9s locales.<\/p>\n<p data-module=\"article-paragraph\" class=\"jsx-3046738180 Paragraph\">L&rsquo;arm\u00e9e russe a rapport\u00e9 avoir lanc\u00e9 dans la nuit \u00ab\u00a0une attaque massive \u00e0 l&rsquo;aide d&rsquo;armes de haute pr\u00e9cision\u00a0\u00bb, dont des missiles hypersoniques Kinjal, sur des \u00ab\u00a0entreprises du complexe militaro-industriel ukrainien et des infrastructures gazi\u00e8res et \u00e9nerg\u00e9tiques qui assuraient leur fonctionnement\u00a0\u00bb.<\/p>\n<p data-module=\"article-paragraph\" class=\"jsx-3046738180 Paragraph Paragraph__End\">Les forces arm\u00e9es de la Pologne ont annonc\u00e9 pour leur part dimanche sur X le d\u00e9ploiement d&rsquo;avions et la mise en \u00e9tat d&rsquo;alerte de d\u00e9fenses au sol pour prot\u00e9ger l&rsquo;espace a\u00e9rien du pays, notamment dans les r\u00e9gions proches de l&rsquo;Ukraine. D\u00e9but septembre, la Pologne avait d\u00e9nonc\u00e9 l&rsquo;intrusion de 19 drones dans son espace a\u00e9rien, incriminant la Russie.<\/p>\n<p>La r\u00e9daction de TF1info<\/p>\n","protected":false},"excerpt":{"rendered":"Dimanche, 5 personnes ont \u00e9t\u00e9 tu\u00e9es \u00e0 cause de bombardements russes sur plusieurs r\u00e9gions d&rsquo;Ukraine, provoquant des pannes&hellip;\n","protected":false},"author":2,"featured_media":151539,"comment_status":"","ping_status":"","sticky":false,"template":"","format":"standard","meta":{"footnotes":""},"categories":[1591],"tags":[1111,11,1921,75,1887,1922,12,2437,1885,1886,132,220,1917,50704,133,1920,135,134],"class_list":{"0":"post-442146","1":"post","2":"type-post","3":"status-publish","4":"format-standard","5":"has-post-thumbnail","7":"category-russie","8":"tag-actu","9":"tag-actualites","10":"tag-article-video","11":"tag-donald-trump","12":"tag-federation-de-russie","13":"tag-info","14":"tag-news","15":"tag-pologne","16":"tag-russia","17":"tag-russian-federation","18":"tag-russie","19":"tag-ukraine","20":"tag-ukraine-4-annee-de-guerre","21":"tag-ukraine-russie-des-negociations-dans-limpasse","22":"tag-video","23":"tag-video-international","24":"tag-vladimir-poutine","25":"tag-volodymyr-zelensky"},"share_on_mastodon":{"url":"https:\/\/pubeurope.com\/@fr\/115325459806484921","error":""},"_links":{"self":[{"href":"https:\/\/www.europesays.com\/fr\/wp-json\/wp\/v2\/posts\/442146","targetHints":{"allow":["GET"]}}],"collection":[{"href":"https:\/\/www.europesays.com\/fr\/wp-json\/wp\/v2\/posts"}],"about":[{"href":"https:\/\/www.europesays.com\/fr\/wp-json\/wp\/v2\/types\/post"}],"author":[{"embeddable":true,"href":"https:\/\/www.europesays.com\/fr\/wp-json\/wp\/v2\/users\/2"}],"replies":[{"embeddable":true,"href":"https:\/\/www.europesays.com\/fr\/wp-json\/wp\/v2\/comments?post=442146"}],"version-history":[{"count":0,"href":"https:\/\/www.europesays.com\/fr\/wp-json\/wp\/v2\/posts\/442146\/revisions"}],"wp:featuredmedia":[{"embeddable":true,"href":"https:\/\/www.europesays.com\/fr\/wp-json\/wp\/v2\/media\/151539"}],"wp:attachment":[{"href":"https:\/\/www.europesays.com\/fr\/wp-json\/wp\/v2\/media?parent=442146"}],"wp:term":[{"taxonomy":"category","embeddable":true,"href":"https:\/\/www.europesays.com\/fr\/wp-json\/wp\/v2\/categories?post=442146"},{"taxonomy":"post_tag","embeddable":true,"href":"https:\/\/www.europesays.com\/fr\/wp-json\/wp\/v2\/tags?post=442146"}],"curies":[{"name":"wp","href":"https:\/\/api.w.org\/{rel}","templated":true}]}}