{"id":442167,"date":"2025-10-06T05:14:14","date_gmt":"2025-10-06T05:14:14","guid":{"rendered":"https:\/\/www.europesays.com\/fr\/442167\/"},"modified":"2025-10-06T05:14:14","modified_gmt":"2025-10-06T05:14:14","slug":"francesco-bagnaia-maudit-a-mandalika","status":"publish","type":"post","link":"https:\/\/www.europesays.com\/fr\/442167\/","title":{"rendered":"Francesco Bagnaia maudit \u00e0 Mandalika"},"content":{"rendered":"<p>\u00c0 Mandalika, la derni\u00e8re course du week-end s\u2019est achev\u00e9e de la pire mani\u00e8re pour Francesco Bagnaia. Le pilote Ducati, d\u00e9j\u00e0 en grande difficult\u00e9 depuis le d\u00e9but du Grand Prix d\u2019Indon\u00e9sie, a chut\u00e9 au virage 17, \u00e0 quelques secondes de l\u2019arriv\u00e9e. Une sortie de piste spectaculaire et inattendue qui vient ent\u00e9riner un week-end \u00e0 oublier pour le num\u00e9ro 63.<\/p>\n<p>Le sc\u00e9nario semblait presque irr\u00e9el. Parti en queue de peloton, Bagnaia roulait pourtant plus vite que les leaders, avec un rythme deux secondes plus rapide. Mais rien n\u2019y a fait; sa moto, la GP25, semblait impossible \u00e0 ma\u00eetriser. \u00c0 l\u2019entr\u00e9e du dernier virage, elle le trahit. Francesco Bagnaia chute, se rel\u00e8ve, hagard, et adresse \u00e0 sa machine un geste \u00e0 la fois incr\u00e9dule et d\u00e9sesp\u00e9r\u00e9.<\/p>\n<p>Une saison qui bascule ?<\/p>\n<p>Cet abandon brutal pourrait bien avoir des cons\u00e9quences sur la suite de sa saison. Apr\u00e8s sa victoire \u00e9clatante au GP du Japon, cette contre-performance \u00e0 Mandalika relance les sp\u00e9culations sur sa r\u00e9gularit\u00e9. Que s\u2019est-il r\u00e9ellement pass\u00e9 dans ce virage fatidique ? Probl\u00e8me m\u00e9canique ou erreur humaine ?<\/p>\n<p>Ce qui est s\u00fbr, c\u2019est que le suspense reste entier, et que le myst\u00e8re autour du virage 17 risque de nourrir les d\u00e9bats jusqu&rsquo;au prochain Grand Prix.<\/p>\n<p>   Partagez cette info avec vos amis et vos proches en cliquant ici<br \/> Pour r\u00e9sumer<\/p>\n<p>Francesco Bagnaia chute au dernier virage du Grand Prix MotoGP d\u2019Indon\u00e9sie \u00e0 Mandalika, concluant un week-end catastrophique. Malgr\u00e9 un rythme prometteur, sa Ducati GP25 le trahit. Une d\u00e9faite inqui\u00e9tante qui relance les doutes sur sa r\u00e9gularit\u00e9 cette saison.<\/p>\n<p>R\u00e9dacteur<\/p>\n<p><img decoding=\"async\" width=\"76\" height=\"76\" loading=\"lazy\" src=\"https:\/\/www.europesays.com\/fr\/wp-content\/uploads\/2025\/09\/logo-juste-houngla.jpg\" alt=\"Juste Houngla\"\/><\/p>\n","protected":false},"excerpt":{"rendered":"\u00c0 Mandalika, la derni\u00e8re course du week-end s\u2019est achev\u00e9e de la pire mani\u00e8re pour Francesco Bagnaia. Le pilote&hellip;\n","protected":false},"author":2,"featured_media":442168,"comment_status":"","ping_status":"","sticky":false,"template":"","format":"standard","meta":{"footnotes":""},"categories":[1413],"tags":[1011,27,1457,1456,60],"class_list":{"0":"post-442167","1":"post","2":"type-post","3":"status-publish","4":"format-standard","5":"has-post-thumbnail","7":"category-moto","8":"tag-fr","9":"tag-france","10":"tag-moto","11":"tag-motocycle","12":"tag-sports"},"share_on_mastodon":{"url":"https:\/\/pubeurope.com\/@fr\/115325519261706086","error":""},"_links":{"self":[{"href":"https:\/\/www.europesays.com\/fr\/wp-json\/wp\/v2\/posts\/442167","targetHints":{"allow":["GET"]}}],"collection":[{"href":"https:\/\/www.europesays.com\/fr\/wp-json\/wp\/v2\/posts"}],"about":[{"href":"https:\/\/www.europesays.com\/fr\/wp-json\/wp\/v2\/types\/post"}],"author":[{"embeddable":true,"href":"https:\/\/www.europesays.com\/fr\/wp-json\/wp\/v2\/users\/2"}],"replies":[{"embeddable":true,"href":"https:\/\/www.europesays.com\/fr\/wp-json\/wp\/v2\/comments?post=442167"}],"version-history":[{"count":0,"href":"https:\/\/www.europesays.com\/fr\/wp-json\/wp\/v2\/posts\/442167\/revisions"}],"wp:featuredmedia":[{"embeddable":true,"href":"https:\/\/www.europesays.com\/fr\/wp-json\/wp\/v2\/media\/442168"}],"wp:attachment":[{"href":"https:\/\/www.europesays.com\/fr\/wp-json\/wp\/v2\/media?parent=442167"}],"wp:term":[{"taxonomy":"category","embeddable":true,"href":"https:\/\/www.europesays.com\/fr\/wp-json\/wp\/v2\/categories?post=442167"},{"taxonomy":"post_tag","embeddable":true,"href":"https:\/\/www.europesays.com\/fr\/wp-json\/wp\/v2\/tags?post=442167"}],"curies":[{"name":"wp","href":"https:\/\/api.w.org\/{rel}","templated":true}]}}