{"id":442171,"date":"2025-10-06T05:17:31","date_gmt":"2025-10-06T05:17:31","guid":{"rendered":"https:\/\/www.europesays.com\/fr\/442171\/"},"modified":"2025-10-06T05:17:31","modified_gmt":"2025-10-06T05:17:31","slug":"quatre-joueurs-retires-de-lequipe-fanion-du-fc-dieppe-les-explications","status":"publish","type":"post","link":"https:\/\/www.europesays.com\/fr\/442171\/","title":{"rendered":"quatre joueurs retir\u00e9s de l&rsquo;\u00e9quipe fanion du FC Dieppe, les explications"},"content":{"rendered":"<p>            Par<br \/>\n        <strong><br \/>\n            <a href=\"https:\/\/actu.fr\/auteur\/informations-dieppoises\" title=\"Consulter tous les articles de R\u00e9daction Dieppe\" target=\"_blank\" rel=\"noopener\">R\u00e9daction Dieppe<\/a><br \/>\n        <\/strong><\/p>\n<p>        Publi\u00e9 le<\/p>\n<p>            30 sept. 2025 \u00e0 12h10        <\/p>\n<p>Arriv\u00e9 au FC <a href=\"https:\/\/actu.fr\/normandie\/dieppe_76217\" target=\"_blank\" rel=\"noopener\">Dieppe<\/a> durant l\u2019\u00e9t\u00e9 2024 \u00e0 l\u2019initiative du coordinateur sportif <b>Vincent Guiard<\/b>, l\u2019entra\u00eeneur <b>Djilalli Bekkar<\/b> a eu besoin d\u2019une ann\u00e9e seulement pour ramener le club en National 2. Cela a donn\u00e9 beaucoup de cr\u00e9dit et de pouvoir sur le plan sportif aux deux hommes qui ne veulent pas en rester l\u00e0. Comme cela a d\u00e9j\u00e0 \u00e9t\u00e9 \u00e9voqu\u00e9 au terme de la saison \u00e9coul\u00e9e, le projet sportif du FCD vise \u00e0 <b>acc\u00e9der au National en deux ans<\/b>. Il faut donc aller vite.<\/p>\n<p>Quatre joueurs mis \u00e0 disposition de la r\u00e9serve<\/p>\n<p class=\" wall-content\">Alors que six matches seulement ont \u00e9t\u00e9 disput\u00e9s en championnat, les dirigeants du FC Dieppe ont pris des d\u00e9cisions fortes. Quentin Stockley, R\u00e9my Chombart, Valentin Carpentier et Godfried Kitenge ne font plus partie du groupe National 2 et sont mis \u00e0 la disposition de la r\u00e9serve en R\u00e9gional 2.<\/p>\n<blockquote class=\"ac-article-quote wall-content\">\n<p>\u00ab\u00a0J\u2019ai \u00e9t\u00e9 vir\u00e9 du FC Dieppe\u00a0\u00bb<\/p>\n<p>Quentin Stockley<\/p><\/blockquote>\n<p class=\" wall-content\">En fin de saison derni\u00e8re, tout aur\u00e9ol\u00e9 de son titre de champion de National\u00a03, le FCD ne conservait pas son d\u00e9fenseur <b>Florent Vasseur <\/b>et cela avait d\u00e9j\u00e0 suscit\u00e9 r\u00e9actions et interrogations. \u00c0 l\u2019\u00e9poque, Vincent Guiard et Djilalli Bekkar \u00e9taient d\u00e9j\u00e0 circonspects sur la capacit\u00e9 d\u2019autres joueurs de l\u2019effectif \u00e0 se hisser au niveau National\u00a02. Parmi eux figuraient une demi-douzaine de joueurs, dont les <b>quatre extraits du groupe National\u00a02 la semaine pass\u00e9e, Valentin Carpentier et Godfried Kiteng\u00e9 (tous deux peu utilis\u00e9s la saison pass\u00e9e) mais aussi le buteur Quentin Stockley et le milieu de terrain R\u00e9my Chombart<\/b>. Finalement, tous les joueurs \u00e9taient valid\u00e9s pour le National\u00a02.<\/p>\n<p class=\" wall-content\">\u00ab Lorsque nous avons eu des \u00e9changes au printemps avec les joueurs, chacun a pris des engagements, le club et les joueurs, rappelle Vincent Guiard. Dans un contexte budg\u00e9taire tr\u00e8s contraint o\u00f9 chaque joueur du groupe National\u00a02 est a minima d\u00e9fray\u00e9, le FC Dieppe doit afficher une tr\u00e8s grande exigence envers chacun. D\u00e8s lors que des joueurs ne sont pas dans cette exigence indispensable pour atteindre le haut niveau, chacun doit en tirer les cons\u00e9quences \u00bb.<\/p>\n<p class=\" wall-content\">Alors, Vincent Guiard a re\u00e7u Quentin Stockley, R\u00e9my Chombart, Valentin Carpentier et Godfried Kitenge en d\u00e9but de semaine derni\u00e8re pour leur signifier <b>un changement de statut<\/b> au sein du club, sur leurs d\u00e9fraiements comme sur leur non-conservation au sein du groupe National\u00a02. \u00ab D\u00e8s lors qu\u2019on est performant en R\u00e9gional 2, cela n\u2019interdit pas de revenir en National\u00a02 \u00bb, note Vincent Guiard.<\/p>\n<p>    <img   decoding=\"async\" loading=\"lazy\" class=\"size-large\" src=\"https:\/\/www.europesays.com\/fr\/wp-content\/uploads\/2025\/10\/9152d3587ad868552d3587ad85952dv-960x640.jpg\" alt=\"Quentin Stockley quitte Dieppe pour Neufch\u00e2tel.\" width=\"960\" height=\"640\"\/><br \/>\n    Quentin Stockley quitte Dieppe pour Neufch\u00e2tel. \u00a9Archives\/les Infos<\/p>\n<p>Votre r\u00e9gion, votre actu !<\/p>\n<p>Recevez chaque jour les infos qui comptent pour vous.<\/p>\n<p>\t<a href=\"https:\/\/actu.fr\/newsletter\" class=\"ac-btn ac-btn--corner ac-btn--medium ac-btn--blue800\" target=\"_blank\" rel=\"noopener\">S&rsquo;incrire<\/a><\/p>\n<p class=\" wall-content\">Reste que Quentin Stockley n\u2019est d\u00e9j\u00e0 plus au FC Dieppe : Si l\u2019int\u00e9ress\u00e9 \u00ab<b> pr\u00e9f\u00e8re retenir les meilleurs moments pass\u00e9s au club <\/b>\u00bb, il affirme par ailleurs avoir \u00ab \u00e9t\u00e9 vir\u00e9 du FC Dieppe.<b> Le club a besoin d\u2019argent pour prendre d\u2019autres joueurs que nous<\/b> \u00bb. Vincent Guiard r\u00e9fute compl\u00e8tement : \u00ab C\u2019est faux. Quentin (Stockley) n\u2019a pas \u00e9t\u00e9 vir\u00e9 du club, au m\u00eame titre d\u2019ailleurs que R\u00e9my (Chombart), Valentin (Carpentier) et Godfried (Kitenge). Quentin a fait le choix de partir alors que je lui ai propos\u00e9 de rester au club, notamment pour jouer en R\u00e9gional 2, mais \u00e9videmment \u00e0 d\u2019autres conditions financi\u00e8res \u00bb. Les trois autres joueurs devraient suivre.<\/p>\n<blockquote class=\"ac-article-quote wall-content\">\n<p>\u00a0\u00bb Faire du FCD le premier club professionnel de l\u2019agglom\u00e9ration \u00ab\u00a0<\/p>\n<p>Djilalli Bekkar<\/p><\/blockquote>\n<p class=\" wall-content\">L\u2019entra\u00eeneur dieppois Djilalli Bekkar ne cache pas qu\u2019il veut \u00ab faire du FC Dieppe le premier club professionnel de l\u2019agglom\u00e9ration Dieppe-Maritime en acc\u00e9dant au National \u00bb.<\/p>\n<p class=\" wall-content\">\u00c9videmment,<b> acc\u00e9der au professionnalisme n\u00e9cessite une pr\u00e9paration<\/b>. \u00ab Cela oblige les joueurs \u00e0 donner le meilleur d\u2019eux-m\u00eames, ajoute Vincent Guiard. Ils doivent disposer des qualit\u00e9s individuelles requises mises au service d\u2019un collectif sur le plan footballistique, mais aussi afficher des comportements et des attitudes irr\u00e9prochables \u00bb. Or, la quinzaine de matches (pr\u00e9paration et National\u00a02) effectu\u00e9s depuis la reprise de l\u2019entra\u00eenement ont r\u00e9v\u00e9l\u00e9 des manques.<\/p>\n<blockquote class=\"ac-article-quote wall-content\">\n<p>\u00ab Le club passe au-dessus de n\u2019importe quel individu \u00bb<\/p>\n<p>Djilalli Bekkar<\/p><\/blockquote>\n<p class=\" wall-content\">Et le coordinateur sportif d\u2019indiquer que \u00ab l\u2019<b>on ne peut pas revendiquer un statut particulier sans un minimum d\u2019exemplarit\u00e9.<\/b> Arriver \u00e0 la reprise de l\u2019entra\u00eenement collectif sans avoir suivi le programme individuel de pr\u00e9paration demand\u00e9, rejoindre cette m\u00eame reprise avec 4\u00a0kg de trop, ne pas se remettre en question ni tout mettre en \u0153uvre pour progresser, commenter n\u00e9gativement des choix de l\u2019entra\u00eeneur ou \u00eatre en retard aux entra\u00eenements, c\u2019est juste<b> inacceptable dans un club ambitieux comme le FC Dieppe <\/b>\u00bb.<\/p>\n<p class=\" wall-content\">Djilalli Bekkar conclut en mettant en avant \u00ab\u00a0l\u2019institution FC Dieppe\u00a0\u00bb\u00a0pour donner du sens aux d\u00e9cisions prises : \u00ab Le club, c\u2019est ce qu\u2019il y a de plus important. Il passe au-dessus de n\u2019importe quel individu, moi y compris \u00e9videmment \u00bb.<\/p>\n<p>Que vont faire les joueurs mis \u00e0 l\u2019\u00e9cart ?<\/p>\n<p class=\" wall-content\">Aussit\u00f4t apr\u00e8s son entretien du d\u00e9but de la semaine pass\u00e9e avec Vincent Guiard, <b>Quentin Stockley s\u2019est mis d\u2019accord avec le FC Neufch\u00e2tel <\/b>(R\u00e9gional 2) entra\u00een\u00e9 par Guillaume Gonel.<\/p>\n<p class=\" wall-content\">Il constitue une recrue de tout premier ordre pour le club brayon qui est tr\u00e8s ambitieux avec sa volont\u00e9 de rejoindre le R\u00e9gional 1 d\u00e8s la saison prochaine voire ensuite le National\u00a03.<\/p>\n<p class=\" wall-content\"><b>Godfried Kitenge <\/b>est de son c\u00f4t\u00e9 dans l\u2019expectative et il aimerait rebondir au sein d\u2019un club de National\u00a03.<\/p>\n<p>    <img   decoding=\"async\" loading=\"lazy\" class=\"size-large\" src=\"https:\/\/www.europesays.com\/fr\/wp-content\/uploads\/2025\/10\/0bba58097ad86feba58097ad8d2ca5v-960x640.jpg\" alt=\"R\u00e9my Chombart s'interroge sur son avenir.\" width=\"960\" height=\"640\"\/><br \/>\n    R\u00e9my Chombart s\u2019interroge sur son avenir. \u00a9Archives\/les Infos<\/p>\n<p class=\" wall-content\">Par ailleurs, <b>R\u00e9my Chombart<\/b> \u2014 qui \u00e9tait en \u00e9quipe fanion depuis sept ans \u2014 et <b>Valentin Carpentier<\/b> s\u2019interrogent\u2009: <b>\u00ab\u00a0\u2009Nous ne comprenons pas le timing. Si le club avait voulu se s\u00e9parer de nous au printemps dernier parce que nous n\u2019\u00e9tions pas dans le projet pour le National\u00a02, cela aurait pu se comprendre. Cela nous aurait permis de prendre le temps pour trouver un nouveau projet. L\u00e0, fin septembre, c\u2019est fini pour l\u2019\u00e9quipe fanion en National\u00a02 et c\u2019est tr\u00e8s compliqu\u00e9 de trouver un nouveau club\u2026\u2009\u00a0\u00bb<\/b> Luneray s\u2019est mis sur les rangs pour ces deux joueurs.<\/p>\n<p class=\" wall-content\">Personnalisez votre actualit\u00e9 en ajoutant vos villes et m\u00e9dias en favori avec <a href=\"https:\/\/moncompte.actu.fr\" title=\"D\u00e9couvez Mon Actu\" rel=\"nofollow noopener\" data-trk=\"{&quot;cta&quot;:{&quot;action&quot;:&quot;https:\\\/\\\/moncompte.actu.fr&quot;,&quot;category&quot;:&quot;mon compte&quot;,&quot;from&quot;:&quot;article footer&quot;,&quot;name&quot;:&quot;Mon actu&quot;,&quot;type&quot;:&quot;cta&quot;}}\" target=\"_blank\">Mon Actu<\/a>.<\/p>\n","protected":false},"excerpt":{"rendered":"Par R\u00e9daction Dieppe Publi\u00e9 le 30 sept. 2025 \u00e0 12h10 Arriv\u00e9 au FC Dieppe durant l\u2019\u00e9t\u00e9 2024 \u00e0&hellip;\n","protected":false},"author":2,"featured_media":442172,"comment_status":"","ping_status":"","sticky":false,"template":"","format":"standard","meta":{"footnotes":""},"categories":[1410],"tags":[43605,63,1011,27,517,60],"class_list":{"0":"post-442171","1":"post","2":"type-post","3":"status-publish","4":"format-standard","5":"has-post-thumbnail","7":"category-football","8":"tag-fc-dieppe","9":"tag-football","10":"tag-fr","11":"tag-france","12":"tag-sport","13":"tag-sports"},"share_on_mastodon":{"url":"https:\/\/pubeurope.com\/@fr\/115325531259584165","error":""},"_links":{"self":[{"href":"https:\/\/www.europesays.com\/fr\/wp-json\/wp\/v2\/posts\/442171","targetHints":{"allow":["GET"]}}],"collection":[{"href":"https:\/\/www.europesays.com\/fr\/wp-json\/wp\/v2\/posts"}],"about":[{"href":"https:\/\/www.europesays.com\/fr\/wp-json\/wp\/v2\/types\/post"}],"author":[{"embeddable":true,"href":"https:\/\/www.europesays.com\/fr\/wp-json\/wp\/v2\/users\/2"}],"replies":[{"embeddable":true,"href":"https:\/\/www.europesays.com\/fr\/wp-json\/wp\/v2\/comments?post=442171"}],"version-history":[{"count":0,"href":"https:\/\/www.europesays.com\/fr\/wp-json\/wp\/v2\/posts\/442171\/revisions"}],"wp:featuredmedia":[{"embeddable":true,"href":"https:\/\/www.europesays.com\/fr\/wp-json\/wp\/v2\/media\/442172"}],"wp:attachment":[{"href":"https:\/\/www.europesays.com\/fr\/wp-json\/wp\/v2\/media?parent=442171"}],"wp:term":[{"taxonomy":"category","embeddable":true,"href":"https:\/\/www.europesays.com\/fr\/wp-json\/wp\/v2\/categories?post=442171"},{"taxonomy":"post_tag","embeddable":true,"href":"https:\/\/www.europesays.com\/fr\/wp-json\/wp\/v2\/tags?post=442171"}],"curies":[{"name":"wp","href":"https:\/\/api.w.org\/{rel}","templated":true}]}}