{"id":442173,"date":"2025-10-06T05:18:23","date_gmt":"2025-10-06T05:18:23","guid":{"rendered":"https:\/\/www.europesays.com\/fr\/442173\/"},"modified":"2025-10-06T05:18:23","modified_gmt":"2025-10-06T05:18:23","slug":"apres-19-ans-de-mariage-nicole-kidman-et-son-mari-se-separent","status":"publish","type":"post","link":"https:\/\/www.europesays.com\/fr\/442173\/","title":{"rendered":"Apr\u00e8s 19 ans de mariage, Nicole Kidman et son mari se s\u00e9parent"},"content":{"rendered":"<p class=\"ap-StoryElement ap-StoryElement--mb ap-StoryText\">\u00ab\u00a0Keith ne voit jamais Nicole, soit elle est en tournage, soit il est en tourn\u00e9e. Ils s&rsquo;aimaient beaucoup et ils ne divorceront peut-\u00eatre pas, mais ils vivent tous les deux dans un monde o\u00f9 aucun d&rsquo;eux n&rsquo;est pr\u00e9sent\u00a0\u00bb, a confi\u00e9 un proche au journal britannique.<\/p>\n<p class=\"text-left ap-StoryElement ap-StoryElement--mb ap-StoryText\"><a href=\"https:\/\/www.lalibre.be\/economie\/conjoncture\/2025\/03\/05\/nicole-kidman-ne-fait-pas-le-poids-face-a-dwayne-johnson-OHDCCWPV75CKRA5BBTP66K2A5E\/\" target=\"_blank\" rel=\"noopener\">Nicole Kidman<\/a> et Keith Urban \u00e9taient mari\u00e9s depuis 2006. Ils ont deux filles : Sunday Rose, n\u00e9e en 2008 et Faith Margaret, n\u00e9e en 2010 d&rsquo;une m\u00e8re porteuse.<\/p>\n<p class=\"ap-StoryElement ap-StoryElement--mb ap-StoryText\">Selon le Daily Mail, il resterait toutefois de l&rsquo;espoir pour le couple qui n&rsquo;a pas encore d\u00e9cid\u00e9 de divorcer.<\/p>\n<p class=\"ap-StoryElement ap-StoryElement--mb ap-StoryText\">\u00ab\u00a0Keith et Nicole sont ensemble depuis des d\u00e9cennies et il y a un monde avec lequel ils peuvent se r\u00e9concilier, mais dans la fa\u00e7on dont ils se comportent actuellement, ce n&rsquo;est pas un couple\u00a0\u00bb, a r\u00e9v\u00e9l\u00e9 un proche sous couvert d&rsquo;anonymat.<\/p>\n<p><a href=\"https:\/\/www.lalibre.be\/lifestyle\/people\/2024\/10\/24\/ne-me-touchez-plus-je-ne-veux-plus-dorgasme-pour-nicole-kidman-les-scenes-intimes-du-film-babygirl-ont-ete-difficiles-a-jouer-6S4L4U5LT5GGXDTMDF5QLYMZFY\/\" target=\"_blank\" rel=\"noopener noreferrer\" class=\"ap-StoryInterstitialLink ap-StoryElement ap-StoryElement--mb\">\u00ab\u00a0Presque comme un burn-out\u00a0\u00bb : Nicole Kidman a mal v\u00e9cu les sc\u00e8nes d&rsquo;orgasme sur le tournage du film Babygirl<\/a><\/p>\n","protected":false},"excerpt":{"rendered":"\u00ab\u00a0Keith ne voit jamais Nicole, soit elle est en tournage, soit il est en tourn\u00e9e. Ils s&rsquo;aimaient beaucoup&hellip;\n","protected":false},"author":2,"featured_media":442174,"comment_status":"","ping_status":"","sticky":false,"template":"","format":"standard","meta":{"footnotes":""},"categories":[1359],"tags":[9499,56860,1350,56861,56862,46011,1209,56863,56864,26388,58,19816,59,9048,1219,1011,27,46605,56865,9519,25659,29365,973,56866,25091,16866,26399,26400,26403,37975,27952,26405],"class_list":{"0":"post-442173","1":"post","2":"type-post","3":"status-publish","4":"format-standard","5":"has-post-thumbnail","7":"category-people","8":"tag-adult","9":"tag-arch","10":"tag-architecture","11":"tag-belgalive","12":"tag-belgaonthespot","13":"tag-built-structure","14":"tag-casual-clothing","15":"tag-ceremony","16":"tag-cheerful","17":"tag-clothing","18":"tag-divertissement","19":"tag-emotion","20":"tag-entertainment","21":"tag-famille-royale","22":"tag-female","23":"tag-fr","24":"tag-france","25":"tag-full-length","26":"tag-hand-out-handout-belgaonthespot","27":"tag-happiness","28":"tag-koninklijke-familie","29":"tag-love","30":"tag-people","31":"tag-positive-emotion","32":"tag-royal-family","33":"tag-royalty","34":"tag-smiling","35":"tag-standing","36":"tag-togetherness","37":"tag-two-people","38":"tag-women","39":"tag-young-adult"},"share_on_mastodon":{"url":"https:\/\/pubeurope.com\/@fr\/115325534369982969","error":""},"_links":{"self":[{"href":"https:\/\/www.europesays.com\/fr\/wp-json\/wp\/v2\/posts\/442173","targetHints":{"allow":["GET"]}}],"collection":[{"href":"https:\/\/www.europesays.com\/fr\/wp-json\/wp\/v2\/posts"}],"about":[{"href":"https:\/\/www.europesays.com\/fr\/wp-json\/wp\/v2\/types\/post"}],"author":[{"embeddable":true,"href":"https:\/\/www.europesays.com\/fr\/wp-json\/wp\/v2\/users\/2"}],"replies":[{"embeddable":true,"href":"https:\/\/www.europesays.com\/fr\/wp-json\/wp\/v2\/comments?post=442173"}],"version-history":[{"count":0,"href":"https:\/\/www.europesays.com\/fr\/wp-json\/wp\/v2\/posts\/442173\/revisions"}],"wp:featuredmedia":[{"embeddable":true,"href":"https:\/\/www.europesays.com\/fr\/wp-json\/wp\/v2\/media\/442174"}],"wp:attachment":[{"href":"https:\/\/www.europesays.com\/fr\/wp-json\/wp\/v2\/media?parent=442173"}],"wp:term":[{"taxonomy":"category","embeddable":true,"href":"https:\/\/www.europesays.com\/fr\/wp-json\/wp\/v2\/categories?post=442173"},{"taxonomy":"post_tag","embeddable":true,"href":"https:\/\/www.europesays.com\/fr\/wp-json\/wp\/v2\/tags?post=442173"}],"curies":[{"name":"wp","href":"https:\/\/api.w.org\/{rel}","templated":true}]}}