{"id":442175,"date":"2025-10-06T05:20:27","date_gmt":"2025-10-06T05:20:27","guid":{"rendered":"https:\/\/www.europesays.com\/fr\/442175\/"},"modified":"2025-10-06T05:20:27","modified_gmt":"2025-10-06T05:20:27","slug":"photos-le-salon-du-livre-de-rettel-a-ete-plebiscite-ce-dimanche","status":"publish","type":"post","link":"https:\/\/www.europesays.com\/fr\/442175\/","title":{"rendered":"Photos. Le Salon du livre de Rettel a \u00e9t\u00e9 pl\u00e9biscit\u00e9 ce dimanche"},"content":{"rendered":"<p>Il y avait foule dimanche 5 octobre \u00e0 la salle polyvalente de Rettel. A l&rsquo;int\u00e9rieur, les soixante auteurs, illustrateurs, maisons d&rsquo;\u00e9ditions ont vu affluer de nombreux curieux et des lecteurs en herbe tout au long de la journ\u00e9e. Il y en avait pour tous les go\u00fbts que l&rsquo;on soit plut\u00f4t polars ou livre historique voire bandes dessin\u00e9es. Retour en images sur un \u00e9v\u00e9nement qui prouve que le livre papier a encore de beaux jours devant lui.<\/p>\n","protected":false},"excerpt":{"rendered":"Il y avait foule dimanche 5 octobre \u00e0 la salle polyvalente de Rettel. A l&rsquo;int\u00e9rieur, les soixante auteurs,&hellip;\n","protected":false},"author":2,"featured_media":442176,"comment_status":"","ping_status":"","sticky":false,"template":"","format":"standard","meta":{"footnotes":""},"categories":[1357],"tags":[1379,1687,58,7162,59,1011,27,2797,2798,1380,52071],"class_list":{"0":"post-442175","1":"post","2":"type-post","3":"status-publish","4":"format-standard","5":"has-post-thumbnail","7":"category-livres","8":"tag-books","9":"tag-culture-loisirs","10":"tag-divertissement","11":"tag-edition-thionville-hayange","12":"tag-entertainment","13":"tag-fr","14":"tag-france","15":"tag-galerie-loisirs","16":"tag-galerie-photo","17":"tag-livres","18":"tag-rettel"},"share_on_mastodon":{"url":"https:\/\/pubeurope.com\/@fr\/115325542281244236","error":""},"_links":{"self":[{"href":"https:\/\/www.europesays.com\/fr\/wp-json\/wp\/v2\/posts\/442175","targetHints":{"allow":["GET"]}}],"collection":[{"href":"https:\/\/www.europesays.com\/fr\/wp-json\/wp\/v2\/posts"}],"about":[{"href":"https:\/\/www.europesays.com\/fr\/wp-json\/wp\/v2\/types\/post"}],"author":[{"embeddable":true,"href":"https:\/\/www.europesays.com\/fr\/wp-json\/wp\/v2\/users\/2"}],"replies":[{"embeddable":true,"href":"https:\/\/www.europesays.com\/fr\/wp-json\/wp\/v2\/comments?post=442175"}],"version-history":[{"count":0,"href":"https:\/\/www.europesays.com\/fr\/wp-json\/wp\/v2\/posts\/442175\/revisions"}],"wp:featuredmedia":[{"embeddable":true,"href":"https:\/\/www.europesays.com\/fr\/wp-json\/wp\/v2\/media\/442176"}],"wp:attachment":[{"href":"https:\/\/www.europesays.com\/fr\/wp-json\/wp\/v2\/media?parent=442175"}],"wp:term":[{"taxonomy":"category","embeddable":true,"href":"https:\/\/www.europesays.com\/fr\/wp-json\/wp\/v2\/categories?post=442175"},{"taxonomy":"post_tag","embeddable":true,"href":"https:\/\/www.europesays.com\/fr\/wp-json\/wp\/v2\/tags?post=442175"}],"curies":[{"name":"wp","href":"https:\/\/api.w.org\/{rel}","templated":true}]}}