{"id":442179,"date":"2025-10-06T05:26:15","date_gmt":"2025-10-06T05:26:15","guid":{"rendered":"https:\/\/www.europesays.com\/fr\/442179\/"},"modified":"2025-10-06T05:26:15","modified_gmt":"2025-10-06T05:26:15","slug":"meghan-markle-embarrassee-ce-moment-genant-vecu-a-la-fashion-week-avec-une-celebrite-devient-viral-video","status":"publish","type":"post","link":"https:\/\/www.europesays.com\/fr\/442179\/","title":{"rendered":"Meghan Markle embarrass\u00e9e\u00a0: ce moment g\u00eanant v\u00e9cu \u00e0 la Fashion Week avec une c\u00e9l\u00e9brit\u00e9 devient viral (vid\u00e9o)"},"content":{"rendered":"<p class=\"ap-StoryElement ap-StoryElement--mb ap-StoryText\">Meghan Markle a assist\u00e9 pour la premi\u00e8re fois \u00e0 un d\u00e9fil\u00e9 de la Fashion Week de Paris, ce samedi 4 octobre 2025. La duchesse de Sussex s&rsquo;est ainsi rendue au d\u00e9fil\u00e9 Balenciaga, aux c\u00f4t\u00e9s de nombreuses autres c\u00e9l\u00e9brit\u00e9s, comme Isabelle Huppert, Philippine Leroy-Beaulieu ou encore Anne Hathaway.<\/p>\n<p class=\"ap-StoryElement ap-StoryElement--mb ap-StoryText\">Apr\u00e8s le show, l&rsquo;\u00e9pouse du prince Harry a rejoint Pier Paolo Piccioli, nouveau directeur cr\u00e9atif de Balenciaga, afin de le saluer et de le f\u00e9liciter pour son premier d\u00e9fil\u00e9. Dans une vid\u00e9o post\u00e9e sur TikTok, on peut voir la duchesse s&rsquo;approcher du couturier italien et le prendre chaleureusement dans ses bras. Mais Meghan Markle a ensuite v\u00e9cu un moment un peu g\u00eanant.<\/p>\n","protected":false},"excerpt":{"rendered":"Meghan Markle a assist\u00e9 pour la premi\u00e8re fois \u00e0 un d\u00e9fil\u00e9 de la Fashion Week de Paris, ce&hellip;\n","protected":false},"author":2,"featured_media":442180,"comment_status":"","ping_status":"","sticky":false,"template":"","format":"standard","meta":{"footnotes":""},"categories":[8],"tags":[13774,828,56867,16694,58,25723,59,992,1011,27,56868,908,626,56869,25724],"class_list":{"0":"post-442179","1":"post","2":"type-post","3":"status-publish","4":"format-standard","5":"has-post-thumbnail","7":"category-divertissement","8":"tag-balenciaga","9":"tag-belgique","10":"tag-bise","11":"tag-defile","12":"tag-divertissement","13":"tag-duchesse","14":"tag-entertainment","15":"tag-fashion-week","16":"tag-fr","17":"tag-france","18":"tag-genant","19":"tag-meghan-markle","20":"tag-paris","21":"tag-pier-paolo-piccioli","22":"tag-sussex"},"share_on_mastodon":{"url":"https:\/\/pubeurope.com\/@fr\/115325565936213212","error":""},"_links":{"self":[{"href":"https:\/\/www.europesays.com\/fr\/wp-json\/wp\/v2\/posts\/442179","targetHints":{"allow":["GET"]}}],"collection":[{"href":"https:\/\/www.europesays.com\/fr\/wp-json\/wp\/v2\/posts"}],"about":[{"href":"https:\/\/www.europesays.com\/fr\/wp-json\/wp\/v2\/types\/post"}],"author":[{"embeddable":true,"href":"https:\/\/www.europesays.com\/fr\/wp-json\/wp\/v2\/users\/2"}],"replies":[{"embeddable":true,"href":"https:\/\/www.europesays.com\/fr\/wp-json\/wp\/v2\/comments?post=442179"}],"version-history":[{"count":0,"href":"https:\/\/www.europesays.com\/fr\/wp-json\/wp\/v2\/posts\/442179\/revisions"}],"wp:featuredmedia":[{"embeddable":true,"href":"https:\/\/www.europesays.com\/fr\/wp-json\/wp\/v2\/media\/442180"}],"wp:attachment":[{"href":"https:\/\/www.europesays.com\/fr\/wp-json\/wp\/v2\/media?parent=442179"}],"wp:term":[{"taxonomy":"category","embeddable":true,"href":"https:\/\/www.europesays.com\/fr\/wp-json\/wp\/v2\/categories?post=442179"},{"taxonomy":"post_tag","embeddable":true,"href":"https:\/\/www.europesays.com\/fr\/wp-json\/wp\/v2\/tags?post=442179"}],"curies":[{"name":"wp","href":"https:\/\/api.w.org\/{rel}","templated":true}]}}