{"id":442187,"date":"2025-10-06T05:31:15","date_gmt":"2025-10-06T05:31:15","guid":{"rendered":"https:\/\/www.europesays.com\/fr\/442187\/"},"modified":"2025-10-06T05:31:15","modified_gmt":"2025-10-06T05:31:15","slug":"en-direct-nouveau-gouvernement-retailleau-convoque-une-reunion-durgence-a-lr-lecornu-deja-en-sursis","status":"publish","type":"post","link":"https:\/\/www.europesays.com\/fr\/442187\/","title":{"rendered":"EN DIRECT &#8211; Nouveau gouvernement : Retailleau convoque une r\u00e9union d&rsquo;urgence \u00e0 LR, Lecornu d\u00e9j\u00e0 en sursis"},"content":{"rendered":"<ul class=\"jsx-862013697 ArticleChapo__List\">\n<li class=\"jsx-862013697 ArticleChapo__List_Item flex\">Dimanche soir, les Fran\u00e7ais ont d\u00e9couvert le gouvernement Lecornu, un organigramme similaire \u00e0 celui de son pr\u00e9d\u00e9cesseur, apr\u00e8s 26 jours d&rsquo;attente.<\/li>\n<li class=\"jsx-862013697 ArticleChapo__List_Item flex\">Lui-m\u00eame reconduit, Bruno Retailleau a annonc\u00e9 une r\u00e9union d&rsquo;urgence ce lundi matin des instances du parti face \u00e0 la grogne interne.<\/li>\n<li class=\"jsx-862013697 ArticleChapo__List_Item flex\">Suivez les derni\u00e8res informations.<\/li>\n<\/ul>\n<p><a href=\"https:\/\/www.tf1info.fr\/actualite\/deficit-public-dette-taux-d-interet-la-france-dans-le-rouge-13639\/\" rel=\"noopener\" class=\"jsx-484472199 Link jsx-1428418400 jsx-1404382745\" target=\"_blank\"><\/p>\n<p style=\"font-weight:400\" class=\"jsx-1837267516\">Suivez la couverture compl\u00e8te<\/p>\n<p style=\"font-weight:800\" class=\"jsx-1837267516\">Budget 2026 : quelle nouvelle feuille de route apr\u00e8s la chute de Bayrou ?<\/p>\n<p><\/a>Minute par minuteMATIGNON07:21<\/p>\n<p>Le Premier ministre est sous pression maximale, apr\u00e8s la nomination de son gouvernement, qui a provoqu\u00e9 la fureur de ses alli\u00e9s de LR. Matthieu Desmoulins r\u00e9sume les enjeux de la journ\u00e9e depuis Matignon. \u2b07\ufe0f<\/p>\n<p>LCI : Matthieu Desmoulins en direct de MatignonSource : TF1 Info<\/p>\n<p><img decoding=\"async\" src=\"https:\/\/www.europesays.com\/fr\/wp-content\/uploads\/2025\/10\/lci-matthieu-desmoulins-en-direct-de-matignon-0aeddc-0@1x.jpeg\" alt=\"LCI : Matthieu Desmoulins en direct de Matignon\" loading=\"lazy\" importance=\"low\" fetchpriority=\"low\" class=\"\"\/><img decoding=\"async\" src=\"https:\/\/www.tf1info.fr\/images\/icons\/player-logo-play.svg\" alt=\"Logo lecture\" class=\"jsx-d0de44c05fe3042c PlayerLazyload__Play\"\/>VERS UNE CENSURE ?06:18<\/p>\n<p>\u00c0 peine nomm\u00e9, le nouveau gouvernement va-t-il tenir ? \u00ab\u00a0La m\u00e9canique de la censure semble maintenant bien enclench\u00e9e\u00a0\u00bb, estime Christophe Barbier sur LCI.<\/p>\n<p>\u00ab\u00a0La m\u00e9canique de la censure semble maintenant bien enclench\u00e9e\u00a0\u00bb, selon Christophe BarbierSource : TF1 Info<\/p>\n<p><img decoding=\"async\" src=\"https:\/\/www.europesays.com\/fr\/wp-content\/uploads\/2025\/10\/la-mecanique-de-la-censure-semble-maintenant-bien-enclenchee-selon-christophe-barbier-4506dd-0@1x.jp.jpeg\" alt=\"&quot;La m\u00e9canique de la censure semble maintenant bien enclench\u00e9e&quot;, selon Christophe Barbier\" loading=\"lazy\" importance=\"low\" fetchpriority=\"low\" class=\"\"\/><img decoding=\"async\" src=\"https:\/\/www.tf1info.fr\/images\/icons\/player-logo-play.svg\" alt=\"Logo lecture\" class=\"jsx-d0de44c05fe3042c PlayerLazyload__Play\"\/>BRUNO RETAILLEAU06:15<\/p>\n<p>\u00ab\u00a0La composition du gouvernement ne refl\u00e8te pas la rupture promise\u00a0\u00bb, a fustig\u00e9 dimanche Bruno Retailleau, quelques heures apr\u00e8s avoir \u00e9t\u00e9 reconduit au minist\u00e8re de l&rsquo;Int\u00e9rieur. Quels sont les diff\u00e9rents sc\u00e9narios possibles, alors que le premier Conseil des ministres doit avoir lieu cet apr\u00e8s-midi ? \u00c9l\u00e9ments de r\u00e9ponse.<\/p>\n<p>Retailleau menace le gouvernement LecornuSource : TF1 Info<\/p>\n<p><img decoding=\"async\" src=\"https:\/\/www.europesays.com\/fr\/wp-content\/uploads\/2025\/10\/retailleau-menace-le-gouvernement-lecornu-2726e6-0@1x.jpeg\" alt=\"Retailleau menace le gouvernement Lecornu\" loading=\"lazy\" importance=\"low\" fetchpriority=\"low\" class=\"\"\/><img decoding=\"async\" src=\"https:\/\/www.tf1info.fr\/images\/icons\/player-logo-play.svg\" alt=\"Logo lecture\" class=\"jsx-d0de44c05fe3042c PlayerLazyload__Play\"\/>BONJOUR06:13<\/p>\n<p>Bienvenue dans ce direct consacr\u00e9 \u00e0 l&rsquo;actualit\u00e9 politique fran\u00e7aise. \u00c0 peine nomm\u00e9, le gouvernement de S\u00e9bastien Lecornu para\u00eet d\u00e9j\u00e0 proche de l&rsquo;implosion lundi, critiqu\u00e9 de toutes parts et fragilis\u00e9 de l&rsquo;int\u00e9rieur par la fronde des R\u00e9publicains de Bruno Retailleau.<\/p>\n<p>Le locataire de Matignon est attendu \u00e0 16h ce lundi \u00e0 l&rsquo;\u00c9lys\u00e9e pour un premier Conseil des ministres autour d&rsquo;Emmanuel Macron, accompagn\u00e9 des 18 ministres nomm\u00e9s dimanche soir dans l&rsquo;\u00e9quipe gouvernementale. Suivez ici, tout au long de la journ\u00e9e, les derni\u00e8res informations ainsi que les \u00e9clairages de nos journalistes et experts.<\/p>\n<p data-module=\"article-paragraph\" class=\"jsx-3046738180 Paragraph\">Un gouvernement d\u00e9j\u00e0 au bord de l&rsquo;implosion. Le gouvernement de S\u00e9bastien Lecornu, <a href=\"https:\/\/www.tf1info.fr\/politique\/gouvernement-sebastien-lecornu-composition-bruno-retailleau-maintenu-retour-surprise-de-le-maire-la-liste-des-ministres-nommes-2398721.html\" target=\"_blank\" rel=\"noopener\">d\u00e9voil\u00e9 ce dimanche<\/a>, semble d\u00e9j\u00e0 en sursis face \u00e0 la fronde des opposants mais aussi des R\u00e9publicains. Depuis l&rsquo;\u00c9lys\u00e9e, peu avant 20H00, le secr\u00e9taire g\u00e9n\u00e9ral de la pr\u00e9sidence Emmanuel Moulin a d\u00e9voil\u00e9 <a href=\"https:\/\/www.tf1info.fr\/politique\/nouveau-gouvernement-sebastien-lecornu-gerald-darmanin-bruno-retailleau-jean-noel-barrot-borne-manuel-valls-ces-poids-lourds-qui-ont-ete-reconduits-2398402.html\" target=\"_blank\" rel=\"noopener\">18 noms, la plupart connus, avec la reconduction de 12 ministres de la pr\u00e9c\u00e9dente \u00e9quipe de Fran\u00e7ois Bayrou (nouvelle fen\u00eatre)<\/a>, pourtant renvers\u00e9e il y a moins d&rsquo;un mois par l&rsquo;Assembl\u00e9e nationale.<\/p>\n<p data-module=\"article-paragraph\" class=\"jsx-3046738180 Paragraph Paragraph__End\">Bruno Retailleau \u00e0 l&rsquo;Int\u00e9rieur, G\u00e9rald Darmanin \u00e0 la Justice, Elisabeth Borne \u00e0 l&rsquo;\u00c9ducation nationale, Manuel Valls aux Outre-mer, Catherine Vautrin au Travail et \u00e0 la Sant\u00e9, Annie Genevard \u00e0 l&rsquo;Agriculture, Jean-No\u00ebl Barrot aux Affaires \u00e9trang\u00e8res, Rachida Dati \u00e0 la Culture, Agn\u00e8s Pannier-Runacher \u00e0 la Transition \u00e9cologique&#8230; S\u00e9bastien Lecornu aura donc multipli\u00e9 les consultations pendant plus de trois semaines pour atterrir sur un organigramme similaire \u00e0 celui de son pr\u00e9d\u00e9cesseur. Un premier Conseil des ministres est convoqu\u00e9 lundi \u00e0 16H00 autour d&rsquo;Emmanuel Macron, a annonc\u00e9 l&rsquo;\u00c9lys\u00e9e.<\/p>\n<p><a href=\"https:\/\/www.tf1info.fr\/politique\/nouveau-gouvernement-radeau-de-la-meduse-cortege-de-revenants-les-oppositions-plus-que-jamais-pretes-a-censurer-le-gouvernement-lecornu-2398758.html\" rel=\"noopener\" class=\"jsx-3308031228 Link flex\" target=\"_blank\"><img decoding=\"async\" src=\"https:\/\/www.europesays.com\/fr\/wp-content\/uploads\/2025\/10\/lecornu-sebastien-6280b5-0@1x.jpeg\" alt=\"Le Premier ministre S\u00e9bastien Lecornu \u00e0 Matignon, le 3 octobre 2025\" loading=\"lazy\" importance=\"low\" fetchpriority=\"low\" class=\"\" aria-hidden=\"true\"\/><\/p>\n<p class=\"jsx-3657663356 ReadMoreArticle__Title\">Lire aussi<\/p>\n<p class=\"jsx-3657663356\">\u00ab\u00a0Radeau de la M\u00e9duse\u00a0\u00bb, \u00ab\u00a0cort\u00e8ge de revenants\u00a0\u00bb&#8230; Les oppositions plus que jamais pr\u00eates \u00e0 censurer le gouvernement Lecornu<\/p>\n<p><\/a><\/p>\n<p data-module=\"article-paragraph\" class=\"jsx-3046738180 Paragraph\">S\u00e9bastien Lecornu se sait attendu de pied ferme \u00e0 l&rsquo;Assembl\u00e9e, mardi, par des opposants pr\u00eats \u00e0 censurer ce gouvernement tr\u00e8s minoritaire. La gauche comme le Rassemblement national, qui ne cessent d&rsquo;appeler \u00e0 la \u00ab\u00a0rupture\u00a0\u00bb, ont accueilli fra\u00eechement cette vague de reconductions minist\u00e9rielles. Alors que le Premier ministre n\u00e9gocie en premier lieu avec les socialistes pour s&rsquo;\u00e9viter une censure imm\u00e9diate et tenter de passer ensuite le cap du budget, les premi\u00e8res r\u00e9actions \u00e9taient tr\u00e8s n\u00e9gatives.<\/p>\n<p data-module=\"article-paragraph\" class=\"jsx-3046738180 Paragraph Paragraph__End\">Tandis que le pr\u00e9sident du Rassemblement national Jordan Bardella a renouvel\u00e9 ses menaces de \u00ab\u00a0censure\u00a0\u00bb, la leader du parti d&rsquo;extr\u00eame droite, Marine Le Pen, a raill\u00e9 le retour \u00ab\u00a0path\u00e9tique\u00a0\u00bb de \u00ab\u00a0l&rsquo;homme qui a mis la France en faillite\u00a0\u00bb. Les principales critiques se sont en effet concentr\u00e9es sur la grosse surprise du soir : le nouveau ministre des Arm\u00e9es, <a href=\"https:\/\/www.tf1info.fr\/politique\/gouvernement-lecornu-bruno-le-maire-nomme-ministre-des-armees-un-retour-inattendu-2398727.html\" target=\"_blank\" rel=\"noopener\">Bruno Le Maire (nouvelle fen\u00eatre)<\/a>, ex-locataire de Bercy et mentor politique de S\u00e9bastien Lecornu. Il est aussi une des cibles pr\u00e9f\u00e9r\u00e9es des oppositions qui lui attribuent la responsabilit\u00e9 d&rsquo;une partie du d\u00e9rapage budg\u00e9taire.<\/p>\n<p data-module=\"article-paragraph\" class=\"jsx-3046738180 Paragraph Paragraph__End\">Le parti <a href=\"https:\/\/www.tf1info.fr\/politique\/nouveau-gouvernement-mecontent-du-gouvernement-sebastien-lecornu-bruno-retailleau-convoque-une-reunion-d-urgence-a-lr-lundi-2398757.html\" target=\"_blank\" rel=\"noopener\">Les R\u00e9publicains (nouvelle fen\u00eatre)<\/a>, apr\u00e8s de longues tergiversations, avait opt\u00e9 pour une \u00ab\u00a0participation exigeante\u00a0\u00bb au gouvernement, son chef Bruno Retailleau s&rsquo;est insurg\u00e9 publiquement contre sa composition qui \u00ab\u00a0ne refl\u00e8te pas la rupture promise\u00a0\u00bb. Il a convoqu\u00e9 le comit\u00e9 strat\u00e9gique de LR pour ce lundi matin, jetant le doute sur un retrait d&rsquo;un gouvernement alors mort-n\u00e9.<\/p>\n<p>La r\u00e9daction de TF1info<\/p>\n","protected":false},"excerpt":{"rendered":"Dimanche soir, les Fran\u00e7ais ont d\u00e9couvert le gouvernement Lecornu, un organigramme similaire \u00e0 celui de son pr\u00e9d\u00e9cesseur, apr\u00e8s&hellip;\n","protected":false},"author":2,"featured_media":442188,"comment_status":"","ping_status":"","sticky":false,"template":"","format":"standard","meta":{"footnotes":""},"categories":[2],"tags":[1111,11,56871,1921,11946,1013,1003,51130,1073,1011,27,432,1922,1077,12,11067,56870,133,4530],"class_list":{"0":"post-442187","1":"post","2":"type-post","3":"status-publish","4":"format-standard","5":"has-post-thumbnail","7":"category-actualites","8":"tag-actu","9":"tag-actualites","10":"tag-apres-26-jours-de-consultations","11":"tag-article-video","12":"tag-bruno-le-maire","13":"tag-bruno-retailleau","14":"tag-budget","15":"tag-budget-2026-quelle-nouvelle-feuille-de-route-apres-la-chute-de-bayrou","16":"tag-emmanuel-macron","17":"tag-fr","18":"tag-france","19":"tag-gerald-darmanin","20":"tag-info","21":"tag-jordan-bardella","22":"tag-news","23":"tag-sebastien-lecornu","24":"tag-sebastien-lecornu-a-enfin-un-gouvernement","25":"tag-video","26":"tag-video-politique"},"share_on_mastodon":{"url":"https:\/\/pubeurope.com\/@fr\/115325586239108561","error":""},"_links":{"self":[{"href":"https:\/\/www.europesays.com\/fr\/wp-json\/wp\/v2\/posts\/442187","targetHints":{"allow":["GET"]}}],"collection":[{"href":"https:\/\/www.europesays.com\/fr\/wp-json\/wp\/v2\/posts"}],"about":[{"href":"https:\/\/www.europesays.com\/fr\/wp-json\/wp\/v2\/types\/post"}],"author":[{"embeddable":true,"href":"https:\/\/www.europesays.com\/fr\/wp-json\/wp\/v2\/users\/2"}],"replies":[{"embeddable":true,"href":"https:\/\/www.europesays.com\/fr\/wp-json\/wp\/v2\/comments?post=442187"}],"version-history":[{"count":0,"href":"https:\/\/www.europesays.com\/fr\/wp-json\/wp\/v2\/posts\/442187\/revisions"}],"wp:featuredmedia":[{"embeddable":true,"href":"https:\/\/www.europesays.com\/fr\/wp-json\/wp\/v2\/media\/442188"}],"wp:attachment":[{"href":"https:\/\/www.europesays.com\/fr\/wp-json\/wp\/v2\/media?parent=442187"}],"wp:term":[{"taxonomy":"category","embeddable":true,"href":"https:\/\/www.europesays.com\/fr\/wp-json\/wp\/v2\/categories?post=442187"},{"taxonomy":"post_tag","embeddable":true,"href":"https:\/\/www.europesays.com\/fr\/wp-json\/wp\/v2\/tags?post=442187"}],"curies":[{"name":"wp","href":"https:\/\/api.w.org\/{rel}","templated":true}]}}