{"id":442195,"date":"2025-10-06T05:35:12","date_gmt":"2025-10-06T05:35:12","guid":{"rendered":"https:\/\/www.europesays.com\/fr\/442195\/"},"modified":"2025-10-06T05:35:12","modified_gmt":"2025-10-06T05:35:12","slug":"je-me-suis-fait-des-amis","status":"publish","type":"post","link":"https:\/\/www.europesays.com\/fr\/442195\/","title":{"rendered":"Je me suis fait des amis"},"content":{"rendered":"<p>            Par<br \/>\n        <strong><br \/>\n            <a href=\"https:\/\/actu.fr\/auteur\/pierre-emile-bouchy-actu-fr\" title=\"Consulter tous les articles de Paul-Emile Bouchy\" target=\"_blank\" rel=\"noopener\">Paul-Emile Bouchy<\/a><br \/>\n        <\/strong><\/p>\n<p>        Publi\u00e9 le<\/p>\n<p>            6 oct. 2025 \u00e0 7h02        <\/p>\n<p><strong>Zakarya, 10\u00a0ans<\/strong>, est ce qu\u2019on appelle couramment <strong>\u00ab\u2009un enfant de la lune\u2009\u00bb<\/strong>. Il est atteint de la xeroderma pigmentosum, <strong>une maladie qui l\u2019emp\u00eache d\u2019\u00eatre expos\u00e9 au soleil<\/strong> pour \u00e9viter d\u2019importantes br\u00fblures ou de d\u00e9velopper d\u2019autres pathologies comme un <a href=\"https:\/\/actu.fr\/tag\/cancer\" target=\"_blank\" rel=\"noopener\">cancer<\/a> de la peau.<\/p>\n<p class=\" wall-content\">Mais depuis la <a href=\"https:\/\/actu.fr\/tag\/rentree-scolaire\" target=\"_blank\" rel=\"noopener\">rentr\u00e9e scolaire<\/a>, le jeune gar\u00e7on vit une belle histoire. Gr\u00e2ce \u00e0 un \u00e9lan de g\u00e9n\u00e9rosit\u00e9 et d\u2019importants travaux, il a pu <strong>rentrer en classe de 6e au sein du coll\u00e8ge Saint-L\u00e9on<\/strong> de <a href=\"https:\/\/actu.fr\/grand-est\/nancy_54395\" target=\"_blank\" rel=\"noopener\">Nancy<\/a> (Meurthe-et-Moselle), comme ses camarades.<\/p>\n<p>Une rentr\u00e9e au coll\u00e8ge r\u00e9ussie pour Zakarya<\/p>\n<p class=\" wall-content\">Apr\u00e8s avoir fait sa scolarit\u00e9 \u00e0 l\u2019\u00e9cole Emile-Gebhart, Zakarya trouve ses marques depuis plusieurs semaines dans ce nouvel \u00e9tablissement\u2009: \u00ab\u2009La rentr\u00e9e s\u2019est tr\u00e8s bien pass\u00e9e. <strong>Je me suis fait beaucoup d\u2019amis.<\/strong> J\u2019aime bien tous mes profs.\u2009\u00bb<\/p>\n<p class=\" wall-content\">Une adaptation aussi <strong>facilit\u00e9e par la direction de l\u2019\u00e9tablissement<\/strong>\u2009: \u00ab\u2009Dans sa circulaire de rentr\u00e9e adress\u00e9e \u00e0 tous les parents, le directeur a expliqu\u00e9 la situation de Zakarya. C\u2019\u00e9tait une tr\u00e8s bonne chose\u2009\u00bb, se r\u00e9jouit sa maman Hajar.<\/p>\n<p class=\" wall-content\">S\u2019il reste dans la m\u00eame classe pour ses diff\u00e9rents cours, il doit s\u2019\u00e9quiper pour aller dans la cour de r\u00e9cr\u00e9\u2009: \u00ab<strong>\u2009Je porte un casque et des gants<\/strong> pour que les rayons UV ne passent pas entre mes manches.\u2009\u00bb<\/p>\n<blockquote class=\"tiktok-embed\" cite=\"https:\/\/www.tiktok.com\/@lorraine.actu\/video\/7557046093297634563\" data-video-id=\"7557046093297634563\" data-embed-from=\"oembed\" style=\"max-width:605px; min-width:325px;\"><p>\n<a target=\"_blank\" title=\"@lorraine.actu\" href=\"https:\/\/www.tiktok.com\/@lorraine.actu?refer=embed\" rel=\"noopener\">@lorraine.actu<\/a> <\/p>\n<p>Zakarya, 10\u00a0ans, est ce qu\u2019on appelle couramment \u00ab\u2009un enfant de la lune\u2009\u00bb. Il est atteint de la xeroderma pigmentosum, une maladie qui l\u2019emp\u00eache d\u2019\u00eatre expos\u00e9 au soleil pour \u00e9viter d\u2019importantes br\u00fblures ou de d\u00e9velopper d\u2019autres pathologies comme un cancer de la peau. Mais depuis la rentr\u00e9e scolaire, le jeune gar\u00e7on vit une belle histoire. Gr\u00e2ce \u00e0 un \u00e9lan de g\u00e9n\u00e9rosit\u00e9 et d\u2019importants travaux, il a pu rentrer en classe de 6e au sein du coll\u00e8ge Saint-L\u00e9on de Nancy (Meurthe-et-Moselle), comme ses camarades. Apr\u00e8s avoir fait sa scolarit\u00e9 \u00e0 l\u2019\u00e9cole Emile-Gebhart, Zakarya trouve ses marques depuis plusieurs semaines dans ce nouvel \u00e9tablissement\u2009: \u00ab\u2009La rentr\u00e9e s\u2019est tr\u00e8s bien pass\u00e9e. Je me suis fait beaucoup d\u2019amis. J\u2019aime bien tous mes profs.\u2009\u00bb Une adaptation aussi facilit\u00e9e par la direction de l\u2019\u00e9tablissement\u2009: \u00ab\u2009Dans sa circulaire de rentr\u00e9e adress\u00e9e \u00e0 tous les parents, le directeur a expliqu\u00e9 la situation de Zakarya. C\u2019\u00e9tait une tr\u00e8s bonne chose\u2009\u00bb, se r\u00e9jouit sa maman Hajar. S\u2019il reste dans la m\u00eame classe pour ses diff\u00e9rents cours, il doit s\u2019\u00e9quiper pour aller dans la cour de r\u00e9cr\u00e9\u2009: \u00ab\u2009Je porte un casque et des gants pour que les rayons UV ne passent pas entre\u00a0mes\u00a0manches.\u2009\u00bb Pour pouvoir suivre les cours normalement, aucun rayon UV ne doit p\u00e9n\u00e9trer dans les b\u00e2timents et les salles de classe que fr\u00e9quentent Zakarya. Ainsi, plusieurs travaux ont \u00e9t\u00e9 men\u00e9s dans une grande partie de l\u2019\u00e9tablissement. \u00ab\u2009Sur les fen\u00eatres des salles et des couloirs, des films anti-UV ont \u00e9t\u00e9 install\u00e9s. Les luminaires en n\u00e9on ont \u00e9t\u00e9 \u00e9galement prot\u00e9g\u00e9s. Il n\u2019est pas possible d\u2019ouvrir les fen\u00eatres de la classe quand Zakarya est l\u00e0, il a donc fallu investir dans deux purificateurs d\u2019air\u2009\u00bb, explique Yassir, le p\u00e8re du coll\u00e9gien. Le co\u00fbt de ces am\u00e9nagements est de 26\u2009000 euros. \u00ab\u00a0Cela a \u00e9t\u00e9 possible gr\u00e2ce \u00e0 un bel \u00e9lan de g\u00e9n\u00e9rosit\u00e9. Il s\u2019agit d\u2019un coll\u00e8ge priv\u00e9 donc il n\u2019\u00e9tait pas possible d\u2019avoir une aide du d\u00e9partement. On a lanc\u00e9 une cagnotte qui a permis de r\u00e9colter 14\u2009000 euros\u00a0\u00bb, raconte le papa. Une aide exceptionnelle de l\u2019APEL (Association des parents d\u2019\u00e9l\u00e8ves de l\u2019enseignement libre) de l\u2019acad\u00e9mie et de l\u2019\u00e9tablissement a permis de payer les 16\u2009000\u00a0euros restants. <a title=\"nancy\" target=\"_blank\" href=\"https:\/\/www.tiktok.com\/tag\/nancy?refer=embed\" rel=\"noopener\">#nancy<\/a> <a title=\"lorraine\" target=\"_blank\" href=\"https:\/\/www.tiktok.com\/tag\/lorraine?refer=embed\" rel=\"noopener\">#lorraine<\/a> <a title=\"enfant\" target=\"_blank\" href=\"https:\/\/www.tiktok.com\/tag\/enfant?refer=embed\" rel=\"noopener\">#enfant<\/a> <a title=\"ecole\" target=\"_blank\" href=\"https:\/\/www.tiktok.com\/tag\/ecole?refer=embed\" rel=\"noopener\">#ecole<\/a> <\/p>\n<p> <a target=\"_blank\" title=\"\u266c son original - Lorraine Actu\" href=\"https:\/\/www.tiktok.com\/music\/son-original-7557046091921230614?refer=embed\" rel=\"noopener\">\u266c son original \u2013 Lorraine Actu<\/a> <\/p>\n<\/blockquote>\n<p>Des classes adapt\u00e9es pour pouvoir l\u2019accueillir<\/p>\n<p class=\" wall-content\">Pour pouvoir suivre les cours normalement, <strong>aucun rayon UV ne doit p\u00e9n\u00e9trer dans les b\u00e2timents et les salles de classe<\/strong> que fr\u00e9quentent Zakarya. Ainsi, plusieurs travaux ont \u00e9t\u00e9 men\u00e9s dans une grande partie de l\u2019\u00e9tablissement.<\/p>\n<p>Votre r\u00e9gion, votre actu !<\/p>\n<p>Recevez chaque jour les infos qui comptent pour vous.<\/p>\n<p>\t<a href=\"https:\/\/actu.fr\/newsletter\" class=\"ac-btn ac-btn--corner ac-btn--medium ac-btn--blue800\" target=\"_blank\" rel=\"noopener\">S&rsquo;incrire<\/a><\/p>\n<p class=\" wall-content\">\u00ab\u2009Sur les fen\u00eatres des salles et des couloirs, <strong>des films anti-UV<\/strong> ont \u00e9t\u00e9 install\u00e9s. Les luminaires en n\u00e9on ont \u00e9t\u00e9 \u00e9galement prot\u00e9g\u00e9s. Il n\u2019est pas possible d\u2019ouvrir les fen\u00eatres de la classe quand Zakarya est l\u00e0, il a donc fallu investir dans <strong>deux purificateurs d\u2019air<\/strong>\u2009\u00bb, explique Yassir, le p\u00e8re du coll\u00e9gien.<\/p>\n<p class=\" wall-content\"><a href=\"https:\/\/www.instagram.com\/p\/DOEqY1EDIpB\/embed\" title=\"Ouvrir le lien sur Instagram\" target=\"_blank\" rel=\"noopener\">Visualiser le contenu sur Instagram<\/a><\/p>\n<p>Une cagnotte et une aide exceptionnelle pour \u00e9quiper l\u2019\u00e9tablissement<\/p>\n<p class=\" wall-content\">Le co\u00fbt de ces am\u00e9nagements est de <strong>26\u2009000 euros. <\/strong>\u00ab\u00a0Cela a \u00e9t\u00e9 possible gr\u00e2ce \u00e0 un bel \u00e9lan de g\u00e9n\u00e9rosit\u00e9. Il s\u2019agit d\u2019un coll\u00e8ge priv\u00e9 donc il n\u2019\u00e9tait pas possible d\u2019avoir une aide du d\u00e9partement. On a lanc\u00e9 <strong>une cagnotte qui a permis de r\u00e9colter 14\u2009000 euros\u00a0\u00bb<\/strong>, raconte le papa.<\/p>\n<p class=\" wall-content\"><strong>Une aide exceptionnelle de l\u2019APEL<\/strong> (Association des parents d\u2019\u00e9l\u00e8ves de l\u2019enseignement libre) de l\u2019acad\u00e9mie et de l\u2019\u00e9tablissement a permis de <strong>payer les 16\u2009000\u00a0euros restants<\/strong>.<\/p>\n<p class=\" wall-content\">Personnalisez votre actualit\u00e9 en ajoutant vos villes et m\u00e9dias en favori avec <a href=\"https:\/\/moncompte.actu.fr\" title=\"D\u00e9couvez Mon Actu\" rel=\"nofollow noopener\" data-trk=\"{&quot;cta&quot;:{&quot;action&quot;:&quot;https:\\\/\\\/moncompte.actu.fr&quot;,&quot;category&quot;:&quot;mon compte&quot;,&quot;from&quot;:&quot;article footer&quot;,&quot;name&quot;:&quot;Mon actu&quot;,&quot;type&quot;:&quot;cta&quot;}}\" target=\"_blank\">Mon Actu<\/a>.<\/p>\n<p>                    <script async src=\"\/\/www.instagram.com\/embed.js\"><\/script><script async src=\"\/\/www.tiktok.com\/embed.js\"><\/script><\/p>\n","protected":false},"excerpt":{"rendered":"Par Paul-Emile Bouchy Publi\u00e9 le 6 oct. 2025 \u00e0 7h02 Zakarya, 10\u00a0ans, est ce qu\u2019on appelle couramment \u00ab\u2009un&hellip;\n","protected":false},"author":2,"featured_media":442196,"comment_status":"","ping_status":"","sticky":false,"template":"","format":"standard","meta":{"footnotes":""},"categories":[9635],"tags":[1111,11,1777,674,1011,27,775,226,1702,12,10918,25,104],"class_list":{"0":"post-442195","1":"post","2":"type-post","3":"status-publish","4":"format-standard","5":"has-post-thumbnail","7":"category-nancy","8":"tag-actu","9":"tag-actualites","10":"tag-eu","11":"tag-europe","12":"tag-fr","13":"tag-france","14":"tag-grand-est","15":"tag-maladie","16":"tag-nancy","17":"tag-news","18":"tag-rentree-scolaire","19":"tag-republique-francaise","20":"tag-societe"},"share_on_mastodon":{"url":"https:\/\/pubeurope.com\/@fr\/115325601273546834","error":""},"_links":{"self":[{"href":"https:\/\/www.europesays.com\/fr\/wp-json\/wp\/v2\/posts\/442195","targetHints":{"allow":["GET"]}}],"collection":[{"href":"https:\/\/www.europesays.com\/fr\/wp-json\/wp\/v2\/posts"}],"about":[{"href":"https:\/\/www.europesays.com\/fr\/wp-json\/wp\/v2\/types\/post"}],"author":[{"embeddable":true,"href":"https:\/\/www.europesays.com\/fr\/wp-json\/wp\/v2\/users\/2"}],"replies":[{"embeddable":true,"href":"https:\/\/www.europesays.com\/fr\/wp-json\/wp\/v2\/comments?post=442195"}],"version-history":[{"count":0,"href":"https:\/\/www.europesays.com\/fr\/wp-json\/wp\/v2\/posts\/442195\/revisions"}],"wp:featuredmedia":[{"embeddable":true,"href":"https:\/\/www.europesays.com\/fr\/wp-json\/wp\/v2\/media\/442196"}],"wp:attachment":[{"href":"https:\/\/www.europesays.com\/fr\/wp-json\/wp\/v2\/media?parent=442195"}],"wp:term":[{"taxonomy":"category","embeddable":true,"href":"https:\/\/www.europesays.com\/fr\/wp-json\/wp\/v2\/categories?post=442195"},{"taxonomy":"post_tag","embeddable":true,"href":"https:\/\/www.europesays.com\/fr\/wp-json\/wp\/v2\/tags?post=442195"}],"curies":[{"name":"wp","href":"https:\/\/api.w.org\/{rel}","templated":true}]}}