{"id":442205,"date":"2025-10-06T05:40:24","date_gmt":"2025-10-06T05:40:24","guid":{"rendered":"https:\/\/www.europesays.com\/fr\/442205\/"},"modified":"2025-10-06T05:40:24","modified_gmt":"2025-10-06T05:40:24","slug":"avec-rouen-a-table-lhistoire-repasse-les-plats","status":"publish","type":"post","link":"https:\/\/www.europesays.com\/fr\/442205\/","title":{"rendered":"Avec \u00ab\u00a0Rouen \u00e0 table !\u00a0\u00bb, l&rsquo;histoire repasse les plats"},"content":{"rendered":"<p>Forte du succ\u00e8s de sa 1re\u00a0\u00e9dition l&rsquo;an dernier, l&rsquo;op\u00e9ration \u00ab\u00a0Rouen \u00e0 table !\u00a0\u00bb remet le couvert : m\u00eame principe d&rsquo;une c\u00e9l\u00e9bration de la gastronomie d&rsquo;ici, mais sous une forme augment\u00e9e, avec des propositions \u00e9largies. Comme l&rsquo;app\u00e9tit vient en mangeant, \u00ab\u00a0Rouen \u00e0 table !\u00a0\u00bb s&rsquo;\u00e9tire sur\u00a05 jours (contre 2 en 2024), du mercredi 8 au dimanche 12 octobre 2025.<\/p>\n<p>La Ville, la M\u00e9tropole, Rouen Tourisme, l\u2019association des commer\u00e7ants et artisans Les Vitrines de Rouen ont mis les petits plats dans les grands pour que l&rsquo;\u00e9v\u00e9nement traduise l&rsquo;excellence de la culture et du patrimoine culinaires de notre territoire. Tout en assurant la promotion du bien-manger.<\/p>\n<p>Nouveaut\u00e9, cette version n\u00b02\u00a0s&rsquo;articule autour d&rsquo;un th\u00e8me, en l&rsquo;occurrence le cin\u00e9ma. Au programme, dix concepts pour des rendez-vous qui mettent l&rsquo;eau \u00e0 la bouche.\u00a0<\/p>\n<p><img decoding=\"async\" alt=\"rouen_a_table_-_page_12_c_singuliers_pluriel.jpg\" src=\"https:\/\/www.europesays.com\/fr\/wp-content\/uploads\/2025\/10\/rouen_a_table_-_page_12_c_singuliers_pluriel.jpg\"\/><\/p>\n<ul>\n<li><strong>3 repas exclusifs <\/strong>:\u00a0souper unique en son genre place de la Cath\u00e9drale les\u00a0mercredi 8, jeudi 9 et vendredi 10 octobre au soir avec une s\u00e9rie de 3\u00a0d\u00eeners in\u00e9dits\u00a0autour de menus inspir\u00e9s de sc\u00e8nes cultes du 7e art. Des repas d\u2019exception baptis\u00e9s \u00ab\u00a0Les chefs font leur cin\u00e9ma\u00a0\u00bb\u00a0(100\u20ac par soir, 125\u20ac pour le dernier).<\/li>\n<li><strong>2 s\u00e9ances jeunesse gourmande<\/strong>\u00a0: dimanche 12 octobre, place de la Cath\u00e9drale \u00e0 14h et 16h, le temps fort \u00ab\u00a0Le Studio des petits gourmands\u00a0\u00bb\u00a0convie les familles \u00e0 un atelier toppings et \u00e0 un go\u00fbter plaisir (12\u20ac pour les adultes\u00a0; 9\u20ac pour les enfants).\u00a0En parall\u00e8le, place des Emmur\u00e9es \u00e0 14h, projection gratuite de \u00ab\u00a0Charlie et la chocolaterie\u00a0\u00bb\u00a0sur grand \u00e9cran, go\u00fbter gourmand \u00e0 la cl\u00e9.<\/li>\n<li><strong>2 cours de cuisine<\/strong> : samedi 11 octobre apr\u00e8s-midi, les chefs et apprentis de l\u2019\u00e9cole Fauchon s\u2019\u00e9tablissent dans la majestueuse salle de l\u2019\u00e9tage de la Halle aux Toiles afin de d\u00e9livrer deux cours g\u00e9ants d\u20191h30 et 50\u20ac chacun. D\u2019abord un cours de p\u00e2tisserie, qui a trait au film \u00ab\u00a0Le Chocolat\u00a0\u00bb. Dans la foul\u00e9e, un cours de cuisine \u00e0 partir de \u00ab\u00a0La Soupe aux choux\u00a0\u00bb.<\/li>\n<\/ul>\n<p><img decoding=\"async\" alt=\"cours_fauchon_c_singuliers_pluriel_1_0.jpg\" src=\"https:\/\/www.europesays.com\/fr\/wp-content\/uploads\/2025\/10\/cours_fauchon_c_singuliers_pluriel_1_0.jpg\"\/><\/p>\n<ul>\n<li><strong>1 \u00ab\u00a0<\/strong><strong>Grand petit-d\u00e9jeuner\u00a0\u00bb<\/strong> : samedi 11 octobre d\u00e8s 8h30 place de la Cath\u00e9drale (15\u20ac\u00a0; 10\u20ac pour les &#8211; 12 ans). Des brioches de Beno\u00eet Vatelier au caf\u00e9 d\u2019Anne Caron en passant par le pain au levain de Christophe Cressent, les artisans champions et les producteurs d\u2019\u00e9lite de la r\u00e9gion r\u00e9galent avec leurs tr\u00e9sors gastronomiques. <\/li>\n<li><strong>1 apr\u00e8s-mdi \u00ab\u00a0battles des chefs\u00a0\u00bb<\/strong>\u00a0: une brochette de chefs internationaux des villes cr\u00e9atives Unesco cat\u00e9gorie gastronomie se donne en spectacle samedi 11 octobre de 14h \u00e0 19h30 place de la Cath\u00e9drale (acc\u00e8s gratuit). Les produits \u00e0 travailler ? La coquille Saint-Jacques, le cidre et la poire. D\u00e9gustations et d\u00e9monstrations \u00e0 la cl\u00e9.<\/li>\n<\/ul>\n<p>L&rsquo;appel du ventre samedi 11 et dimanche 12 octobre de 10h \u00e0 19h ! Point d\u2019orgue d\u2019un Rouen \u00e0 table\u00a0! branch\u00e9 cin\u00e9ma, la 26e\u00a0\u00e9dition de la F\u00eate du ventre\u00a0investit les p<strong>laces du Vieux March\u00e9 et de la Pucelle ainsi que les rues Rollon, Guillaume-le-Conqu\u00e9rant, aux Ours, Jeanne d\u2019Arc. <\/strong>Pour la 2e\u00a0fois, c\u2019est l\u2019association Les Vitrines de Rouen qui mitonne le rassemblement. 155 exposants attendus. Acc\u00e8s gratuit.<\/p>\n<p><img decoding=\"async\" alt=\"_i1a1599-cr3c_arnaud_bertereau_0.jpg\" src=\"https:\/\/www.europesays.com\/fr\/wp-content\/uploads\/2025\/10\/_i1a1599-cr3c_arnaud_bertereau_0.jpg\"\/><\/p>\n<p>Informations pratiques2e \u00ab\u00a0Rouen \u00e0 table !\u00a0\u00bb<\/p>\n<p>Du mercredi 8 au dimanche 12 octobre 2025<\/p>\n<p>Place de la Cath\u00e9drale et \u00e0 travers la ville<\/p>\n<p><strong><a href=\"http:\/\/www.visiterouen.com\/actualites\/rouen-a-table\/\" class=\"elf-external elf-icon\" rel=\"nofollow noopener\" target=\"_blank\">Consulter le programme d\u00e9taill\u00e9 de la 2e op\u00e9ration \u00ab\u00a0Rouen \u00e0 table !\u00a0\u00bb et r\u00e9server sa place via la billetterie en ligne de Rouen Tourisme<\/a><\/strong><\/p>\n<p>Cr\u00e9dits photo :\u00a0\u00a9 Singuliers Pluriel\u00a0\u00a9 Arnaud Bertereau<\/p>\n","protected":false},"excerpt":{"rendered":"Forte du succ\u00e8s de sa 1re\u00a0\u00e9dition l&rsquo;an dernier, l&rsquo;op\u00e9ration \u00ab\u00a0Rouen \u00e0 table !\u00a0\u00bb remet le couvert : m\u00eame&hellip;\n","protected":false},"author":2,"featured_media":442206,"comment_status":"","ping_status":"","sticky":false,"template":"","format":"standard","meta":{"footnotes":""},"categories":[9587],"tags":[1111,11,1777,674,1011,27,12,5161,25,9590],"class_list":{"0":"post-442205","1":"post","2":"type-post","3":"status-publish","4":"format-standard","5":"has-post-thumbnail","7":"category-rouen","8":"tag-actu","9":"tag-actualites","10":"tag-eu","11":"tag-europe","12":"tag-fr","13":"tag-france","14":"tag-news","15":"tag-normandie","16":"tag-republique-francaise","17":"tag-rouen"},"share_on_mastodon":{"url":"https:\/\/pubeurope.com\/@fr\/115325621468048252","error":""},"_links":{"self":[{"href":"https:\/\/www.europesays.com\/fr\/wp-json\/wp\/v2\/posts\/442205","targetHints":{"allow":["GET"]}}],"collection":[{"href":"https:\/\/www.europesays.com\/fr\/wp-json\/wp\/v2\/posts"}],"about":[{"href":"https:\/\/www.europesays.com\/fr\/wp-json\/wp\/v2\/types\/post"}],"author":[{"embeddable":true,"href":"https:\/\/www.europesays.com\/fr\/wp-json\/wp\/v2\/users\/2"}],"replies":[{"embeddable":true,"href":"https:\/\/www.europesays.com\/fr\/wp-json\/wp\/v2\/comments?post=442205"}],"version-history":[{"count":0,"href":"https:\/\/www.europesays.com\/fr\/wp-json\/wp\/v2\/posts\/442205\/revisions"}],"wp:featuredmedia":[{"embeddable":true,"href":"https:\/\/www.europesays.com\/fr\/wp-json\/wp\/v2\/media\/442206"}],"wp:attachment":[{"href":"https:\/\/www.europesays.com\/fr\/wp-json\/wp\/v2\/media?parent=442205"}],"wp:term":[{"taxonomy":"category","embeddable":true,"href":"https:\/\/www.europesays.com\/fr\/wp-json\/wp\/v2\/categories?post=442205"},{"taxonomy":"post_tag","embeddable":true,"href":"https:\/\/www.europesays.com\/fr\/wp-json\/wp\/v2\/tags?post=442205"}],"curies":[{"name":"wp","href":"https:\/\/api.w.org\/{rel}","templated":true}]}}