{"id":442207,"date":"2025-10-06T05:41:19","date_gmt":"2025-10-06T05:41:19","guid":{"rendered":"https:\/\/www.europesays.com\/fr\/442207\/"},"modified":"2025-10-06T05:41:19","modified_gmt":"2025-10-06T05:41:19","slug":"la-nutrition-au-coeur-du-4e-festival-naturellement","status":"publish","type":"post","link":"https:\/\/www.europesays.com\/fr\/442207\/","title":{"rendered":"La nutrition au c\u0153ur du 4e festival \u00ab\u00a0Naturellement !\u00a0\u00bb"},"content":{"rendered":"<p>Avec le th\u00e8me \u00ab\u00a0Quelle alimentation pour la sant\u00e9 de demain ?\u00a0\u00bb, on ne s&rsquo;est pas g\u00ean\u00e9 pour croquer dans le\u00a0festival\u00a0\u00ab\u00a0Naturellement\u00a0! Les Rencontres du vivant et de la Terre\u00a0\u00bb en ce premier week-end d&rsquo;octobre \u00e0\u00a0la Halle aux Toiles.<\/p>\n<p>De nouveau, la F\u00e9d\u00e9ration BioG\u00e9e, la Ville et la M\u00e9tropole faisaient cause commune pour mettre en oeuvre \u00ab\u00a0Naturellement\u00a0! Les Rencontres du vivant et de la Terre\u00a0\u00bb : cette 4e \u00e9dition conviait le grand public \u00e0 se pencher sur la composition de nos r\u00e9gimes alimentaires.<\/p>\n<p>Les visiteurs pr\u00e9sents \u00e0 la Halle aux Toiles ont pu \u00e9couter\u00a0gratuitement tous les sp\u00e9cialistes concern\u00e9s par le sujet\u00a0: m\u00e9decins, nutritionnistes, biologistes, \u00e9cologues, agriculteurs, industriels, chefs&#8230; Une large palette\u00a0d&rsquo;intervenants\u00a0mobilis\u00e9s pour faire partager leur regard d&rsquo;expert.<\/p>\n<p>Apr\u00e8s le cin\u00e9-d\u00e9bat du vendredi soir \u00e0 l&rsquo;Omnia autour du documentaire\u00a0\u00ab\u00a0Leurs Champs du coeur\u00a0\u00bb en pr\u00e9sence de son r\u00e9alisateur, la\u00a0Halle aux Toiles a vu s&rsquo;encha\u00eener\u00a0les tables rondes, les mini-conf\u00e9rences et les \u00e9changes avec la salle.<\/p>\n<p>Le programme int\u00e9grait des sorties nature, des excursions et des balades en ville pour les familles le samedi matin, des caf\u00e9s scientifiques le m\u00eame jour en fin d&rsquo;apr\u00e8s-midi, et des ateliers \u00e0 destination des enfants (\u00e0 partir de 5 ans) le dimanche matin.<\/p>\n<p><img decoding=\"async\" alt=\"dsc_7984.jpg\" src=\"https:\/\/www.europesays.com\/fr\/wp-content\/uploads\/2025\/10\/dsc_7984.jpg\"\/><\/p>\n<p><img decoding=\"async\" alt=\"dsc_8016.jpg\" src=\"https:\/\/www.europesays.com\/fr\/wp-content\/uploads\/2025\/10\/dsc_8016.jpg\"\/><\/p>\n","protected":false},"excerpt":{"rendered":"Avec le th\u00e8me \u00ab\u00a0Quelle alimentation pour la sant\u00e9 de demain ?\u00a0\u00bb, on ne s&rsquo;est pas g\u00ean\u00e9 pour croquer&hellip;\n","protected":false},"author":2,"featured_media":442208,"comment_status":"","ping_status":"","sticky":false,"template":"","format":"standard","meta":{"footnotes":""},"categories":[9587],"tags":[1111,11,1777,674,1011,27,12,5161,25,9590],"class_list":{"0":"post-442207","1":"post","2":"type-post","3":"status-publish","4":"format-standard","5":"has-post-thumbnail","7":"category-rouen","8":"tag-actu","9":"tag-actualites","10":"tag-eu","11":"tag-europe","12":"tag-fr","13":"tag-france","14":"tag-news","15":"tag-normandie","16":"tag-republique-francaise","17":"tag-rouen"},"share_on_mastodon":{"url":"https:\/\/pubeurope.com\/@fr\/115325624983860137","error":""},"_links":{"self":[{"href":"https:\/\/www.europesays.com\/fr\/wp-json\/wp\/v2\/posts\/442207","targetHints":{"allow":["GET"]}}],"collection":[{"href":"https:\/\/www.europesays.com\/fr\/wp-json\/wp\/v2\/posts"}],"about":[{"href":"https:\/\/www.europesays.com\/fr\/wp-json\/wp\/v2\/types\/post"}],"author":[{"embeddable":true,"href":"https:\/\/www.europesays.com\/fr\/wp-json\/wp\/v2\/users\/2"}],"replies":[{"embeddable":true,"href":"https:\/\/www.europesays.com\/fr\/wp-json\/wp\/v2\/comments?post=442207"}],"version-history":[{"count":0,"href":"https:\/\/www.europesays.com\/fr\/wp-json\/wp\/v2\/posts\/442207\/revisions"}],"wp:featuredmedia":[{"embeddable":true,"href":"https:\/\/www.europesays.com\/fr\/wp-json\/wp\/v2\/media\/442208"}],"wp:attachment":[{"href":"https:\/\/www.europesays.com\/fr\/wp-json\/wp\/v2\/media?parent=442207"}],"wp:term":[{"taxonomy":"category","embeddable":true,"href":"https:\/\/www.europesays.com\/fr\/wp-json\/wp\/v2\/categories?post=442207"},{"taxonomy":"post_tag","embeddable":true,"href":"https:\/\/www.europesays.com\/fr\/wp-json\/wp\/v2\/tags?post=442207"}],"curies":[{"name":"wp","href":"https:\/\/api.w.org\/{rel}","templated":true}]}}