{"id":442211,"date":"2025-10-06T05:43:11","date_gmt":"2025-10-06T05:43:11","guid":{"rendered":"https:\/\/www.europesays.com\/fr\/442211\/"},"modified":"2025-10-06T05:43:11","modified_gmt":"2025-10-06T05:43:11","slug":"grenoble-de-nombreuses-interrogations-apres-la-decouverte-du-corps-dune-femme-le-long-dune-piste-cyclable","status":"publish","type":"post","link":"https:\/\/www.europesays.com\/fr\/442211\/","title":{"rendered":"Grenoble\u00a0: de nombreuses interrogations apr\u00e8s la d\u00e9couverte du corps d&rsquo;une femme le long d&rsquo;une piste cyclable"},"content":{"rendered":"<p>Le corps d&rsquo;une femme d&rsquo;une trentaine d&rsquo;ann\u00e9es a \u00e9t\u00e9 d\u00e9couvert dimanche 4 octobre en fin de matin\u00e9e \u00e0 Grenoble, rue commandant de Reynies, le long d&rsquo;une piste cyclable. Le corps a \u00e9t\u00e9 retrouv\u00e9 en partie d\u00e9v\u00eatu. Une enqu\u00eate est ouverte en recherche des causes de la mort.<\/p>\n<p>Le corps d&rsquo;une femme a \u00e9t\u00e9 retrouv\u00e9 peu avant 11h \u00e0 Grenoble, rue commandant de Reynies, en bordure d&rsquo;une piste cyclable. En partie dissimul\u00e9 par des buissons, le corps a \u00e9t\u00e9 d\u00e9couvert par un livreur et un passant qui ont alert\u00e9 les pompiers. Selon une source proche du dossier, le pantalon de cette femme \u00e9tait baiss\u00e9 jusqu&rsquo;aux genoux.<\/p>\n<p>La piste criminelle est envisag\u00e9e indique la police de Grenoble, m\u00eame si rien \u00e0 ce stade ne permet d&rsquo;\u00e9carter d&rsquo;autres hypoth\u00e8ses, comme celle d&rsquo;un malaise ou d&rsquo;une crise cardiaque. Une autopsie du corps de cette femme \u00e2g\u00e9e d&rsquo;une trentaine d&rsquo;ann\u00e9es doit \u00eatre pratiqu\u00e9e ce lundi 6 octobre.<\/p>\n<p>La piste criminelle envisag\u00e9e<\/p>\n<p>Les forces de l&rsquo;ordre ont boucl\u00e9 le p\u00e9rim\u00e8tre de la fin de matin\u00e9e jusqu&rsquo;au d\u00e9but d&rsquo;apr\u00e8s-midi, la piste cyclable est rest\u00e9e ferm\u00e9e plusieurs heures, le temps de l&rsquo;intervention de la police scientifique et d&rsquo;un m\u00e9decin l\u00e9giste. Aucune trace visible de violence n&rsquo;a \u00e9t\u00e9 relev\u00e9e sur place.<\/p>\n<p>L&rsquo;identit\u00e9 de cette femme n&rsquo;est \u00e0 ce stade pas formellement \u00e9tablie. Son corps a \u00e9t\u00e9 retrouv\u00e9 \u00e0 quelques dizaines de m\u00e8tres d&rsquo;un tunnel situ\u00e9 sous le boulevard Mar\u00e9chal Foch, pr\u00e8s d&rsquo;un lieu fr\u00e9quent de prostitution selon les forces de l&rsquo;ordre.<\/p>\n","protected":false},"excerpt":{"rendered":"Le corps d&rsquo;une femme d&rsquo;une trentaine d&rsquo;ann\u00e9es a \u00e9t\u00e9 d\u00e9couvert dimanche 4 octobre en fin de matin\u00e9e \u00e0&hellip;\n","protected":false},"author":2,"featured_media":442212,"comment_status":"","ping_status":"","sticky":false,"template":"","format":"standard","meta":{"footnotes":""},"categories":[9566],"tags":[1111,11,2430,1777,674,1011,27,2731,12,25],"class_list":{"0":"post-442211","1":"post","2":"type-post","3":"status-publish","4":"format-standard","5":"has-post-thumbnail","7":"category-grenoble","8":"tag-actu","9":"tag-actualites","10":"tag-auvergne-rhone-alpes","11":"tag-eu","12":"tag-europe","13":"tag-fr","14":"tag-france","15":"tag-grenoble","16":"tag-news","17":"tag-republique-francaise"},"share_on_mastodon":{"url":"https:\/\/pubeurope.com\/@fr\/115325632737072099","error":""},"_links":{"self":[{"href":"https:\/\/www.europesays.com\/fr\/wp-json\/wp\/v2\/posts\/442211","targetHints":{"allow":["GET"]}}],"collection":[{"href":"https:\/\/www.europesays.com\/fr\/wp-json\/wp\/v2\/posts"}],"about":[{"href":"https:\/\/www.europesays.com\/fr\/wp-json\/wp\/v2\/types\/post"}],"author":[{"embeddable":true,"href":"https:\/\/www.europesays.com\/fr\/wp-json\/wp\/v2\/users\/2"}],"replies":[{"embeddable":true,"href":"https:\/\/www.europesays.com\/fr\/wp-json\/wp\/v2\/comments?post=442211"}],"version-history":[{"count":0,"href":"https:\/\/www.europesays.com\/fr\/wp-json\/wp\/v2\/posts\/442211\/revisions"}],"wp:featuredmedia":[{"embeddable":true,"href":"https:\/\/www.europesays.com\/fr\/wp-json\/wp\/v2\/media\/442212"}],"wp:attachment":[{"href":"https:\/\/www.europesays.com\/fr\/wp-json\/wp\/v2\/media?parent=442211"}],"wp:term":[{"taxonomy":"category","embeddable":true,"href":"https:\/\/www.europesays.com\/fr\/wp-json\/wp\/v2\/categories?post=442211"},{"taxonomy":"post_tag","embeddable":true,"href":"https:\/\/www.europesays.com\/fr\/wp-json\/wp\/v2\/tags?post=442211"}],"curies":[{"name":"wp","href":"https:\/\/api.w.org\/{rel}","templated":true}]}}