{"id":442213,"date":"2025-10-06T05:44:14","date_gmt":"2025-10-06T05:44:14","guid":{"rendered":"https:\/\/www.europesays.com\/fr\/442213\/"},"modified":"2025-10-06T05:44:14","modified_gmt":"2025-10-06T05:44:14","slug":"a-rennes-le-festival-haut-parleuses-dedie-au-podcast-revient-pour-une-4e-edition","status":"publish","type":"post","link":"https:\/\/www.europesays.com\/fr\/442213\/","title":{"rendered":"\u00c0 Rennes, le festival Haut-Parleuses, d\u00e9di\u00e9 au podcast, revient pour une 4e \u00e9dition"},"content":{"rendered":"<p>            Par<br \/>\n        <strong><br \/>\n            <a href=\"https:\/\/actu.fr\/auteur\/clemence-pays02-actu-fr\" title=\"Consulter tous les articles de Cl\u00e9mence Pays\" target=\"_blank\" rel=\"noopener\">Cl\u00e9mence Pays<\/a><br \/>\n        <\/strong><\/p>\n<p>        Publi\u00e9 le<\/p>\n<p>            6 oct. 2025 \u00e0 6h32        <\/p>\n<p>Le festival <strong>Haut-Parleuses<\/strong> est de retour \u00e0 Rennes pour une 4\u1d49\u00a0\u00e9dition autour du <a href=\"https:\/\/actu.fr\/tag\/podcast\" target=\"_blank\" rel=\"noopener\">podcast<\/a> et du <a href=\"https:\/\/actu.fr\/tag\/feminisme\" target=\"_blank\" rel=\"noopener\">f\u00e9minisme<\/a>.<\/p>\n<p class=\" wall-content\">Cette \u00e9dition se d\u00e9roulera <strong>samedi 11\u00a0octobre 2025, de 9h30 \u00e0 23h,<\/strong> dans les locaux de MediaSchool, \u00ab\u2009pour une programmation 100\u2009% locale\u2009\u00bb, soulignent les organisatrices.<\/p>\n<p>Ateliers, rencontres, chorale\u2026<\/p>\n<p class=\" wall-content\">Au programme de cette journ\u00e9e, des<strong> ateliers<\/strong> pour \u00ab\u2009oser le micro\u2009\u00bb ou encore b\u00e9n\u00e9ficier de conseils techniques et d\u00e9couvrir les bases du montage. Attention, <strong>les places sont limit\u00e9es<\/strong> et certains ateliers se d\u00e9roulent en non-mixit\u00e9 choisie.<\/p>\n<p class=\" wall-content\"><a href=\"https:\/\/www.instagram.com\/p\/DO_ogglDBz_\/embed\" title=\"Ouvrir le lien sur Instagram\" target=\"_blank\" rel=\"noopener\">Visualiser le contenu sur Instagram<\/a><\/p>\n<p class=\" wall-content\">Une <strong>table ronde<\/strong> avec l\u2019association Front de M\u00e8res est aussi organis\u00e9e, tout comme diverses <strong>animations<\/strong> tout au long de la journ\u00e9e\u2009: salle d\u2019\u00e9coute, bar \u00e0 paillettes, exposition Haut les c\u0153urs, s\u00e9rigraphies sur textiles, autocollants engag\u00e9s.<\/p>\n<p class=\" wall-content\">Des <strong>masterclass<\/strong> sont programm\u00e9es en ligne, en amont du festival. Il est possible d\u2019y assister en direct ou d\u2019acc\u00e9der au replay.<\/p>\n<p><strong>Infos pratiques\u2009:<\/strong><br \/>\nSamedi 11\u00a0octobre 2025, de 9h30 \u00e0 23h, festival Haut Parleuses, \u00e0 Mediaschool, 14, rue de la Chalotais, \u00e0 Rennes. Prix libre et conscient pour les plus de 18\u00a0ans. Gratuit pour les moins de 18\u00a0ans.<br \/>\nMasterclass\u2009: 10\u00a0euros l\u2019unit\u00e9 ou 30\u00a0euros le pack.<br \/>\nInscriptions obligatoires pour les masterclass et les ateliers. <a href=\"https:\/\/www.helloasso.com\/associations\/haut-parleuses\" target=\"_blank\" rel=\"noopener\">Billetterie en ligne<\/a>.<\/p>\n<p class=\" wall-content\">Personnalisez votre actualit\u00e9 en ajoutant vos villes et m\u00e9dias en favori avec <a href=\"https:\/\/moncompte.actu.fr\" title=\"D\u00e9couvez Mon Actu\" rel=\"nofollow noopener\" data-trk=\"{&quot;cta&quot;:{&quot;action&quot;:&quot;https:\\\/\\\/moncompte.actu.fr&quot;,&quot;category&quot;:&quot;mon compte&quot;,&quot;from&quot;:&quot;article footer&quot;,&quot;name&quot;:&quot;Mon actu&quot;,&quot;type&quot;:&quot;cta&quot;}}\" target=\"_blank\">Mon Actu<\/a>.<\/p>\n<p>                    <script async src=\"\/\/www.instagram.com\/embed.js\"><\/script><\/p>\n","protected":false},"excerpt":{"rendered":"Par Cl\u00e9mence Pays Publi\u00e9 le 6 oct. 2025 \u00e0 6h32 Le festival Haut-Parleuses est de retour \u00e0 Rennes&hellip;\n","protected":false},"author":2,"featured_media":442214,"comment_status":"","ping_status":"","sticky":false,"template":"","format":"standard","meta":{"footnotes":""},"categories":[2821],"tags":[1111,11,1063,829,1777,674,6757,849,1011,27,1652,12,3725,584,25],"class_list":{"0":"post-442213","1":"post","2":"type-post","3":"status-publish","4":"format-standard","5":"has-post-thumbnail","7":"category-rennes","8":"tag-actu","9":"tag-actualites","10":"tag-animations","11":"tag-bretagne","12":"tag-eu","13":"tag-europe","14":"tag-feminisme","15":"tag-festival","16":"tag-fr","17":"tag-france","18":"tag-loisirs-culture","19":"tag-news","20":"tag-podcast","21":"tag-rennes","22":"tag-republique-francaise"},"share_on_mastodon":{"url":"https:\/\/pubeurope.com\/@fr\/115325636677334582","error":""},"_links":{"self":[{"href":"https:\/\/www.europesays.com\/fr\/wp-json\/wp\/v2\/posts\/442213","targetHints":{"allow":["GET"]}}],"collection":[{"href":"https:\/\/www.europesays.com\/fr\/wp-json\/wp\/v2\/posts"}],"about":[{"href":"https:\/\/www.europesays.com\/fr\/wp-json\/wp\/v2\/types\/post"}],"author":[{"embeddable":true,"href":"https:\/\/www.europesays.com\/fr\/wp-json\/wp\/v2\/users\/2"}],"replies":[{"embeddable":true,"href":"https:\/\/www.europesays.com\/fr\/wp-json\/wp\/v2\/comments?post=442213"}],"version-history":[{"count":0,"href":"https:\/\/www.europesays.com\/fr\/wp-json\/wp\/v2\/posts\/442213\/revisions"}],"wp:featuredmedia":[{"embeddable":true,"href":"https:\/\/www.europesays.com\/fr\/wp-json\/wp\/v2\/media\/442214"}],"wp:attachment":[{"href":"https:\/\/www.europesays.com\/fr\/wp-json\/wp\/v2\/media?parent=442213"}],"wp:term":[{"taxonomy":"category","embeddable":true,"href":"https:\/\/www.europesays.com\/fr\/wp-json\/wp\/v2\/categories?post=442213"},{"taxonomy":"post_tag","embeddable":true,"href":"https:\/\/www.europesays.com\/fr\/wp-json\/wp\/v2\/tags?post=442213"}],"curies":[{"name":"wp","href":"https:\/\/api.w.org\/{rel}","templated":true}]}}