{"id":442219,"date":"2025-10-06T05:47:12","date_gmt":"2025-10-06T05:47:12","guid":{"rendered":"https:\/\/www.europesays.com\/fr\/442219\/"},"modified":"2025-10-06T05:47:12","modified_gmt":"2025-10-06T05:47:12","slug":"strasbourg-help-un-groupe-de-reprises-des-beatles-presque-plus-vrai-que-nature","status":"publish","type":"post","link":"https:\/\/www.europesays.com\/fr\/442219\/","title":{"rendered":"Strasbourg. Help\u00a0!, un groupe de reprises des Beatles (presque) plus vrai que nature"},"content":{"rendered":"<p>Avec plus de 600 concerts \u00e0 travers l\u2019Europe depuis 2013, Help\u00a0! A Beatles Tribute est l\u2019un des groupes les plus fid\u00e8les aux \u201cquatre gar\u00e7ons dans le vent\u201d de Liverpool.<\/p>\n<p>Leurs interpr\u00e9tations offrent un show inoubliable qui fait revivre les plus grands tubes et classiques comme Can\u2019t buy me love , Yesterday,She loves you , Want to hold your hand , Here comes the sun, Hey Jude \u00a0et bien d\u2019autres. Ce \u201ctribute\u201d se manifeste aussi \u00e0 travers les costumes, la cultissime coupe de cheveux et les instruments port\u00e9s sur sc\u00e8ne.<\/p>\n<p class=\"note\">Bateau du Rhin, 20 rue du Port du Rhin \u00e0 Strasbourg, vendredi 10\u00a0octobre \u00e0 21\u00a0h. Tarifs\u00a0: \u00e0 partir de 32\u00a0\u20ac.<\/p>\n","protected":false},"excerpt":{"rendered":"Avec plus de 600 concerts \u00e0 travers l\u2019Europe depuis 2013, Help\u00a0! A Beatles Tribute est l\u2019un des groupes&hellip;\n","protected":false},"author":2,"featured_media":442220,"comment_status":"","ping_status":"","sticky":false,"template":"","format":"standard","meta":{"footnotes":""},"categories":[2820],"tags":[1111,11,2389,1687,2880,1777,674,107,1011,27,775,873,12,25,640,2879],"class_list":{"0":"post-442219","1":"post","2":"type-post","3":"status-publish","4":"format-standard","5":"has-post-thumbnail","7":"category-strasbourg","8":"tag-actu","9":"tag-actualites","10":"tag-alsace","11":"tag-culture-loisirs","12":"tag-edition-strasbourg","13":"tag-eu","14":"tag-europe","15":"tag-fil-info","16":"tag-fr","17":"tag-france","18":"tag-grand-est","19":"tag-musique","20":"tag-news","21":"tag-republique-francaise","22":"tag-strasbourg","23":"tag-strasbourg-ville"},"share_on_mastodon":{"url":"https:\/\/pubeurope.com\/@fr\/115325648489735065","error":""},"_links":{"self":[{"href":"https:\/\/www.europesays.com\/fr\/wp-json\/wp\/v2\/posts\/442219","targetHints":{"allow":["GET"]}}],"collection":[{"href":"https:\/\/www.europesays.com\/fr\/wp-json\/wp\/v2\/posts"}],"about":[{"href":"https:\/\/www.europesays.com\/fr\/wp-json\/wp\/v2\/types\/post"}],"author":[{"embeddable":true,"href":"https:\/\/www.europesays.com\/fr\/wp-json\/wp\/v2\/users\/2"}],"replies":[{"embeddable":true,"href":"https:\/\/www.europesays.com\/fr\/wp-json\/wp\/v2\/comments?post=442219"}],"version-history":[{"count":0,"href":"https:\/\/www.europesays.com\/fr\/wp-json\/wp\/v2\/posts\/442219\/revisions"}],"wp:featuredmedia":[{"embeddable":true,"href":"https:\/\/www.europesays.com\/fr\/wp-json\/wp\/v2\/media\/442220"}],"wp:attachment":[{"href":"https:\/\/www.europesays.com\/fr\/wp-json\/wp\/v2\/media?parent=442219"}],"wp:term":[{"taxonomy":"category","embeddable":true,"href":"https:\/\/www.europesays.com\/fr\/wp-json\/wp\/v2\/categories?post=442219"},{"taxonomy":"post_tag","embeddable":true,"href":"https:\/\/www.europesays.com\/fr\/wp-json\/wp\/v2\/tags?post=442219"}],"curies":[{"name":"wp","href":"https:\/\/api.w.org\/{rel}","templated":true}]}}