{"id":442225,"date":"2025-10-06T05:50:09","date_gmt":"2025-10-06T05:50:09","guid":{"rendered":"https:\/\/www.europesays.com\/fr\/442225\/"},"modified":"2025-10-06T05:50:09","modified_gmt":"2025-10-06T05:50:09","slug":"de-nouvelles-fermetures-du-peripherique-de-nantes-annoncees","status":"publish","type":"post","link":"https:\/\/www.europesays.com\/fr\/442225\/","title":{"rendered":"de nouvelles fermetures du p\u00e9riph\u00e9rique de Nantes annonc\u00e9es"},"content":{"rendered":"<p>            Par<br \/>\n        <strong><br \/>\n            <a href=\"https:\/\/actu.fr\/auteur\/thomas-bernard\" title=\"Consulter tous les articles de Thomas Bernard\" target=\"_blank\" rel=\"noopener\">Thomas Bernard<\/a><br \/>\n        <\/strong><\/p>\n<p>        Publi\u00e9 le<\/p>\n<p>            6 oct. 2025 \u00e0 7h32        <\/p>\n<p>Les travaux se poursuivent sur l\u2019autoroute A11 entre <a href=\"https:\/\/actu.fr\/pays-de-la-loire\/nantes_44109\/travaux-de-l-autoroute-a11-une-partie-du-peripherique-de-nantes-fermee-a-la-circulation_63187821.html\" target=\"_blank\" rel=\"noopener\">les \u00e9changeurs d\u2019Ancenis et la porte de Gesvres<\/a>, dans les deux sens de circulation. Qui dit travaux, dit fermetures. Les am\u00e9nagements et l\u2019entretien de la chauss\u00e9e <strong>provoquent de nouvelles perturbations sur l\u2019autoroute A11 et des p\u00e9riph\u00e9riques est et nord<\/strong>.<\/p>\n<p class=\" wall-content\">La soci\u00e9t\u00e9 Cofiroute interviendra <strong>les nuits du lundi\u00a06 au jeudi 9\u00a0octobre<\/strong> et <strong>les nuits du lundi\u00a013 au jeudi 16\u00a0octobre 2025<\/strong>, <strong>de 20h30 \u00e0 5h45 le lendemain<\/strong>. La circulation sera perturb\u00e9e dans le secteur. Voici ce qu\u2019il faut retenir.<\/p>\n<p>Les fermetures annonc\u00e9es<\/p>\n<p class=\" wall-content\">Dans un communiqu\u00e9 de presse, Vinci Autoroutes pr\u00e9cise les secteurs concern\u00e9s par ces fermetures sur son r\u00e9seau routier\u2009:<\/p>\n<ul class=\" wall-content\">\n<li><strong>Dans le sens Paris vers Nantes<\/strong>, fermeture de l\u2019autoroute A11 entre l\u2019\u00e9changeur de Vieilleville et la Porte de Rennes\u00a0ainsi que les bretelles\u2009: Carquefou \/ Vannes de l\u2019\u00e9changeur de Vieilleville\u2009; Sud Loire \/ Vannes de l\u2019\u00e9changeur de Vieilleville\u2009; Carquefou \/ Vannes de l\u2019\u00e9changeur de Boisbonne\u2009; Carquefou \/ Vannes de l\u2019\u00e9changeur de Gachet\u2009; La Chapelle-sur-Erdre \/ Vannes de l\u2019\u00e9changeur de la B\u00e9rangerais.<\/li>\n<li><strong>Dans le sens Nantes vers Paris,<\/strong> fermeture de l\u2019autoroute A11 entre la Porte de Rennes et l\u2019\u00e9changeur de Vieilleville ainsi que les bretelles\u2009: La Chapelle \/ Paris de l\u2019\u00e9changeur de la B\u00e9rangerais\u2009; Carquefou \/ Paris de l\u2019\u00e9changeur de Boisbonne.<\/li>\n<\/ul>\n<p class=\" wall-content\">Bison Fut\u00e9, annonce la fermeture du p\u00e9riph\u00e9rique est de Nantes (N844), dans les deux sens de circulation, entre la porte de la Chapelle et la porte de Gesvres, <strong>les nuits du lundi 6\u00a0octobre au vendredi 10\u00a0octobre 2025, de 20h30 \u00e0 5h45<\/strong>.<\/p>\n<p>Des d\u00e9viations mises en place<\/p>\n<p class=\" wall-content\">Face \u00e0 ces fermetures, des d\u00e9viations seront mises en place\u2009:<\/p>\n<ul class=\" wall-content\">\n<li><strong>Depuis l\u2019A11 en provenance de Paris,<\/strong> les usagers sont d\u00e9vi\u00e9s \u00e0 partir de l\u2019\u00e9changeur n\u00b022 Vieilleville, empruntent l\u2019A811 vers la porte d\u2019Anjou, Puis la RD723 vers la porte n\u00b041 de Carquefou, puis la N844 vers la porte de la Chapelle, puis le r\u00e9seau m\u00e9tropolitain et retrouvent leur destination d\u2019origine via la porte de Rennes en direction de Rennes\/Vannes.<\/li>\n<li><strong>Depuis l\u2019A11 en provenance de Rennes\/Vannes,<\/strong> les usagers sont d\u00e9vi\u00e9s \u00e0 partir de l\u2019\u00e9changeur porte de Rennes, empruntent le r\u00e9seau m\u00e9tropolitain vers la porte de la Chapelle, puis la N844 vers la porte de Carquefou, puis la RD723 (route de Paris) puis l\u2019A811 vers l\u2019A11 et retrouvent leur destination d\u2019origine via l\u2019\u00e9changeur de Vieilleville en direction de Paris.<\/li>\n<\/ul>\n<p>Votre r\u00e9gion, votre actu !<\/p>\n<p>Recevez chaque jour les infos qui comptent pour vous.<\/p>\n<p>\t<a href=\"https:\/\/actu.fr\/newsletter\" class=\"ac-btn ac-btn--corner ac-btn--medium ac-btn--blue800\" target=\"_blank\" rel=\"noopener\">S&rsquo;incrire<\/a><\/p>\n<p class=\" wall-content\">Bison Fut\u00e9 et Vinci Autoroutes <strong>invitent les usagers \u00e0 la prudence et \u00e0 la vigilance \u00e0 l\u2019approche des zones de travaux<\/strong>.<\/p>\n<p class=\" wall-content\">Personnalisez votre actualit\u00e9 en ajoutant vos villes et m\u00e9dias en favori avec <a href=\"https:\/\/moncompte.actu.fr\" title=\"D\u00e9couvez Mon Actu\" rel=\"nofollow noopener\" data-trk=\"{&quot;cta&quot;:{&quot;action&quot;:&quot;https:\\\/\\\/moncompte.actu.fr&quot;,&quot;category&quot;:&quot;mon compte&quot;,&quot;from&quot;:&quot;article footer&quot;,&quot;name&quot;:&quot;Mon actu&quot;,&quot;type&quot;:&quot;cta&quot;}}\" target=\"_blank\">Mon Actu<\/a>.<\/p>\n","protected":false},"excerpt":{"rendered":"Par Thomas Bernard Publi\u00e9 le 6 oct. 2025 \u00e0 7h32 Les travaux se poursuivent sur l\u2019autoroute A11 entre&hellip;\n","protected":false},"author":2,"featured_media":26670,"comment_status":"","ping_status":"","sticky":false,"template":"","format":"standard","meta":{"footnotes":""},"categories":[2818],"tags":[1111,11,4012,1777,674,1011,27,766,12,2636,4013,25,104,2086],"class_list":{"0":"post-442225","1":"post","2":"type-post","3":"status-publish","4":"format-standard","5":"has-post-thumbnail","7":"category-nantes","8":"tag-actu","9":"tag-actualites","10":"tag-autoroute-11-a11","11":"tag-eu","12":"tag-europe","13":"tag-fr","14":"tag-france","15":"tag-nantes","16":"tag-news","17":"tag-pays-de-la-loire","18":"tag-peripherique","19":"tag-republique-francaise","20":"tag-societe","21":"tag-travaux"},"share_on_mastodon":{"url":"https:\/\/pubeurope.com\/@fr\/115325660207926710","error":""},"_links":{"self":[{"href":"https:\/\/www.europesays.com\/fr\/wp-json\/wp\/v2\/posts\/442225","targetHints":{"allow":["GET"]}}],"collection":[{"href":"https:\/\/www.europesays.com\/fr\/wp-json\/wp\/v2\/posts"}],"about":[{"href":"https:\/\/www.europesays.com\/fr\/wp-json\/wp\/v2\/types\/post"}],"author":[{"embeddable":true,"href":"https:\/\/www.europesays.com\/fr\/wp-json\/wp\/v2\/users\/2"}],"replies":[{"embeddable":true,"href":"https:\/\/www.europesays.com\/fr\/wp-json\/wp\/v2\/comments?post=442225"}],"version-history":[{"count":0,"href":"https:\/\/www.europesays.com\/fr\/wp-json\/wp\/v2\/posts\/442225\/revisions"}],"wp:featuredmedia":[{"embeddable":true,"href":"https:\/\/www.europesays.com\/fr\/wp-json\/wp\/v2\/media\/26670"}],"wp:attachment":[{"href":"https:\/\/www.europesays.com\/fr\/wp-json\/wp\/v2\/media?parent=442225"}],"wp:term":[{"taxonomy":"category","embeddable":true,"href":"https:\/\/www.europesays.com\/fr\/wp-json\/wp\/v2\/categories?post=442225"},{"taxonomy":"post_tag","embeddable":true,"href":"https:\/\/www.europesays.com\/fr\/wp-json\/wp\/v2\/tags?post=442225"}],"curies":[{"name":"wp","href":"https:\/\/api.w.org\/{rel}","templated":true}]}}