{"id":442230,"date":"2025-10-06T05:55:14","date_gmt":"2025-10-06T05:55:14","guid":{"rendered":"https:\/\/www.europesays.com\/fr\/442230\/"},"modified":"2025-10-06T05:55:14","modified_gmt":"2025-10-06T05:55:14","slug":"plus-de-9-kilometres-de-bouchon-sur-la64-au-sud-de-toulouse-ce-lundi","status":"publish","type":"post","link":"https:\/\/www.europesays.com\/fr\/442230\/","title":{"rendered":"Plus de 9 kilom\u00e8tres de bouchon sur l&rsquo;A64, au Sud de Toulouse, ce lundi"},"content":{"rendered":"<p><strong>Les automobilistes doivent prendre leur mal en patience en ce d\u00e9but de semaine. Bison Fut\u00e9 a signal\u00e9, avant 7h30 ce lundi 6 octobre 2025, plus de 9 kilom\u00e8tres de bouchon sur l\u2019A64, au Sud de Toulouse. La circulation est globalement perturb\u00e9 sur l\u2019ensemble des routes toulousaines. Le Journal Toulousain fait le point sur les conditions de circulation. <\/strong><\/p>\n<p><img fetchpriority=\"high\" decoding=\"async\" width=\"1200\" height=\"799\" src=\"https:\/\/www.europesays.com\/fr\/wp-content\/uploads\/2025\/10\/Depositphotos_52294057_L.jpg\" alt=\"Plus de 9 kilom\u00e8tres de bouchon sur l'A64, au Sud de Toulouse, ce lundi\"  \/><\/p>\n<p>Plus de 9 kilom\u00e8tres de bouchon sur l\u2019A64, au Sud de Toulouse, ce lundi \u00a9Madrabothair \/ Depositphotos<\/p>\n<p><strong>Au Sud de Toulouse : <\/strong>A 7h30 ce lundi 6 octobre 2025, <a href=\"https:\/\/www.bison-fute.gouv.fr\/maintenant.html\" target=\"_blank\" data-type=\"link\" data-id=\"https:\/\/www.bison-fute.gouv.fr\/maintenant.html\" rel=\"noopener nofollow\">Bison Fut\u00e9<\/a> recensait d\u00e9j\u00e0 plus de 9 kilom\u00e8tres de ralentissement sur<a href=\"https:\/\/www.lejournaltoulousain.fr\/occitanie\/haute-garonne\/toulouse\/pres-8-kilometres-bouchon-a64-sud-toulouse-vendredi-338963\/\" data-type=\"link\" data-id=\"https:\/\/www.lejournaltoulousain.fr\/occitanie\/haute-garonne\/toulouse\/pres-8-kilometres-bouchon-a64-sud-toulouse-vendredi-338963\/\" rel=\"nofollow noopener\" target=\"_blank\"> l\u2019A64, dans le sens Bayonne \u2013 Toulouse<\/a>, entre Roques et la Ville rose, \u00e0 cause du r\u00e9tr\u00e9cissement des voies. Du c\u00f4t\u00e9 de l\u2019A620, \u00e0 hauteur de Montaudran, dans le sens int\u00e9rieur de Toulouse sud vers Toulouse nord, pr\u00e8s de 7 kilom\u00e8tres de bouchons ont \u00e9t\u00e9 signal\u00e9s. <\/p>\n<p><strong>A l\u2019Ouest de Toulouse : <\/strong>Attention, Bison Fut\u00e9 signale un accident entre trois v\u00e9hicules l\u00e9gers sur l\u2019A620 sur les voies du milieu, dans le sens ext\u00e9rieur de Toulouse nord vers Toulouse sud, au niveau de Purpan. Comme tous les matins, la circulation est difficile sur la route nationale 124, de Langon vers Toulouse. Un bouchon s\u2019\u00e9tend sur pr\u00e8s de 3 kilom\u00e8tres entre Pibrac et Colomiers. Toutes les voies sont concern\u00e9es. Un peu plus loin, dans le m\u00eame sens de circulation, des embouteillages se forment depuis 7h30 entre Colomiers et Toulouse. Sur l\u2019A624, plus de 2 kilom\u00e8tres de bouchon ont \u00e9t\u00e9 recens\u00e9s. <\/p>\n<p><strong>Au Nord de Toulouse : <\/strong>Le trafic est perturb\u00e9 depuis 7h30 sur l\u2019A62, dans le sens int\u00e9rieur de Bordeaux vers Toulouse, entre Aucamville et Toulouse. La circulation est au ralenti sur pr\u00e8s de 2 kilom\u00e8tres \u00e0 cause du r\u00e9tr\u00e9cissement des voies. Les automobilistes commencent \u00e9galement \u00e0 ralentir sur l\u2019A620, dans le sens ext\u00e9rieur de Toulouse nord vers Toulouse sud. Au niveau du quartier Borderouge, 3 kilom\u00e8tres de ralentissement sont \u00e0 d\u00e9plorer sur l\u2019A62, de Toulouse vers Bordeaux. M\u00eame constat du c\u00f4t\u00e9 de l\u2019A68, dans le sens Albi \u2013 Toulouse, entre Saint-Jean et la Ville rose. <\/p>\n<p><strong>A l\u2019Est de Toulouse : <\/strong>La prudence est de mise \u00e9galement sur l\u2019A61, dans le sens int\u00e9rieur de Toulouse vers Narbonne. La circulation est au ralenti sur 5 kilom\u00e8tres \u00e0 hauteur de Balma. <\/p>\n","protected":false},"excerpt":{"rendered":"Les automobilistes doivent prendre leur mal en patience en ce d\u00e9but de semaine. Bison Fut\u00e9 a signal\u00e9, avant&hellip;\n","protected":false},"author":2,"featured_media":442231,"comment_status":"","ping_status":"","sticky":false,"template":"","format":"standard","meta":{"footnotes":""},"categories":[2816],"tags":[1111,11,56873,56874,1777,674,1011,27,12,2680,56872,25,2312],"class_list":{"0":"post-442230","1":"post","2":"type-post","3":"status-publish","4":"format-standard","5":"has-post-thumbnail","7":"category-toulouse","8":"tag-actu","9":"tag-actualites","10":"tag-au-sud-de-toulouse","11":"tag-ce-lundi","12":"tag-eu","13":"tag-europe","14":"tag-fr","15":"tag-france","16":"tag-news","17":"tag-occitanie","18":"tag-plus-de-9-kilomu00e8tres-de-bouchon-sur-la64","19":"tag-republique-francaise","20":"tag-toulouse"},"share_on_mastodon":{"url":"https:\/\/pubeurope.com\/@fr\/115325680476231995","error":""},"_links":{"self":[{"href":"https:\/\/www.europesays.com\/fr\/wp-json\/wp\/v2\/posts\/442230","targetHints":{"allow":["GET"]}}],"collection":[{"href":"https:\/\/www.europesays.com\/fr\/wp-json\/wp\/v2\/posts"}],"about":[{"href":"https:\/\/www.europesays.com\/fr\/wp-json\/wp\/v2\/types\/post"}],"author":[{"embeddable":true,"href":"https:\/\/www.europesays.com\/fr\/wp-json\/wp\/v2\/users\/2"}],"replies":[{"embeddable":true,"href":"https:\/\/www.europesays.com\/fr\/wp-json\/wp\/v2\/comments?post=442230"}],"version-history":[{"count":0,"href":"https:\/\/www.europesays.com\/fr\/wp-json\/wp\/v2\/posts\/442230\/revisions"}],"wp:featuredmedia":[{"embeddable":true,"href":"https:\/\/www.europesays.com\/fr\/wp-json\/wp\/v2\/media\/442231"}],"wp:attachment":[{"href":"https:\/\/www.europesays.com\/fr\/wp-json\/wp\/v2\/media?parent=442230"}],"wp:term":[{"taxonomy":"category","embeddable":true,"href":"https:\/\/www.europesays.com\/fr\/wp-json\/wp\/v2\/categories?post=442230"},{"taxonomy":"post_tag","embeddable":true,"href":"https:\/\/www.europesays.com\/fr\/wp-json\/wp\/v2\/tags?post=442230"}],"curies":[{"name":"wp","href":"https:\/\/api.w.org\/{rel}","templated":true}]}}