{"id":442232,"date":"2025-10-06T05:56:12","date_gmt":"2025-10-06T05:56:12","guid":{"rendered":"https:\/\/www.europesays.com\/fr\/442232\/"},"modified":"2025-10-06T05:56:12","modified_gmt":"2025-10-06T05:56:12","slug":"toulouse-les-pompiers-prennent-en-charge-une-femme-enceinte-mais-leur-vehicule-est-percute-par-un-motard","status":"publish","type":"post","link":"https:\/\/www.europesays.com\/fr\/442232\/","title":{"rendered":"Toulouse. Les pompiers prennent en charge une femme enceinte, mais leur v\u00e9hicule est percut\u00e9 par un motard"},"content":{"rendered":"<p>            Par<br \/>\n        <strong><br \/>\n            <a href=\"https:\/\/actu.fr\/auteur\/david-saint-sernin\" title=\"Consulter tous les articles de David Saint-Sernin\" rel=\"nofollow noopener\" target=\"_blank\">David Saint-Sernin<\/a><br \/>\n        <\/strong><\/p>\n<p>        Publi\u00e9 le<\/p>\n<p>            6 oct. 2025 \u00e0 7h33        <\/p>\n<p>Lundi 6\u00a0octobre 2025, il \u00e9tait 5h49 quand un v\u00e9hicule des <a href=\"https:\/\/actu.fr\/occitanie\/toulouse_31555\/incendie-dans-une-station-de-metro-du-centre-ville-de-toulouse-ce-qu-il-s-est-passe_63249024.html\" rel=\"nofollow noopener\" target=\"_blank\">pompiers<\/a> a \u00e9t\u00e9<strong> percut\u00e9 par un motard<\/strong>, avenue des \u00c9tats-Unis,<a href=\"https:\/\/actu.fr\/toulouse\/\" rel=\"nofollow noopener\" target=\"_blank\"> \u00e0 Toulouse.<\/a> Les circonstances restent inconnues \u00e0 ce stade.<\/p>\n<p>Le v\u00e9hicule percut\u00e9 avec une femme enceinte \u00e0 l\u2019int\u00e9rieur<\/p>\n<p class=\" wall-content\">Le v\u00e9hicule n\u2019\u00e9tait pas vide au moment de<strong> l\u2019accident.<\/strong> Les sapeurs pompiers \u00e9taient en pleine intervention. Ils venaient en effet de prendre en charge une femme enceinte n\u00e9cessitant un transport vers un centre hospitalier. Ils arrivaient de la commune de Rouffiac-Tolosan. Les pompiers expliquent \u00e0 Actu Toulouse\u2009:<\/p>\n<p class=\" wall-content\">Le v\u00e9hicule a \u00e9t\u00e9 percut\u00e9 \u00e0 l\u2019arri\u00e8re par un motard. Rapidement, les moyens de renfort ont \u00e9t\u00e9 engag\u00e9s afin de prendre en charge le conducteur de la moto, l\u00e9g\u00e8rement bless\u00e9. Aucun sapeur-pompier n\u2019a \u00e9t\u00e9 bless\u00e9 lors de l\u2019accident\u00a0\u00bb.<\/p>\n<p>La femme enceinte conduite vers le centre hospitalier<\/p>\n<p class=\" wall-content\">Les pompiers ne font \u00e9tat d\u2019aucune complication pour la femme enceinte. \u00ab\u2009Apr\u00e8s l\u2019arriv\u00e9e des renforts, l\u2019\u00e9quipe a pu poursuivre la prise en charge de la patiente vers l\u2019\u00e9tablissement de sant\u00e9\u2009\u00bb, confirme le SDIS 31.<\/p>\n<p class=\" wall-content\">Personnalisez votre actualit\u00e9 en ajoutant vos villes et m\u00e9dias en favori avec <a href=\"https:\/\/moncompte.actu.fr\" title=\"D\u00e9couvez Mon Actu\" rel=\"nofollow noopener\" data-trk=\"{&quot;cta&quot;:{&quot;action&quot;:&quot;https:\\\/\\\/moncompte.actu.fr&quot;,&quot;category&quot;:&quot;mon compte&quot;,&quot;from&quot;:&quot;article footer&quot;,&quot;name&quot;:&quot;Mon actu&quot;,&quot;type&quot;:&quot;cta&quot;}}\" target=\"_blank\">Mon Actu<\/a>.<\/p>\n","protected":false},"excerpt":{"rendered":"Par David Saint-Sernin Publi\u00e9 le 6 oct. 2025 \u00e0 7h33 Lundi 6\u00a0octobre 2025, il \u00e9tait 5h49 quand un&hellip;\n","protected":false},"author":2,"featured_media":442233,"comment_status":"","ping_status":"","sticky":false,"template":"","format":"standard","meta":{"footnotes":""},"categories":[2816],"tags":[119,1111,11,1777,674,1011,27,12,2680,1311,25,104,2312],"class_list":{"0":"post-442232","1":"post","2":"type-post","3":"status-publish","4":"format-standard","5":"has-post-thumbnail","7":"category-toulouse","8":"tag-accident","9":"tag-actu","10":"tag-actualites","11":"tag-eu","12":"tag-europe","13":"tag-fr","14":"tag-france","15":"tag-news","16":"tag-occitanie","17":"tag-pompiers","18":"tag-republique-francaise","19":"tag-societe","20":"tag-toulouse"},"share_on_mastodon":{"url":"https:\/\/pubeurope.com\/@fr\/115325683803030916","error":""},"_links":{"self":[{"href":"https:\/\/www.europesays.com\/fr\/wp-json\/wp\/v2\/posts\/442232","targetHints":{"allow":["GET"]}}],"collection":[{"href":"https:\/\/www.europesays.com\/fr\/wp-json\/wp\/v2\/posts"}],"about":[{"href":"https:\/\/www.europesays.com\/fr\/wp-json\/wp\/v2\/types\/post"}],"author":[{"embeddable":true,"href":"https:\/\/www.europesays.com\/fr\/wp-json\/wp\/v2\/users\/2"}],"replies":[{"embeddable":true,"href":"https:\/\/www.europesays.com\/fr\/wp-json\/wp\/v2\/comments?post=442232"}],"version-history":[{"count":0,"href":"https:\/\/www.europesays.com\/fr\/wp-json\/wp\/v2\/posts\/442232\/revisions"}],"wp:featuredmedia":[{"embeddable":true,"href":"https:\/\/www.europesays.com\/fr\/wp-json\/wp\/v2\/media\/442233"}],"wp:attachment":[{"href":"https:\/\/www.europesays.com\/fr\/wp-json\/wp\/v2\/media?parent=442232"}],"wp:term":[{"taxonomy":"category","embeddable":true,"href":"https:\/\/www.europesays.com\/fr\/wp-json\/wp\/v2\/categories?post=442232"},{"taxonomy":"post_tag","embeddable":true,"href":"https:\/\/www.europesays.com\/fr\/wp-json\/wp\/v2\/tags?post=442232"}],"curies":[{"name":"wp","href":"https:\/\/api.w.org\/{rel}","templated":true}]}}