{"id":442236,"date":"2025-10-06T05:59:10","date_gmt":"2025-10-06T05:59:10","guid":{"rendered":"https:\/\/www.europesays.com\/fr\/442236\/"},"modified":"2025-10-06T05:59:10","modified_gmt":"2025-10-06T05:59:10","slug":"mises-en-examen-en-serie-dans-le-cadre-de-laffaire-maria","status":"publish","type":"post","link":"https:\/\/www.europesays.com\/fr\/442236\/","title":{"rendered":"Mises en examen en s\u00e9rie dans le cadre de l\u2019affaire Maria"},"content":{"rendered":"\n<p>Un espoir de justice apr\u00e8s sept ans d\u2019impasses. Jeudi soir, \u00e0 l\u2019issue de leur garde \u00e0 vue, quatre policiers ont \u00e9t\u00e9 mis en examen pour \u00ab\u00a0non-assistance \u00e0 personne en danger\u00a0\u00bb, r\u00e9v\u00e9laient nos confr\u00e8res de La\u00a0Provence ce vendredi. Des mises en examen en s\u00e9rie puisque d\u00e8s le lendemain deux autres fonctionnaires ont suivi le m\u00eame sort, apr\u00e8s avoir \u00e9t\u00e9 rapatri\u00e9s de Mayotte, avec les m\u00eames chefs d\u2019inculpation, ainsi que pour violence aggrav\u00e9e par personne d\u00e9positaire de l\u2019autorit\u00e9 publique sans ITT, comme l\u2019a confirm\u00e9 le parquet \u00e0 nos confr\u00e8res. Ils sont suspect\u00e9s d\u2019\u00eatre impliqu\u00e9s dans le violent passage \u00e0 tabac d\u2019une jeune femme, lors de l\u2019acte IV des gilets jaunes \u00e0 Marseille, le 8\u00a0d\u00e9cembre 2018. Celle-ci avait \u00e9t\u00e9 touch\u00e9e d\u2019un tir de lanceur de balle de d\u00e9fense (LBD), alors qu\u2019elle \u00e9tait sortie plus t\u00f4t qu\u2019\u00e0 l\u2019habitude de son travail et allait chercher \u00e0 manger avec son copain \u00e0 proximit\u00e9 de la rue Saint-Ferr\u00e9ol, avant d\u2019\u00eatre rou\u00e9e de coups de pied et de matraque, entour\u00e9e pour une douzaine de policiers. Elle avait \u00e9t\u00e9 admise aux urgences dans la foul\u00e9e, avec un traumatisme cr\u00e2nien et facial direct et des vomissements, et \u00e9tait rest\u00e9e hospitalis\u00e9e onze jours. Mais par deux fois, une ordonnance de non-lieu avait \u00e9t\u00e9 rendue, faute d\u2019identifier les auteurs des coups.<\/p>\n","protected":false},"excerpt":{"rendered":"Un espoir de justice apr\u00e8s sept ans d\u2019impasses. Jeudi soir, \u00e0 l\u2019issue de leur garde \u00e0 vue, quatre&hellip;\n","protected":false},"author":2,"featured_media":442237,"comment_status":"","ping_status":"","sticky":false,"template":"","format":"standard","meta":{"footnotes":""},"categories":[2814],"tags":[1111,11,885,1777,674,1011,27,884,12,882,25],"class_list":{"0":"post-442236","1":"post","2":"type-post","3":"status-publish","4":"format-standard","5":"has-post-thumbnail","7":"category-marseille","8":"tag-actu","9":"tag-actualites","10":"tag-bouches-du-rhone","11":"tag-eu","12":"tag-europe","13":"tag-fr","14":"tag-france","15":"tag-marseille","16":"tag-news","17":"tag-provence-alpes-cote-dazur","18":"tag-republique-francaise"},"share_on_mastodon":{"url":"https:\/\/pubeurope.com\/@fr\/115325695710144772","error":""},"_links":{"self":[{"href":"https:\/\/www.europesays.com\/fr\/wp-json\/wp\/v2\/posts\/442236","targetHints":{"allow":["GET"]}}],"collection":[{"href":"https:\/\/www.europesays.com\/fr\/wp-json\/wp\/v2\/posts"}],"about":[{"href":"https:\/\/www.europesays.com\/fr\/wp-json\/wp\/v2\/types\/post"}],"author":[{"embeddable":true,"href":"https:\/\/www.europesays.com\/fr\/wp-json\/wp\/v2\/users\/2"}],"replies":[{"embeddable":true,"href":"https:\/\/www.europesays.com\/fr\/wp-json\/wp\/v2\/comments?post=442236"}],"version-history":[{"count":0,"href":"https:\/\/www.europesays.com\/fr\/wp-json\/wp\/v2\/posts\/442236\/revisions"}],"wp:featuredmedia":[{"embeddable":true,"href":"https:\/\/www.europesays.com\/fr\/wp-json\/wp\/v2\/media\/442237"}],"wp:attachment":[{"href":"https:\/\/www.europesays.com\/fr\/wp-json\/wp\/v2\/media?parent=442236"}],"wp:term":[{"taxonomy":"category","embeddable":true,"href":"https:\/\/www.europesays.com\/fr\/wp-json\/wp\/v2\/categories?post=442236"},{"taxonomy":"post_tag","embeddable":true,"href":"https:\/\/www.europesays.com\/fr\/wp-json\/wp\/v2\/tags?post=442236"}],"curies":[{"name":"wp","href":"https:\/\/api.w.org\/{rel}","templated":true}]}}