{"id":442248,"date":"2025-10-06T06:08:10","date_gmt":"2025-10-06T06:08:10","guid":{"rendered":"https:\/\/www.europesays.com\/fr\/442248\/"},"modified":"2025-10-06T06:08:10","modified_gmt":"2025-10-06T06:08:10","slug":"suivez-la-premiere-journee-de-la-nouvelle-equipe-critiquee-de-toutes-parts-et-deja-en-sursis","status":"publish","type":"post","link":"https:\/\/www.europesays.com\/fr\/442248\/","title":{"rendered":"suivez la premi\u00e8re journ\u00e9e de la nouvelle \u00e9quipe, critiqu\u00e9e de toutes parts et d\u00e9j\u00e0 en sursis"},"content":{"rendered":"<p>   La composition du gouvernement et la nomination de Bruno Le Maire a irrit\u00e9 les adh\u00e9rents LR             <\/p>\n<p class=\"post__live-container--answer-text post__space-node\">La critique de la composition du gouvernement par Bruno Retailleau a eu lieu apr\u00e8s que les f\u00e9d\u00e9rations et les adh\u00e9rents Les R\u00e9publicains (LR) eurent exprim\u00e9 leur m\u00e9contentement sur les boucles de discussions internes, a not\u00e9 l\u2019Agence France-Presse, qui a pu consulter certains \u00e9changes.<\/p>\n<p class=\"post__live-container--answer-text post__space-node\">\u00ab\u00a0Vu le casting du nouveau gouvernement, qui n\u2019int\u00e8gre aucun nouveau LR, \u00e7a gueule fort fort sur les boucles internes\u00a0\u00bb, a affirm\u00e9 un cadre du parti d\u00e9\u00e7u par la seule reconduction de Bruno Retailleau, d\u2019Annie Genevard et de Rachida Dati.<\/p>\n<p class=\"post__live-container--answer-text post__space-node\">Si des rumeurs avaient circul\u00e9 pendant la journ\u00e9e quant \u00e0 l\u2019entr\u00e9e \u00e9ventuelle de Fran\u00e7ois-Xavier Bellamy et d\u2019Othman Nasrou, deux proches du pr\u00e9sident du parti, les LR sont loin d\u2019obtenir \u00ab\u00a0le tiers des postes\u00a0\u00bb que Bruno Retailleau avait exig\u00e9.<\/p>\n<p class=\"post__live-container--answer-text post__space-node\">\u00ab\u00a0La boucle des f\u00e9d\u00e9rations LR est tr\u00e8s \u00e9loquente\u00a0: elles sont furieuses, nos militants aussi\u00a0\u00bb, a \u00e9crit une s\u00e9natrice, tandis qu\u2019une autre assurait qu\u2019on \u00ab\u00a0allait prendre cher sur le terrain\u00a0\u00bb, craignant, comme d\u2019autres, que les militants ne comprennent pas pourquoi la droite a choisi d\u2019entrer dans ce gouvernement.<\/p>\n<p class=\"post__live-container--answer-text post__space-node\">Mais c\u2019est surtout la nomination \u00e0 la d\u00e9fense de Bruno Le Maire, l\u2019ancien ministre de l\u2019\u00e9conomie, qui a le plus irrit\u00e9 Les R\u00e9publicains, parti dont il avait claqu\u00e9 la porte en\u00a02017 pour rejoindre la macronie. \u00ab\u00a0Quelle d\u00e9ception et quel m\u00e9pris pour les Fran\u00e7ais en remettant celui qui porte la responsabilit\u00e9 d\u2019une dette abyssale\u00a0\u00bb, a r\u00e9agi une conseill\u00e8re d\u00e9partementale.<\/p>\n","protected":false},"excerpt":{"rendered":"La composition du gouvernement et la nomination de Bruno Le Maire a irrit\u00e9 les adh\u00e9rents LR La critique&hellip;\n","protected":false},"author":2,"featured_media":442249,"comment_status":"","ping_status":"","sticky":false,"template":"","format":"standard","meta":{"footnotes":""},"categories":[1888],"tags":[1111,1928,11,1927,1777,674,1011,27,12,1926,626,1925,25],"class_list":{"0":"post-442248","1":"post","2":"type-post","3":"status-publish","4":"format-standard","5":"has-post-thumbnail","7":"category-paris","8":"tag-actu","9":"tag-actu-paris","10":"tag-actualites","11":"tag-actualites-paris","12":"tag-eu","13":"tag-europe","14":"tag-fr","15":"tag-france","16":"tag-news","17":"tag-news-paris","18":"tag-paris","19":"tag-paris-news","20":"tag-republique-francaise"},"share_on_mastodon":{"url":"https:\/\/pubeurope.com\/@fr\/115325730995611940","error":""},"_links":{"self":[{"href":"https:\/\/www.europesays.com\/fr\/wp-json\/wp\/v2\/posts\/442248","targetHints":{"allow":["GET"]}}],"collection":[{"href":"https:\/\/www.europesays.com\/fr\/wp-json\/wp\/v2\/posts"}],"about":[{"href":"https:\/\/www.europesays.com\/fr\/wp-json\/wp\/v2\/types\/post"}],"author":[{"embeddable":true,"href":"https:\/\/www.europesays.com\/fr\/wp-json\/wp\/v2\/users\/2"}],"replies":[{"embeddable":true,"href":"https:\/\/www.europesays.com\/fr\/wp-json\/wp\/v2\/comments?post=442248"}],"version-history":[{"count":0,"href":"https:\/\/www.europesays.com\/fr\/wp-json\/wp\/v2\/posts\/442248\/revisions"}],"wp:featuredmedia":[{"embeddable":true,"href":"https:\/\/www.europesays.com\/fr\/wp-json\/wp\/v2\/media\/442249"}],"wp:attachment":[{"href":"https:\/\/www.europesays.com\/fr\/wp-json\/wp\/v2\/media?parent=442248"}],"wp:term":[{"taxonomy":"category","embeddable":true,"href":"https:\/\/www.europesays.com\/fr\/wp-json\/wp\/v2\/categories?post=442248"},{"taxonomy":"post_tag","embeddable":true,"href":"https:\/\/www.europesays.com\/fr\/wp-json\/wp\/v2\/tags?post=442248"}],"curies":[{"name":"wp","href":"https:\/\/api.w.org\/{rel}","templated":true}]}}