{"id":442252,"date":"2025-10-06T06:13:20","date_gmt":"2025-10-06T06:13:20","guid":{"rendered":"https:\/\/www.europesays.com\/fr\/442252\/"},"modified":"2025-10-06T06:13:20","modified_gmt":"2025-10-06T06:13:20","slug":"la-halle-eiffel-nouvel-embleme-de-la-rive-droite-darles-un-dessin-delia-mequies-de-lensa-paris-val-de-seine-sous-la-direction-de-marie-helene-badia-et-bruno-tonfoni","status":"publish","type":"post","link":"https:\/\/www.europesays.com\/fr\/442252\/","title":{"rendered":"la halle \u00abEiffel\u00bb nouvel embl\u00e8me de la rive droite d&rsquo;Arles, un dessin d&rsquo;Elia Mequies de l&rsquo;Ensa Paris Val-de-Seine, sous la direction de Marie-H\u00e9l\u00e8ne Badia et Bruno Tonfoni"},"content":{"rendered":"<p>&#13;<br \/>\n\t<strong>Axonom\u00e9tries \u00e0 main lev\u00e9e, collages immersifs, g\u00e9om\u00e9traux hachur\u00e9s&#8230; Qu&rsquo;il soit technique, ultrar\u00e9aliste ou simplement suggestif, qu&rsquo;il repr\u00e9sente l&rsquo;existant ou sa transformation \u00e0 venir, le dessin fait partie du quotidien des architectes. Autant qu&rsquo;il permet de plonger dans la r\u00e9alit\u00e9 fantasm\u00e9e d&rsquo;un projet, ce m\u00e9dium illustre le plaisir de son auteur \u00e0 fabriquer des mondes. La r\u00e9daction d&rsquo;AMC\u00a0propose aux \u00e9tudiants des \u00e9coles d&rsquo;architecture de publier leur production graphique dans la revue et sur www.amc-archi.com. Soumettez vos travaux \u00e0 cette\u00a0<a href=\"http:\/\/selection-realisations@groupemoniteur.fr\" target=\"_blank\" rel=\"noopener\">adresse mail<\/a><a href=\"http:\/\/selection-realisations@groupemoniteur.fr\" style=\"color: rgb(34, 34, 34);\" target=\"_blank\" rel=\"noopener\">,<\/a>\u00a0la r\u00e9daction choisira les meilleurs dessins.<\/strong><\/p>\n<p>&#13;<br \/>\n\tArles s&rsquo;apparente \u00e0 un collage confrontant diff\u00e9rentes p\u00e9riodes de l&rsquo;histoire et diff\u00e9rentes limites. La cit\u00e9 ouvri\u00e8re c\u00f4toie la monumentalit\u00e9 des [&#8230;]<\/p>\n","protected":false},"excerpt":{"rendered":"&#13; Axonom\u00e9tries \u00e0 main lev\u00e9e, collages immersifs, g\u00e9om\u00e9traux hachur\u00e9s&#8230; Qu&rsquo;il soit technique, ultrar\u00e9aliste ou simplement suggestif, qu&rsquo;il repr\u00e9sente&hellip;\n","protected":false},"author":2,"featured_media":442253,"comment_status":"","ping_status":"","sticky":false,"template":"","format":"standard","meta":{"footnotes":""},"categories":[1888],"tags":[41861,11,1777,674,1011,27,12,626,25,18108],"class_list":{"0":"post-442252","1":"post","2":"type-post","3":"status-publish","4":"format-standard","5":"has-post-thumbnail","7":"category-paris","8":"tag-75-paris","9":"tag-actualites","10":"tag-eu","11":"tag-europe","12":"tag-fr","13":"tag-france","14":"tag-news","15":"tag-paris","16":"tag-republique-francaise","17":"tag-u00c9coles"},"share_on_mastodon":{"url":"https:\/\/pubeurope.com\/@fr\/115325750894583164","error":""},"_links":{"self":[{"href":"https:\/\/www.europesays.com\/fr\/wp-json\/wp\/v2\/posts\/442252","targetHints":{"allow":["GET"]}}],"collection":[{"href":"https:\/\/www.europesays.com\/fr\/wp-json\/wp\/v2\/posts"}],"about":[{"href":"https:\/\/www.europesays.com\/fr\/wp-json\/wp\/v2\/types\/post"}],"author":[{"embeddable":true,"href":"https:\/\/www.europesays.com\/fr\/wp-json\/wp\/v2\/users\/2"}],"replies":[{"embeddable":true,"href":"https:\/\/www.europesays.com\/fr\/wp-json\/wp\/v2\/comments?post=442252"}],"version-history":[{"count":0,"href":"https:\/\/www.europesays.com\/fr\/wp-json\/wp\/v2\/posts\/442252\/revisions"}],"wp:featuredmedia":[{"embeddable":true,"href":"https:\/\/www.europesays.com\/fr\/wp-json\/wp\/v2\/media\/442253"}],"wp:attachment":[{"href":"https:\/\/www.europesays.com\/fr\/wp-json\/wp\/v2\/media?parent=442252"}],"wp:term":[{"taxonomy":"category","embeddable":true,"href":"https:\/\/www.europesays.com\/fr\/wp-json\/wp\/v2\/categories?post=442252"},{"taxonomy":"post_tag","embeddable":true,"href":"https:\/\/www.europesays.com\/fr\/wp-json\/wp\/v2\/tags?post=442252"}],"curies":[{"name":"wp","href":"https:\/\/api.w.org\/{rel}","templated":true}]}}