{"id":442258,"date":"2025-10-06T06:16:15","date_gmt":"2025-10-06T06:16:15","guid":{"rendered":"https:\/\/www.europesays.com\/fr\/442258\/"},"modified":"2025-10-06T06:16:15","modified_gmt":"2025-10-06T06:16:15","slug":"grace-a-lia-des-videos-payantes-font-revivre-les-soldats-russes-tombes-au-front","status":"publish","type":"post","link":"https:\/\/www.europesays.com\/fr\/442258\/","title":{"rendered":"Gr\u00e2ce \u00e0 l\u2019IA, des vid\u00e9os payantes font revivre les soldats russes tomb\u00e9s au front"},"content":{"rendered":"<p>Un <a href=\"https:\/\/www.20minutes.fr\/monde\/ukraine\/4166768-20250806-guerre-ukraine-mutilations-corruption-pourquoi-certains-soldats-russes-prets-tout-quitter-front\" target=\"_blank\" class=\"c-link c-link--is-underlined\" rel=\"noopener\">soldat russe<\/a> qui enlace son enfant une derni\u00e8re fois. Un autre qui monte les marches du paradis avant d\u2019adresser un regard tendre \u00e0 sa famille ou de d\u00e9ployer des ailes d\u2019ange\u2026 Gr\u00e2ce \u00e0 <a href=\"https:\/\/www.20minutes.fr\/sante\/4176015-20251002-quand-souci-sante-quart-18-30-ans-consultent-intelligence-artificielle\" target=\"_blank\" class=\"c-link c-link--is-underlined\" rel=\"noopener\">l\u2019intelligence artificielle<\/a>, il est d\u00e9sormais possible, pour les familles de soldats russes morts en Ukraine, de recevoir une vid\u00e9o d\u2019adieu de leur proche pour la modique somme de 15 euros. Des r\u00e9surrections num\u00e9riques qui questionnent sur la commercialisation de l\u2019IA dans le cadre de la <a href=\"https:\/\/www.20minutes.fr\/monde\/ukraine\/4176572-20251002-direct-guerre-ukraine-zelensky-copenhague-dirigeants-europeens\" target=\"_blank\" class=\"c-link c-link--is-underlined\" rel=\"noopener\">guerre en Ukraine<\/a>.<\/p>\n<p>Depuis le d\u00e9but du conflit, l\u2019IA est utilis\u00e9e dans des applications diverses \u00ab\u00a0qui vont de la logistique \u00e0 la maintenance, au renseignement, au ciblage, \u00e0 la surveillance, la reconnaissance, la lutte contre la d\u00e9sinformation\u00a0\u00bb, \u00e9num\u00e9rait Laure de Roucy-Rochegonde, directrice du Centre g\u00e9opolitique des technologies \u00e0 l\u2019Institut fran\u00e7ais des relations internationales (IFRI), dans un entretien accord\u00e9 \u00e0 <a href=\"https:\/\/www.radiofrance.fr\/franceculture\/podcasts\/la-revue-de-presse-internationale\/la-revue-de-presse-internationale-emission-du-samedi-11-janvier-2025-1957380\" target=\"_blank\" class=\"c-link c-link--is-underlined\" rel=\"noopener\">France Culture<\/a> en janvier. Aujourd\u2019hui, l\u2019IA va donc encore plus loin et sert \u00e0 redonner vie aux soldats tomb\u00e9s au front.<\/p>\n<p>Un concept \u00ab\u00a0kitsch\u00a0\u00bb et \u00ab\u00a0malsain\u00a0\u00bb\u00a0?<\/p>\n<p>En r\u00e9alit\u00e9, le concept de \u00ab\u00a0deatbot\u00a0\u00bb (simulation de personnes d\u00e9c\u00e9d\u00e9es) n\u2019est pas nouveau. Depuis plusieurs ann\u00e9es, il est ainsi possible d\u2019entretenir des conversations avec une <a href=\"https:\/\/www.20minutes.fr\/high-tech\/by-the-web\/4174551-20250922-bonne-idee-nommer-ia-poste-ministre\" target=\"_blank\" class=\"c-link c-link--is-underlined\" rel=\"noopener\">intelligence artificielle<\/a> imitant votre s\u0153ur d\u00e9c\u00e9d\u00e9e ou de recevoir des messages vid\u00e9o aux allures robotiques de votre grand-p\u00e8re parti trop t\u00f4t.<\/p>\n<\/p>\n<p>Sur les r\u00e9seaux sociaux fran\u00e7ais, ces vid\u00e9os scintillantes o\u00f9 les soldats sont orn\u00e9s de halos de lumi\u00e8re sont jug\u00e9es \u00ab\u00a0kitsch\u00a0\u00bb, \u00ab\u00a0sordides\u00a0\u00bb ou \u00ab\u00a0malsaines\u00a0\u00bb. Mais elles rencontrent un fort succ\u00e8s en Russie. Ce type de contenu \u00ab\u00a0questionne \u00e9minemment notre rapport \u00e0 la mort et nous pousse \u00e0 repenser le deuil\u00a0\u00bb, estime Louis de Diesbach, \u00e9thicien de la technique et auteur de Bonjour <a href=\"https:\/\/www.20minutes.fr\/high-tech\/4137201-20250209-chatgpt-mistral-midjourney-ia-quoi-faire\" target=\"_blank\" class=\"c-link c-link--is-underlined\" rel=\"noopener\">ChatGPT<\/a>\u00a0: Comment l\u2019intelligence artificielle change notre rapport aux autres. \u00ab\u00a0Ici, on parle de personnes qui sont d\u00e9c\u00e9d\u00e9es dans le cadre d\u2019une guerre, ce qui rend la perte d\u2019autant plus dramatique. On peut supposer que cet aspect que nous consid\u00e9rons comme \u00a0\u00bbkitsch\u00a0\u00bb permet d\u2019apporter une certaine l\u00e9g\u00e8ret\u00e9 \u00e0 la situation.\u00a0\u00bb<\/p>\n<p>La vision \u00ab\u00a0malsaine\u00a0\u00bb du concept d\u00e9pend quant \u00e0 elle de notre point de vue. \u00ab\u00a0Plusieurs \u00e9tudes ont d\u00e9montr\u00e9 que les personnes qui utilisent des chatbots (outils de conversation automatis\u00e9s) sont conscientes de ne pas interagir avec un humain\u00a0\u00bb, rappelle l\u2019expert en \u00e9thique de la technologie.<\/p>\n<p>Capitaliser sur la tristesse<\/p>\n<p>Au sein de l\u2019Union europ\u00e9enne, le <a href=\"https:\/\/www.entreprises.gouv.fr\/decryptages-de-nos-experts\/le-reglement-europeen-sur-lintelligence-artificielle-publics-concernes\" target=\"_blank\" class=\"c-link c-link--is-underlined\" rel=\"noopener\">r\u00e8glement AI Act<\/a> encadre le d\u00e9veloppement, la mise sur le march\u00e9 et l\u2019utilisation des syst\u00e8mes d\u2019IA. Mais dans d\u2019autres r\u00e9gions du monde, sa commercialisation peut s\u2019av\u00e9rer sans limites. \u00ab\u00a0Et face au capitalisme, la morale a souvent peu de poids\u00a0\u00bb, avance Louis de Diesbach.<\/p>\n<p>Dans un article du <a href=\"https:\/\/www.lemonde.fr\/article-offert\/1fa6e5d4bb2c-6639216\/resurrection-numerique-a-la-chaine-pour-des-soldats-russes-morts-en-ukraine\" target=\"_blank\" class=\"c-link c-link--is-underlined\" rel=\"noopener\">Monde<\/a>, la cr\u00e9atrice \u00e0 l\u2019origine de ces vid\u00e9os, Anna Korableva, revient sur la gen\u00e8se du projet. Elle explique avoir \u00e9t\u00e9 contact\u00e9e par une connaissance pour r\u00e9aliser une vid\u00e9o en hommage \u00e0 son fr\u00e8re d\u00e9c\u00e9d\u00e9 en Ukraine. \u00ab\u00a0Je lui ai propos\u00e9 de r\u00e9aliser gratuitement ce clip \u00e0 condition de pouvoir le publier sur ma page vk.com (r\u00e9seau social \u00e9quivalent de Facebook). Quelques semaines plus tard, ce clip avait \u00e9t\u00e9 regard\u00e9 presque un million de fois et j\u2019ai re\u00e7u plus de 500 demandes.\u00a0\u00bb Aujourd\u2019hui, Anna Korableva fait d\u00e9bourser jusqu\u2019\u00e0 100 euros aux familles de soldats pour des messages personnalis\u00e9s.<\/p>\n<p>Le deuil \u00e0 l\u2019\u00e9preuve de la science-fiction<\/p>\n<p>Avec l\u2019essor des deadbot, c\u2019est donc un fantasme <a href=\"https:\/\/www.20minutes.fr\/culture\/science-fiction\/\" target=\"_blank\" class=\"c-link c-link--is-underlined\" rel=\"noopener\">science-fictionnel<\/a> qui prend forme. Dans un \u00e9pisode de la s\u00e9rie Black Mirror, une jeune femme dont le petit ami d\u00e9c\u00e8de d\u00e9couvrait l\u2019existence d\u2019un service qui utilise l\u2019historique Internet des d\u00e9funts pour permettre aux vivants de communiquer avec les morts sous IA. Un sujet d\u00e9j\u00e0 mis en avant dans <a href=\"https:\/\/www.20minutes.fr\/cinema\/1324550-20140319-video-her-merveilleuse-histoire-amour-signee-spike-jonze\" target=\"_blank\" class=\"c-link c-link--is-underlined\" rel=\"noopener\">le film Her<\/a>, o\u00f9 le personnage principal interpr\u00e9t\u00e9 par Joaquin Phoenix, tombe amoureux d\u2019une intelligence artificielle alors qu\u2019il est en d\u00e9pression \u00e0 la suite de son divorce. \u00ab\u00a0Quand le film est sorti en\u00a02013, tout le monde a cri\u00e9 au g\u00e9nie, se souvient Louis de Diesbach. on avait des signes de ce qu\u2019il ne fallait pas faire, mais il nous a fallu seulement dix ans pour le reproduire.\u00a0\u00bb<\/p>\n<p><a href=\"https:\/\/www.20minutes.fr\/dossier\/intelligence_artificielle\" target=\"_blank\" class=\"c-link c-btn c-btn--primary\" rel=\"noopener\">Les derni\u00e8res actualit\u00e9s sur l&rsquo;intelligence artificielle<\/a><\/p>\n<p>\u00ab\u00a0En entretenant une forme d\u2019interaction avec la personne d\u00e9c\u00e9d\u00e9e, on ne fait pas notre deuil\u00a0\u00bb, redit le sp\u00e9cialiste, qui tient \u00e0 pr\u00e9ciser qu\u2019un questionnement \u00e9thique est \u00e9galement \u00e0 relever du c\u00f4t\u00e9 des d\u00e9funts\u00a0: \u00ab\u00a0Ils (les soldats) n\u2019ont jamais donn\u00e9 leur avis pour que leur image soit utilis\u00e9e apr\u00e8s leur mort. Avec les avanc\u00e9es technologiques, on peut imaginer que cette notion d\u2019utilisation posthume par l\u2019IA appara\u00eetra dans nos testaments\u00a0\u00bb, conclut-il.<\/p>\n","protected":false},"excerpt":{"rendered":"Un soldat russe qui enlace son enfant une derni\u00e8re fois. Un autre qui monte les marches du paradis&hellip;\n","protected":false},"author":2,"featured_media":442259,"comment_status":"","ping_status":"","sticky":false,"template":"","format":"standard","meta":{"footnotes":""},"categories":[1590],"tags":[47,11,1777,674,131,3995,12,938,132,104,2049,220],"class_list":{"0":"post-442258","1":"post","2":"type-post","3":"status-publish","4":"format-standard","5":"has-post-thumbnail","7":"category-ukraine","8":"tag-actualite","9":"tag-actualites","10":"tag-eu","11":"tag-europe","12":"tag-guerre-en-ukraine","13":"tag-intelligence-artificielle-ia","14":"tag-news","15":"tag-reseaux-sociaux","16":"tag-russie","17":"tag-societe","18":"tag-soldat","19":"tag-ukraine"},"share_on_mastodon":{"url":"https:\/\/pubeurope.com\/@fr\/115325762560693392","error":""},"_links":{"self":[{"href":"https:\/\/www.europesays.com\/fr\/wp-json\/wp\/v2\/posts\/442258","targetHints":{"allow":["GET"]}}],"collection":[{"href":"https:\/\/www.europesays.com\/fr\/wp-json\/wp\/v2\/posts"}],"about":[{"href":"https:\/\/www.europesays.com\/fr\/wp-json\/wp\/v2\/types\/post"}],"author":[{"embeddable":true,"href":"https:\/\/www.europesays.com\/fr\/wp-json\/wp\/v2\/users\/2"}],"replies":[{"embeddable":true,"href":"https:\/\/www.europesays.com\/fr\/wp-json\/wp\/v2\/comments?post=442258"}],"version-history":[{"count":0,"href":"https:\/\/www.europesays.com\/fr\/wp-json\/wp\/v2\/posts\/442258\/revisions"}],"wp:featuredmedia":[{"embeddable":true,"href":"https:\/\/www.europesays.com\/fr\/wp-json\/wp\/v2\/media\/442259"}],"wp:attachment":[{"href":"https:\/\/www.europesays.com\/fr\/wp-json\/wp\/v2\/media?parent=442258"}],"wp:term":[{"taxonomy":"category","embeddable":true,"href":"https:\/\/www.europesays.com\/fr\/wp-json\/wp\/v2\/categories?post=442258"},{"taxonomy":"post_tag","embeddable":true,"href":"https:\/\/www.europesays.com\/fr\/wp-json\/wp\/v2\/tags?post=442258"}],"curies":[{"name":"wp","href":"https:\/\/api.w.org\/{rel}","templated":true}]}}